{"id":3924,"date":"2020-06-29T19:07:32","date_gmt":"2020-06-30T00:07:32","guid":{"rendered":"http:\/\/derechosinfronteras.pe\/?p=6194"},"modified":"2020-06-29T19:07:32","modified_gmt":"2020-06-30T00:07:32","slug":"organizaciones-sociales-dan-ultimatum-a-empresa-antapaccay-para-que-desembolse-s-50-millones-a-favor-del-bono-en-espinar","status":"publish","type":"post","link":"https:\/\/derechosinfronteras.pe\/ingles\/organizaciones-sociales-dan-ultimatum-a-empresa-antapaccay-para-que-desembolse-s-50-millones-a-favor-del-bono-en-espinar\/","title":{"rendered":"Organizaciones sociales dan ultim\u00e1tum a empresa Antapaccay para que desembolse S\/ 50 millones a favor del bono en Espinar"},"content":{"rendered":"<p>Redacci\u00f3n DHSF<\/p>\n<p>El Comit\u00e9 de Lucha Provincial de Espinar y el Frente \u00danico de Defensa de los Intereses de los distritos de Espinar dieron un plazo de 48 horas que culminar\u00e1 ma\u00f1ana a la empresa Antapaccay para que desembolse S\/ 50 millones a favor del Convenio Marco Espinar y as\u00ed se pueda hacer la entrega de un bono solidario de S\/ 1000 en la provincia.<\/p>\n<p>Este ultim\u00e1tum se hizo a trav\u00e9s de un pronunciamiento, el cual se\u00f1ala que en caso la minera no cumpla en la fecha estipulada, se iniciar\u00e1n acciones sociales contundentes contra la empresa Antapaccay cuyos representantes se niegan a entregar el subsidio econ\u00f3mico.<\/p>\n<p>Tanto el gerente general de la compa\u00f1\u00eda minera, Carlos Cotera Avellaneda, como el gerente de Relaciones Comunitarias, Livio Paliza, han ratificado su postura en contra del proyecto \u201cMejoramiento de servicio de capacidades socioecon\u00f3micas para la reactivaci\u00f3n econ\u00f3mica familiar\u201d, que sustenta t\u00e9cnicamente el bono econ\u00f3mico con un presupuesto total de 50 millones de soles con dinero del Convenio Marco Espinar. Incluso, el ente ejecutor de este proyecto ya fue elegido por votaci\u00f3n y ahora solo falta el desembolso.<\/p>\n<p>Sin embargo, a pesar de los procedimientos leg\u00edtimos en torno al bono por parte de los miembros del Comit\u00e9 de Gesti\u00f3n del Convenio Marco, la minera contin\u00faa difundiendo su contrapropuesta que consiste en un plan denominado \u201cReactiva Espinar\u201d, el cual generar\u00eda 23 mil empleos directos e indirectos en la provincia de Espinar. Adem\u00e1s, Antapaccay est\u00e1 repartiendo paquetes de alimentos a familias vulnerables de Espinar como parte de sus acciones medi\u00e1ticas. No obstante, comunidades campesinas de Pallpata y Antaccollana <a href=\"https:\/\/derechosinfronteras.pe\/ingles\/comunidades-de-pallpata-rechazan-canastas-ofrecidas-por-la-empresa-antapaccay-en-protesta-por-acciones-mediaticas-de-la-minera\/\">han rechazado las canastas de alimentos ofrecidas por Antapaccay<\/a>. En los distritos de Espinar, la posici\u00f3n de las organizaciones sociales y comunidades campesinas es la misma con respecto a no aceptar las canastas de v\u00edveres en protesta contra la minera.<\/p>\n<p>El Comit\u00e9 de Lucha Provincial de Espinar y el Frente \u00danico de Defensa de los Intereses de las bases distritales de Coporaque, Pallpata, Ocoruro, Alto Pichigua, Suykutambo y Condorama consideran que las medidas realizadas por Antapaccay tienen por fin apaciguar y confundir a los ciudadanos que exigen la entrega de un bono de S\/ 1000 en esta coyuntura, por lo cual las organizaciones sociales se declararon en reuni\u00f3n permanente y convocaron a las bases de los siete distritos a mantenerse en alerta. \u201cInvocamos al pueblo de Espinar a mantenerse en unidad, con el objetivo de dar una respuesta contundente a la minera Glencore Antapaccay, que ha venido generando no solo contaminaci\u00f3n ambiental, de la cual existe una cuenta sin saldar\u2026\u201d, se lee en el pronunciamiento.<\/p>\n<p>Finalmente, en el documento, responsabilizan a la empresa Antapaccay de las posibles consecuencias que podr\u00edan generarse por las reacciones de indignaci\u00f3n de la poblaci\u00f3n, la cual ya ha acatado varios cacerolazos en plena emergencia sanitaria, por lo que las organizaciones sociales invocaron a las autoridades nacionales y regionales a interceder para evitar un posible conflicto social en la provincia de Espinar.<\/p>\n<figure id=\"attachment_6195\" aria-describedby=\"caption-attachment-6195\" style=\"width: 732px\" class=\"wp-caption alignnone\"><img fetchpriority=\"high\" decoding=\"async\" class=\"size-full wp-image-6195\" src=\"http:\/\/derechosinfronteras.pe\/wp-content\/uploads\/2020\/06\/105647910_180648850145039_7173509684567477082_o.jpg\" alt=\"\" width=\"732\" height=\"960\" \/><figcaption id=\"caption-attachment-6195\" class=\"wp-caption-text\">Foto: Pronunciamiento<\/figcaption><\/figure>","protected":false},"excerpt":{"rendered":"<p>Redacci\u00f3n DHSF El Comit\u00e9 de Lucha Provincial de Espinar y el Frente \u00danico de Defensa de los Intereses de los distritos de Espinar dieron un plazo de 48 horas que culminar\u00e1 ma\u00f1ana a la empresa Antapaccay para que desembolse S\/ 50 millones a favor del Convenio Marco Espinar y as\u00ed se pueda hacer la entrega [&hellip;]<\/p>\n","protected":false},"author":1,"featured_media":3925,"comment_status":"open","ping_status":"open","sticky":false,"template":"","format":"standard","meta":{"_monsterinsights_skip_tracking":false,"_monsterinsights_sitenote_active":false,"_monsterinsights_sitenote_note":"","_monsterinsights_sitenote_category":0,"_jetpack_memberships_contains_paid_content":false,"footnotes":"","jetpack_publicize_message":"","jetpack_publicize_feature_enabled":true,"jetpack_social_post_already_shared":false,"jetpack_social_options":{"image_generator_settings":{"template":"highway","default_image_id":0,"font":"","enabled":false},"version":2}},"categories":[1],"tags":[],"class_list":["post-3924","post","type-post","status-publish","format-standard","has-post-thumbnail","hentry","category-sin-categoria"],"blocksy_meta":[],"jetpack_publicize_connections":[],"jetpack_featured_media_url":"https:\/\/derechosinfronteras.pe\/wp-content\/uploads\/2020\/06\/NOTA-sesionpermanenten-Espinar.jpg","jetpack_sharing_enabled":true,"jetpack_likes_enabled":true,"_links":{"self":[{"href":"https:\/\/derechosinfronteras.pe\/ingles\/wp-json\/wp\/v2\/posts\/3924","targetHints":{"allow":["GET"]}}],"collection":[{"href":"https:\/\/derechosinfronteras.pe\/ingles\/wp-json\/wp\/v2\/posts"}],"about":[{"href":"https:\/\/derechosinfronteras.pe\/ingles\/wp-json\/wp\/v2\/types\/post"}],"author":[{"embeddable":true,"href":"https:\/\/derechosinfronteras.pe\/ingles\/wp-json\/wp\/v2\/users\/1"}],"replies":[{"embeddable":true,"href":"https:\/\/derechosinfronteras.pe\/ingles\/wp-json\/wp\/v2\/comments?post=3924"}],"version-history":[{"count":0,"href":"https:\/\/derechosinfronteras.pe\/ingles\/wp-json\/wp\/v2\/posts\/3924\/revisions"}],"wp:featuredmedia":[{"embeddable":true,"href":"https:\/\/derechosinfronteras.pe\/ingles\/wp-json\/wp\/v2\/media\/3925"}],"wp:attachment":[{"href":"https:\/\/derechosinfronteras.pe\/ingles\/wp-json\/wp\/v2\/media?parent=3924"}],"wp:term":[{"taxonomy":"category","embeddable":true,"href":"https:\/\/derechosinfronteras.pe\/ingles\/wp-json\/wp\/v2\/categories?post=3924"},{"taxonomy":"post_tag","embeddable":true,"href":"https:\/\/derechosinfronteras.pe\/ingles\/wp-json\/wp\/v2\/tags?post=3924"}],"curies":[{"name":"wp","href":"https:\/\/api.w.org\/{rel}","templated":true}]}}