{"id":3927,"date":"2020-06-26T13:58:35","date_gmt":"2020-06-26T18:58:35","guid":{"rendered":"http:\/\/derechosinfronteras.pe\/?p=6157"},"modified":"2020-06-26T13:58:35","modified_gmt":"2020-06-26T18:58:35","slug":"comunidades-de-pallpata-rechazan-canastas-ofrecidas-por-la-empresa-antapaccay-en-protesta-por-acciones-mediaticas-de-la-minera","status":"publish","type":"post","link":"https:\/\/derechosinfronteras.pe\/ingles\/comunidades-de-pallpata-rechazan-canastas-ofrecidas-por-la-empresa-antapaccay-en-protesta-por-acciones-mediaticas-de-la-minera\/","title":{"rendered":"Comunidades de Pallpata rechazan canastas ofrecidas por la empresa Antapaccay en protesta a las acciones medi\u00e1ticas de la minera"},"content":{"rendered":"<p>Redacci\u00f3n DHSF<\/p>\n<p>Las comunidades campesinas del distrito de Pallpata rechazaron las canastas de v\u00edveres ofrecidas por la empresa Antapaccay en protesta a las acciones medi\u00e1ticas realizadas por esta minera para ratificar su postura en contra de la entrega de un bono solidario de S\/ 1000 en la provincia de Espinar, a pesar de los acuerdos del Comit\u00e9 de Gesti\u00f3n del Convenio Marco Espinar.<\/p>\n<p>A esta decisi\u00f3n llegaron estas comunidades originarias tras una reuni\u00f3n entre los presidentes comunales, Frente de Defensa por los Intereses de Pallpata, Federaci\u00f3n Distrital Campesina de Pallpata, Comit\u00e9 de Lucha Distrital de Pallpata, Comit\u00e9 de Lucha Provincial de Espinar y una regidora. Sin embargo, al mismo tiempo en que se sosten\u00eda la sesi\u00f3n, un grupo de empleados de la minera entregaba los donativos de alimentos en diferentes zonas, pese a que la comunidad le anticip\u00f3 que primero iba a tomar acuerdos para determinar si aceptaba o no las canastas.<\/p>\n<p>El presidente del Comit\u00e9 de Lucha Distrital de Pallpata, Fredy Llaique, consider\u00f3 el accionar de la minera como una imposici\u00f3n y a la vez una estrategia para tratar de distraer a la poblaci\u00f3n con las donaciones y as\u00ed no se concrete el subsidio econ\u00f3mico. Adem\u00e1s, critic\u00f3 que Antapaccay no haya coordinado previamente con los presidentes de las comunidades para ingresar a los territorios ni haya informado sobre el tipo de productos que contienen las canastas, el registro sanitario de los mismos y los protocolos de seguridad seguidos por la minera para prevenir el COVID-19 en las zonas de entrega. Estas tambi\u00e9n fueron las razones para rechazar las canastas de v\u00edveres.<\/p>\n<p>\u201cNosotros dijimos a la minera que no ha tenido coordinaci\u00f3n (previa) con los presidentes comunales y ellos (los empleados de la mina presentes en la reuni\u00f3n) dijeron que el alcalde Alfonso Villagra sab\u00eda hace d\u00edas, por eso dijimos que no repartan las canastas y las dejen en el almac\u00e9n de la municipalidad y justo (en ese momento) nos llamaron de dos comunidades para decirnos que estaba repartiendo (la minera) las canastas, o sea estaban imponiendo\u201d, declar\u00f3 el dirigente.<\/p>\n<p>Seg\u00fan Fredy Llaique, la empresa Antapaccay reparti\u00f3 el donativo en tres comunidades campesinas de acuerdo a informaci\u00f3n de los comuneros; sin embargo, la mayor\u00eda de las personas lo rechazaron. En los distintos distritos de Espinar, la posici\u00f3n de las organizaciones sociales y comunidades campesinas es la misma con respecto a no aceptar las canastas de v\u00edveres. \u00a0\u201cLos distritos de Pichigua, Alto Pichigua no est\u00e1n de acuerdo con (recibir) las canastas y Coporaque ha acordado en una asamblea de emergencia que no van aceptar las canastas\u201d, inform\u00f3 Llaique, quien a la vez es el vicepresidente del Comit\u00e9 de Lucha Provincial de Espinar.<\/p>\n<p><strong>PRONUNCIAMIENTOS Y MEMORIAL<\/strong><\/p>\n<p>Mientras la empresa Anpataccay contin\u00faan con la repartici\u00f3n de canastas, seg\u00fan lo viene difundiendo en las redes sociales, el Frente \u00danico de Defensa de los Intereses del Distrito de Coporaque y la Asociaci\u00f3n Cultural Pro Vivienda Residentes Pichiguanos emitieron un memorial y un pronunciamiento, respectivamente, tras la reiterada negativa de la minera frente al proyecto \u201cMejoramiento de servicio de capacidades socioecon\u00f3micas para la reactivaci\u00f3n econ\u00f3mica familiar\u201d, el cual sustenta t\u00e9cnicamente el bono de S\/ 1000 con un presupuesto total de 50 millones de soles con dinero del Convenio Marco Espinar.<\/p>\n<p>Por un lado, el Frente \u00danico de Defensa de los Intereses del Distrito de Coporaque le dio un plazo de 5 d\u00edas a la minera Antapaccay para que haga efectivo el desembolso de 50 millones de soles. De no cumplirse en la fecha establecida, anunciaron una huelga indefinida. As\u00ed lo indica el memorial dirigido al gerente general de la compa\u00f1\u00eda minera Antapaccay, Carlos Cotera Avellaneda, y al presidente del Comit\u00e9 de Gesti\u00f3n del Convenio Marco Espinar, Lolo Arenas Armendariz. Este \u00faltimo ha cuestionado en diversas oportunidades a Cotera por no participar de formar presencial a las reuniones del comit\u00e9 y por iniciar la minera una campa\u00f1a medi\u00e1tica para difundir su contrapropuesta al bono econ\u00f3mico que consiste en un plan denominado \u201cReactiva Espinar\u201d, el cual generar\u00eda 23 mil puestos de trabajo directos e indirectos en la provincia.<\/p>\n<p>Por su parte, la Asociaci\u00f3n Cultural Pro Vivienda Residentes Pichiguanos exigi\u00f3 la reactivaci\u00f3n de la mesa de trabajo para la reformulaci\u00f3n del Convenio Marco Espinar debido a que los acuerdos a los que se llega, no se cumplen. \u201cEse convenio es casi una letra muerta donde los acuerdos no se cumplen, como el 70 % de trabajadores en la mina deben ser de Espinar, el desarrollo de capacidades para los j\u00f3venes y madres, apoyos a emprendimientos a microempresas locales y otros, los cuales no se cumplen\u201d, se lee en el pronunciamiento. Tambi\u00e9n esta asociaci\u00f3n expres\u00f3 estar en contra del Proyecto Minero Antapaccay Expansi\u00f3n Tintaya Integraci\u00f3n Coroccohuayco.<\/p>\n<p>En tanto, la Asociaci\u00f3n de Vigilantes y Monitores Ambientales de Espinar difundi\u00f3 tambi\u00e9n un pronunciamiento respaldando la aprobaci\u00f3n del subsidio ya que considera que el apoyo monetario permitir\u00e1 reactivar la econom\u00eda en la provincia de Espinar. En el documento califica las acciones de la empresa Antapaccay contra el bono como antidemocr\u00e1ticas, puesto que la entrega de la ayuda econ\u00f3mica parti\u00f3 de una propuesta que finalmente se aprob\u00f3 leg\u00edtimamente por el Comit\u00e9 de Gesti\u00f3n del Convenio Marco Espinar.<\/p>\n<p>Del mismo modo, las comunidades originarias del distrito de Pichigua acusaron a la minera de actuar de acuerdo a sus propios intereses y de crear divisionismo dentro de la provincia para retrasar la entrega del bono solidario. \u00abExigimos la entrega oportuna e inmediata del bono de S\/ 1000 que finalmente es dinero que corresponde a la provincia de Espinar, adem\u00e1s este recurso se necesita a la brevedad posible para aliviar las necesidades de las familias y cada habitante en estos d\u00edas de crisis en que nos encontramos&#8230;\u00bb, se\u00f1ala el pronunciamiento.<\/p>\n<p><img fetchpriority=\"high\" decoding=\"async\" class=\"alignnone size-full wp-image-6160\" src=\"http:\/\/derechosinfronteras.pe\/wp-content\/uploads\/2020\/06\/WhatsApp-Image-2020-06-26-at-7.59.52-AM.jpeg\" alt=\"\" width=\"720\" height=\"934\" \/><\/p>\n<figure id=\"attachment_6159\" aria-describedby=\"caption-attachment-6159\" style=\"width: 726px\" class=\"wp-caption alignnone\"><img decoding=\"async\" class=\"size-full wp-image-6159\" src=\"http:\/\/derechosinfronteras.pe\/wp-content\/uploads\/2020\/06\/WhatsApp-Image-2020-06-26-at-7.59.53-AM.jpeg\" alt=\"\" width=\"726\" height=\"960\" \/><figcaption id=\"caption-attachment-6159\" class=\"wp-caption-text\">Foto: Memorial del Frente \u00danico de Defensa de los Intereses del Distrito de Coporaque.<\/figcaption><\/figure>\n<figure id=\"attachment_6161\" aria-describedby=\"caption-attachment-6161\" style=\"width: 720px\" class=\"wp-caption alignnone\"><img decoding=\"async\" class=\"size-full wp-image-6161\" src=\"http:\/\/derechosinfronteras.pe\/wp-content\/uploads\/2020\/06\/WhatsApp-Image-2020-06-26-at-10.35.49-AM.jpeg\" alt=\"\" width=\"720\" height=\"931\" \/><figcaption id=\"caption-attachment-6161\" class=\"wp-caption-text\">Foto: Pronunciamiento de la Asociaci\u00f3n Cultural Pro Vivienda Residentes Pichiguanos.<\/figcaption><\/figure>\n<figure id=\"attachment_6184\" aria-describedby=\"caption-attachment-6184\" style=\"width: 665px\" class=\"wp-caption alignnone\"><img loading=\"lazy\" decoding=\"async\" class=\"size-large wp-image-6184\" src=\"http:\/\/derechosinfronteras.pe\/wp-content\/uploads\/2020\/06\/WhatsApp-Image-2020-06-26-at-10.04.31-AM-665x1024.jpeg\" alt=\"\" width=\"665\" height=\"1024\" \/><figcaption id=\"caption-attachment-6184\" class=\"wp-caption-text\">Foto: Pronunciamiento de la Asociaci\u00f3n de Vigilantes y Monitores Ambientales de Espinar.<\/figcaption><\/figure>\n<figure id=\"attachment_6185\" aria-describedby=\"caption-attachment-6185\" style=\"width: 720px\" class=\"wp-caption alignnone\"><img loading=\"lazy\" decoding=\"async\" class=\"size-full wp-image-6185\" src=\"http:\/\/derechosinfronteras.pe\/wp-content\/uploads\/2020\/06\/WhatsApp-Image-2020-06-26-at-10.35.48-AM.jpeg\" alt=\"\" width=\"720\" height=\"960\" \/><figcaption id=\"caption-attachment-6185\" class=\"wp-caption-text\">Foto: Pronunciamiento de las comunidades originarias del distrito de Pichigua.<\/figcaption><\/figure>","protected":false},"excerpt":{"rendered":"<p>Redacci\u00f3n DHSF Las comunidades campesinas del distrito de Pallpata rechazaron las canastas de v\u00edveres ofrecidas por la empresa Antapaccay en protesta a las acciones medi\u00e1ticas realizadas por esta minera para ratificar su postura en contra de la entrega de un bono solidario de S\/ 1000 en la provincia de Espinar, a pesar de los acuerdos [&hellip;]<\/p>\n","protected":false},"author":1,"featured_media":3928,"comment_status":"open","ping_status":"open","sticky":false,"template":"","format":"standard","meta":{"_monsterinsights_skip_tracking":false,"_monsterinsights_sitenote_active":false,"_monsterinsights_sitenote_note":"","_monsterinsights_sitenote_category":0,"_jetpack_memberships_contains_paid_content":false,"footnotes":"","jetpack_publicize_message":"","jetpack_publicize_feature_enabled":true,"jetpack_social_post_already_shared":false,"jetpack_social_options":{"image_generator_settings":{"template":"highway","default_image_id":0,"font":"","enabled":false},"version":2}},"categories":[1],"tags":[],"class_list":["post-3927","post","type-post","status-publish","format-standard","has-post-thumbnail","hentry","category-sin-categoria"],"blocksy_meta":[],"jetpack_publicize_connections":[],"jetpack_featured_media_url":"https:\/\/derechosinfronteras.pe\/wp-content\/uploads\/2020\/06\/NOTA-antapaccay-26-06-2020.jpg","jetpack_sharing_enabled":true,"jetpack_likes_enabled":true,"_links":{"self":[{"href":"https:\/\/derechosinfronteras.pe\/ingles\/wp-json\/wp\/v2\/posts\/3927","targetHints":{"allow":["GET"]}}],"collection":[{"href":"https:\/\/derechosinfronteras.pe\/ingles\/wp-json\/wp\/v2\/posts"}],"about":[{"href":"https:\/\/derechosinfronteras.pe\/ingles\/wp-json\/wp\/v2\/types\/post"}],"author":[{"embeddable":true,"href":"https:\/\/derechosinfronteras.pe\/ingles\/wp-json\/wp\/v2\/users\/1"}],"replies":[{"embeddable":true,"href":"https:\/\/derechosinfronteras.pe\/ingles\/wp-json\/wp\/v2\/comments?post=3927"}],"version-history":[{"count":0,"href":"https:\/\/derechosinfronteras.pe\/ingles\/wp-json\/wp\/v2\/posts\/3927\/revisions"}],"wp:featuredmedia":[{"embeddable":true,"href":"https:\/\/derechosinfronteras.pe\/ingles\/wp-json\/wp\/v2\/media\/3928"}],"wp:attachment":[{"href":"https:\/\/derechosinfronteras.pe\/ingles\/wp-json\/wp\/v2\/media?parent=3927"}],"wp:term":[{"taxonomy":"category","embeddable":true,"href":"https:\/\/derechosinfronteras.pe\/ingles\/wp-json\/wp\/v2\/categories?post=3927"},{"taxonomy":"post_tag","embeddable":true,"href":"https:\/\/derechosinfronteras.pe\/ingles\/wp-json\/wp\/v2\/tags?post=3927"}],"curies":[{"name":"wp","href":"https:\/\/api.w.org\/{rel}","templated":true}]}}