{"id":3939,"date":"2020-06-22T16:43:55","date_gmt":"2020-06-22T21:43:55","guid":{"rendered":"http:\/\/derechosinfronteras.pe\/?p=6133"},"modified":"2020-06-22T16:43:55","modified_gmt":"2020-06-22T21:43:55","slug":"exigen-presencia-de-autoridades-tras-enfrentamiento-territorial-que-dejo-dos-muertos-en-quinota","status":"publish","type":"post","link":"https:\/\/derechosinfronteras.pe\/ingles\/exigen-presencia-de-autoridades-tras-enfrentamiento-territorial-que-dejo-dos-muertos-en-quinota\/","title":{"rendered":"Exigen soluci\u00f3n a conflicto territorial tras enfrentamiento que dej\u00f3 dos muertos en la comunidad Hatta Pallpa Pallpa"},"content":{"rendered":"<p>Redacci\u00f3n DHSF<\/p>\n<p>Autoridades pol\u00edticas, judiciales, sociales y eclesi\u00e1sticas del distrito de Qui\u00f1ota, provincia de Chumbivilcas, exigieron a los representantes del Ministerio P\u00fablico y Poder Judicial resolver la disputa territorial en la comunidad de Hatta Pallpa Pallpa, tras originarse un nuevo enfrentamiento y la posterior muerte de dos personas producto de una balacera, el jueves \u00faltimo.<\/p>\n<p>A trav\u00e9s de un pronunciamiento, firmado por autoridades y dirigentes locales, indican que la pugna territorial fue protagonizada por comuneros e integrantes de la familia Escobar en el lugar denominado Acco Punco. Este problema de tierras lleva m\u00e1s de 6 a\u00f1os sin que ninguna autoridad competente haya podido solucionarlo y a la fecha ha causado p\u00e9rdidas humanas, procesos penales, civiles y otros da\u00f1os y perjuicios.<\/p>\n<p>Si bien en el documento p\u00fablico no se informa sobre la muerte de dos ciudadanos como resultado del enfrentamiento, pobladores de la comunidad Hatta Pallpa Pallpa revelaron que una de las v\u00edctimas, identificada como el comunero Tomas Cjula Pimentel, muri\u00f3 de dos disparos de bala, uno en el pie y otro en la cabeza, y deja en la orfandad a 4 menores de edad. Aunque no hay mayor informaci\u00f3n oficial sobre las circunstancias en que se produjo la balacera.<\/p>\n<p>El periodista Jes\u00fas G\u00f3mez \u00c1lvarez, quien tiene un programa en radio Imperio, precis\u00f3 que las dos personas que perdieron la vida en la violenta pelea fueron un comunero y un integrante de la familia Escobar (Roger Escobar). Adem\u00e1s, habr\u00eda otras 4 personas heridas, 2 de ellas con lesiones de gravedad, por lo cual fueron evacuadas de emergencia a la ciudad de Cusco.<\/p>\n<p>\u201cAyer fue el entierro de uno de los muertos por parte de la comunidad en Qui\u00f1ota y hoy fue el entierro del fallecido de la familia Escobar en Santo Tom\u00e1s\u2026 Lo correcto y adecuado es que las autoridades puedan dar la informaci\u00f3n, pero no lo hacen, cada uno (de los involucrados) maneja una versi\u00f3n\u201d, declar\u00f3 G\u00f3mez.<\/p>\n<p>Los testigos no se atreven a denunciar p\u00fablicamente el hecho por miedo a que se produzcan nuevos altercados, por lo que el pronunciamiento es el \u00fanico medio que visibiliza este caso de dispuesta territorial en el distrito de Qui\u00f1ota.<\/p>\n<p>En la regi\u00f3n de Cusco se han originado varios conflictos territoriales causados por anteriores y actuales autoridades del nivel nacional, regional y local, quienes no han solucionado en su debido momento estas disputas territoriales. Un claro ejemplo fue lo ocurrido, el pasado 25 de mayo, <a href=\"https:\/\/derechosinfronteras.pe\/ingles\/conflicto-limitrofe-alrededor-de-20-heridos-en-enfrentamiento-entre-comunidades-campesinas\/\">entre pobladores de las comunidades de Ccacho Limamayo y Sawasawa en la zona lim\u00edtrofe de las provincias de Chumbivilcas y Paruro<\/a>. En esa oportunidad, la polic\u00eda utiliz\u00f3 bombas lacrim\u00f3genas e hizo disparos al aire. Aproximadamente 20 personas resultaron heridas esa vez.<\/p>\n<figure id=\"attachment_6135\" aria-describedby=\"caption-attachment-6135\" style=\"width: 744px\" class=\"wp-caption alignnone\"><img fetchpriority=\"high\" decoding=\"async\" class=\"size-large wp-image-6135\" src=\"http:\/\/derechosinfronteras.pe\/wp-content\/uploads\/2020\/06\/foto-pronunciamientocomprimido-744x1024.jpg\" alt=\"\" width=\"744\" height=\"1024\" \/><figcaption id=\"caption-attachment-6135\" class=\"wp-caption-text\">Foto: pronunciamiento<\/figcaption><\/figure>","protected":false},"excerpt":{"rendered":"<p>Redacci\u00f3n DHSF Autoridades pol\u00edticas, judiciales, sociales y eclesi\u00e1sticas del distrito de Qui\u00f1ota, provincia de Chumbivilcas, exigieron a los representantes del Ministerio P\u00fablico y Poder Judicial resolver la disputa territorial en la comunidad de Hatta Pallpa Pallpa, tras originarse un nuevo enfrentamiento y la posterior muerte de dos personas producto de una balacera, el jueves \u00faltimo. [&hellip;]<\/p>\n","protected":false},"author":1,"featured_media":3940,"comment_status":"open","ping_status":"open","sticky":false,"template":"","format":"standard","meta":{"_monsterinsights_skip_tracking":false,"_monsterinsights_sitenote_active":false,"_monsterinsights_sitenote_note":"","_monsterinsights_sitenote_category":0,"_jetpack_memberships_contains_paid_content":false,"footnotes":"","jetpack_publicize_message":"","jetpack_publicize_feature_enabled":true,"jetpack_social_post_already_shared":false,"jetpack_social_options":{"image_generator_settings":{"template":"highway","default_image_id":0,"font":"","enabled":false},"version":2}},"categories":[1],"tags":[],"class_list":["post-3939","post","type-post","status-publish","format-standard","has-post-thumbnail","hentry","category-sin-categoria"],"blocksy_meta":[],"jetpack_publicize_connections":[],"jetpack_featured_media_url":"https:\/\/derechosinfronteras.pe\/wp-content\/uploads\/2020\/06\/NOTA-MUERTEDECOMUNERO.jpg","jetpack_sharing_enabled":true,"jetpack_likes_enabled":true,"_links":{"self":[{"href":"https:\/\/derechosinfronteras.pe\/ingles\/wp-json\/wp\/v2\/posts\/3939","targetHints":{"allow":["GET"]}}],"collection":[{"href":"https:\/\/derechosinfronteras.pe\/ingles\/wp-json\/wp\/v2\/posts"}],"about":[{"href":"https:\/\/derechosinfronteras.pe\/ingles\/wp-json\/wp\/v2\/types\/post"}],"author":[{"embeddable":true,"href":"https:\/\/derechosinfronteras.pe\/ingles\/wp-json\/wp\/v2\/users\/1"}],"replies":[{"embeddable":true,"href":"https:\/\/derechosinfronteras.pe\/ingles\/wp-json\/wp\/v2\/comments?post=3939"}],"version-history":[{"count":0,"href":"https:\/\/derechosinfronteras.pe\/ingles\/wp-json\/wp\/v2\/posts\/3939\/revisions"}],"wp:featuredmedia":[{"embeddable":true,"href":"https:\/\/derechosinfronteras.pe\/ingles\/wp-json\/wp\/v2\/media\/3940"}],"wp:attachment":[{"href":"https:\/\/derechosinfronteras.pe\/ingles\/wp-json\/wp\/v2\/media?parent=3939"}],"wp:term":[{"taxonomy":"category","embeddable":true,"href":"https:\/\/derechosinfronteras.pe\/ingles\/wp-json\/wp\/v2\/categories?post=3939"},{"taxonomy":"post_tag","embeddable":true,"href":"https:\/\/derechosinfronteras.pe\/ingles\/wp-json\/wp\/v2\/tags?post=3939"}],"curies":[{"name":"wp","href":"https:\/\/api.w.org\/{rel}","templated":true}]}}