{"id":3941,"date":"2020-06-19T15:45:02","date_gmt":"2020-06-19T20:45:02","guid":{"rendered":"http:\/\/derechosinfronteras.pe\/?p=6125"},"modified":"2020-06-19T15:45:02","modified_gmt":"2020-06-19T20:45:02","slug":"numero-de-infectados-de-covid-19-se-eleva-a-1799-en-la-region-cusco","status":"publish","type":"post","link":"https:\/\/derechosinfronteras.pe\/ingles\/numero-de-infectados-de-covid-19-se-eleva-a-1799-en-la-region-cusco\/","title":{"rendered":"N\u00famero de infectados por COVID-19 se eleva a 1799 en la regi\u00f3n Cusco"},"content":{"rendered":"<p>Redacci\u00f3n DHSF<\/p>\n<p>El n\u00famero de casos positivos por\u00a0<span aria-label=\"hashtag\">COVID<\/span>-19 en nuestra regi\u00f3n se elev\u00f3 a 1799, seg\u00fan el \u00faltimo reporte (18 de junio) de la Direcci\u00f3n Regional de Salud de\u00a0<span aria-label=\"hashtag\">Cusco<\/span>.<\/p>\n<p>A la fecha han sido dados de alta 702 pacientes; mientras que, 36 personas permanecen hospitalizadas en sala COVID-19 y otras 8 se encuentran en cuidados intensivos. Lamentablemente, hay 21 fallecidos por\u00a0<span aria-label=\"hashtag\">coronavirus<\/span>\u00a0hasta este momento. A nivel nacional los casos confirmados por\u00a0<span aria-label=\"hashtag\">COVID<\/span>-19 ascienden a 244 388, de acuerdo al \u00faltimo comunicado del Ministerio de Salud al 18 de junio.<\/p>\n<p>En tanto, el jefe de la Organizaci\u00f3n Mundial de la Salud, Tedros Adhanom Ghebreyesus, advirti\u00f3 que la\u00a0<span aria-label=\"hashtag\">pandemia<\/span>\u00a0est\u00e1 entrando en una \u00abnueva y peligrosa fase\u00bb. Esto luego de que en la \u00faltima jornada se registrara una cifra r\u00e9cord de m\u00e1s de 150,000 infecciones diarias en el\u00a0<span aria-label=\"hashtag\">planeta<\/span>.<\/p>\n<p>Es importante que mantengamos las medidas b\u00e1sicas de higiene personal y dentro del hogar para prevenir esta enfermedad, as\u00ed como tambi\u00e9n respetar el aislamiento social dispuesto por el Gobierno Nacional en todo el territorio peruano.<\/p>\n<figure id=\"attachment_6126\" aria-describedby=\"caption-attachment-6126\" style=\"width: 960px\" class=\"wp-caption alignnone\"><img fetchpriority=\"high\" decoding=\"async\" class=\"size-full wp-image-6126\" src=\"http:\/\/derechosinfronteras.pe\/wp-content\/uploads\/2020\/06\/104495517_2476189852692886_196670988730837480_n.jpg\" alt=\"\" width=\"960\" height=\"540\" \/><figcaption id=\"caption-attachment-6126\" class=\"wp-caption-text\">Foto: Direcci\u00f3n Regional de Salud de Cusco<\/figcaption><\/figure>\n<p>&nbsp;<\/p>\n<p>&nbsp;<\/p>","protected":false},"excerpt":{"rendered":"<p>Redacci\u00f3n DHSF El n\u00famero de casos positivos por\u00a0COVID-19 en nuestra regi\u00f3n se elev\u00f3 a 1799, seg\u00fan el \u00faltimo reporte (18 de junio) de la Direcci\u00f3n Regional de Salud de\u00a0Cusco. A la fecha han sido dados de alta 702 pacientes; mientras que, 36 personas permanecen hospitalizadas en sala COVID-19 y otras 8 se encuentran en cuidados [&hellip;]<\/p>\n","protected":false},"author":1,"featured_media":3942,"comment_status":"open","ping_status":"open","sticky":false,"template":"","format":"standard","meta":{"_monsterinsights_skip_tracking":false,"_monsterinsights_sitenote_active":false,"_monsterinsights_sitenote_note":"","_monsterinsights_sitenote_category":0,"_jetpack_memberships_contains_paid_content":false,"footnotes":"","jetpack_publicize_message":"","jetpack_publicize_feature_enabled":true,"jetpack_social_post_already_shared":false,"jetpack_social_options":{"image_generator_settings":{"template":"highway","default_image_id":0,"font":"","enabled":false},"version":2}},"categories":[1],"tags":[],"class_list":["post-3941","post","type-post","status-publish","format-standard","has-post-thumbnail","hentry","category-sin-categoria"],"blocksy_meta":[],"jetpack_publicize_connections":[],"jetpack_featured_media_url":"https:\/\/derechosinfronteras.pe\/wp-content\/uploads\/2020\/06\/NOTA-CASOS-CORONAVIRUS.jpg","jetpack_sharing_enabled":true,"jetpack_likes_enabled":true,"_links":{"self":[{"href":"https:\/\/derechosinfronteras.pe\/ingles\/wp-json\/wp\/v2\/posts\/3941","targetHints":{"allow":["GET"]}}],"collection":[{"href":"https:\/\/derechosinfronteras.pe\/ingles\/wp-json\/wp\/v2\/posts"}],"about":[{"href":"https:\/\/derechosinfronteras.pe\/ingles\/wp-json\/wp\/v2\/types\/post"}],"author":[{"embeddable":true,"href":"https:\/\/derechosinfronteras.pe\/ingles\/wp-json\/wp\/v2\/users\/1"}],"replies":[{"embeddable":true,"href":"https:\/\/derechosinfronteras.pe\/ingles\/wp-json\/wp\/v2\/comments?post=3941"}],"version-history":[{"count":0,"href":"https:\/\/derechosinfronteras.pe\/ingles\/wp-json\/wp\/v2\/posts\/3941\/revisions"}],"wp:featuredmedia":[{"embeddable":true,"href":"https:\/\/derechosinfronteras.pe\/ingles\/wp-json\/wp\/v2\/media\/3942"}],"wp:attachment":[{"href":"https:\/\/derechosinfronteras.pe\/ingles\/wp-json\/wp\/v2\/media?parent=3941"}],"wp:term":[{"taxonomy":"category","embeddable":true,"href":"https:\/\/derechosinfronteras.pe\/ingles\/wp-json\/wp\/v2\/categories?post=3941"},{"taxonomy":"post_tag","embeddable":true,"href":"https:\/\/derechosinfronteras.pe\/ingles\/wp-json\/wp\/v2\/tags?post=3941"}],"curies":[{"name":"wp","href":"https:\/\/api.w.org\/{rel}","templated":true}]}}