{"id":3944,"date":"2020-06-19T12:12:16","date_gmt":"2020-06-19T17:12:16","guid":{"rendered":"http:\/\/derechosinfronteras.pe\/?p=6114"},"modified":"2020-06-19T12:12:16","modified_gmt":"2020-06-19T17:12:16","slug":"protestas-y-conformacion-de-comite-de-lucha-en-espinar-frente-a-reiterada-negativa-de-antapaccay-a-entregar-bono-de-s-1000","status":"publish","type":"post","link":"https:\/\/derechosinfronteras.pe\/ingles\/protestas-y-conformacion-de-comite-de-lucha-en-espinar-frente-a-reiterada-negativa-de-antapaccay-a-entregar-bono-de-s-1000\/","title":{"rendered":"Protestas y conformaci\u00f3n de comit\u00e9 de lucha en Espinar frente a reiterada negativa de Antapaccay a entregar bono de S\/ 1000"},"content":{"rendered":"<p>Redacci\u00f3n DHSF<\/p>\n<p>En medio de protestas de ciudadanos que exigen <a href=\"https:\/\/derechosinfronteras.pe\/ingles\/espinar-aprueban-entrega-de-bono-de-s-1000-a-pobladores-por-emergencia-covid-19\/\">la entrega de un bono solidario de S\/ 1000<\/a>, ayer se conform\u00f3 el Comit\u00e9 de Lucha Provincial de Espinar en defensa de esta demanda cuyo fin es atender, de manera excepcional, a la poblaci\u00f3n por la crisis econ\u00f3mica que atraviesa debido a la cuarentena nacional por el COVID-19.<\/p>\n<p>Gremios sindicales, organizaciones sociales y campesinas eligieron ayer a los integrantes de este comit\u00e9 y los resultados fueron de la siguiente manera:\u00a0 Rolando Condori (presidente), Fredy Llaique de Pallpata (vicepresidente), Juan Carlos Quirita (secretario) y Washington Choque Gamarra (secretario de organizaci\u00f3n). Estos dirigentes se encargar\u00e1n de realizar acciones contundentes frente a la empresa Antapaccay cuyo representante, <a href=\"https:\/\/derechosinfronteras.pe\/ingles\/aprueban-presupuesto-de-50-millones-y-criterios-de-seleccion-para-la-entrega-de-s-1000-en-espinar\/\">el gerente de Relaciones Comunitarias de la compa\u00f1\u00eda minera, Livio Paliza, ha mostrado en distintas oportunidades estar en contra<\/a> del proyecto \u201cMejoramiento de servicio de capacidades socioecon\u00f3micas para la reactivaci\u00f3n econ\u00f3mica familiar\u201d, el cual sustenta t\u00e9cnicamente el subsidio econ\u00f3mico con un presupuesto total de 50 millones de soles con dinero del Convenio Marco Espinar-Cusco.<\/p>\n<p>La respuesta negativa y reiterativa por parte de la minera ha generado varios <a href=\"https:\/\/derechosinfronteras.pe\/ingles\/convocan-a-cacerolazo-y-embanderamiento-tras-negativa-de-empresa-antapaccay-a-entregar-bono-de-s-1000\/\">cacerolazos en plena emergencia sanitaria<\/a>. Sin embargo, <a href=\"https:\/\/derechosinfronteras.pe\/ingles\/empresa-antapaccay-reitera-negativa-a-entregar-bono-de-s-1000-en-espinar-por-la-emergencia-covid-19\/\">Antapaccay sigui\u00f3 firme en su posici\u00f3n y hasta envi\u00f3 una carta ratificando su postura<\/a>. Es m\u00e1s, el gerente general de dicha minera,<a href=\"https:\/\/derechosinfronteras.pe\/ingles\/gerente-general-de-antapaccay-no-asiste-a-reunion-convocada-por-el-comite-de-gestion-del-convenio-marco\/\"> Carlos Cotera Avellaneda, no asisti\u00f3 a la reuni\u00f3n del Comit\u00e9 de Gesti\u00f3n del Convenio Marco Espinar<\/a>, el pasado 16 de junio, y deleg\u00f3 al funcionario Guillermo Freire para que participe de forma virtual en lugar suyo. Este hecho fue criticado por los dem\u00e1s miembros del Comit\u00e9 de Gesti\u00f3n del Convenio Marco Espinar, por lo cual ayer ciudadanos y ciudadanas del distrito de Coporaque decidieron trasladarse a Espinar y se unieron con los dem\u00e1s manifestantes para apoyar la propuesta de la entrega del bono humanitario.<\/p>\n<p>NUEVA REUNI\u00d3N POR EL BONO<\/p>\n<p>Mientras esto ocurr\u00eda en las calles principales de Espinar, los integrantes del Comit\u00e9 de Gesti\u00f3n del Convenio Marco Espinar se volvieron a reunir para tratar, una vez m\u00e1s, la propuesta del subsidio econ\u00f3mico. Esta vez, el gerente general se conect\u00f3 virtualmente a la sesi\u00f3n tras nuevamente recibir una carta suscrita por el comit\u00e9 que le dio un plazo de 48 horas para que participe de la sesi\u00f3n del 18 de junio.<\/p>\n<p>En esta sesi\u00f3n, se ley\u00f3 una nueva carta enviada por Carlos Cotera al comit\u00e9, la cual indicaba, entre diferentes cuestiones, que la empresa reafirmaba su voluntad al di\u00e1logo y a la b\u00fasqueda de alternativas de soluci\u00f3n sostenible a la dif\u00edcil coyuntura que afronta la poblaci\u00f3n espinarense por la cuarentena. En la carta, Antapaccay expl\u00edcitamente no precis\u00f3 estar a favor del bono.<\/p>\n<p>El presidente del Comit\u00e9 de Gesti\u00f3n del Convenio Marco Espinar, Lolo Arenas, cuestion\u00f3 que -a pesar de las dos cartas de invitaci\u00f3n- el gerente general no haya asistido f\u00edsicamente a la reuni\u00f3n.<\/p>\n<p>\u201cEste es un pueblo hospitalario, hasta cu\u00e1ndo la empresa minera y sus funcionarios quieren burlarse, por eso nosotros de manera reiterativa y notarial le hemos enviado una carta y lamentablemente no est\u00e1 presente. Por tanto, nuestro pueblo de Espinar merece un respeto\u201d, sostuvo el presidente, quien a la vez puso a votaci\u00f3n si se aceptaba o no la presencia de Cotera a la reuni\u00f3n de manera virtual.<\/p>\n<p>Los dem\u00e1s asistentes expresaron que quer\u00edan escuchar al gerente general, por tal raz\u00f3n aceptaron la participaci\u00f3n virtual, aunque igual criticaron la actitud de la minera por se\u00f1alar en la carta que estaban dispuesto al di\u00e1logo, pero en acciones demostraba lo contrario.<\/p>\n<p>Antes de cederle la palabra a Carlos Cotera, el presidente del comit\u00e9 enfatiz\u00f3 que el proyecto del bono de S\/ 1000, el expediente t\u00e9cnico que lo sustenta y los t\u00e9rminos de referencia ya fueron aprobados por mayor\u00eda, dando a entender as\u00ed que dichos puntos no estaban en debate. \u201cLa empresa ha manifestado su posici\u00f3n desde la primera reuni\u00f3n hasta la \u00faltima. Nosotros tenemos nuestro punto de vista y creo que ser\u00eda un poco ocioso de repetir. La empresa se mantiene en su posici\u00f3n (en contra). Lo que proponemos es que se haga un proyecto que identifique a la poblaci\u00f3n vulnerable y se encuentren mecanismos de hacer llegar un apoyo humanitario\u201d, argument\u00f3 el gerente general.<\/p>\n<p>En consecuencia, el resto de miembros (representantes de la Asociaci\u00f3n de Urbanizaciones y Pueblos J\u00f3venes de Espinar, Frente \u00danico de Defensa de los Intereses de Espinar, de la cuenca r\u00edo Salado, de los alcaldes distritales, cuenca Ca\u00f1ip\u00eda y de la Federaci\u00f3n Unificada de Campesinos de Espinar) rechazaron las declaraciones del gerente general de Antapaccay. \u201cEse dinero del Convenio Marco Espinar, ingeniero (Carlos Cotera), es la plata del pueblo, no es la plata de la empresa. Hoy d\u00eda han decepcionado al pueblo de Espinar y reitero, una vez m\u00e1s, responsabilizamos cualquier acci\u00f3n social que ocurriera, el \u00fanico responsable es la minera por no tener la capacidad de atender en esta pandemia\u201d, expres\u00f3 Lolo Arenas.<\/p>\n<p>En ese contexto, la reuni\u00f3n continu\u00f3 de acuerdo a la agenda por decisi\u00f3n de mayor\u00eda. Se revisaron las propuestas de las empresas candidatas a ente ejecutor del proyecto del subsidio econ\u00f3mico. Sin embargo, se acord\u00f3 sostener una pr\u00f3xima reuni\u00f3n para la otra semana (lunes 22 de junio), puesto que necesitan m\u00e1s tiempo para revisar exhaustivamente los expedientes de todas las empresas postulantes y elegir a la que cumpla con los requisitos para ente ejecutor. Tambi\u00e9n se pidi\u00f3 al gerente de la minera que para esa fecha facilite al comit\u00e9 la documentaci\u00f3n de car\u00e1cter legal de la creaci\u00f3n de la Asociaci\u00f3n Civil Convenio Marco de Espinar, la cual es necesaria en este momento.<\/p>","protected":false},"excerpt":{"rendered":"<p>Redacci\u00f3n DHSF En medio de protestas de ciudadanos que exigen la entrega de un bono solidario de S\/ 1000, ayer se conform\u00f3 el Comit\u00e9 de Lucha Provincial de Espinar en defensa de esta demanda cuyo fin es atender, de manera excepcional, a la poblaci\u00f3n por la crisis econ\u00f3mica que atraviesa debido a la cuarentena nacional [&hellip;]<\/p>\n","protected":false},"author":1,"featured_media":3945,"comment_status":"open","ping_status":"open","sticky":false,"template":"","format":"standard","meta":{"_monsterinsights_skip_tracking":false,"_monsterinsights_sitenote_active":false,"_monsterinsights_sitenote_note":"","_monsterinsights_sitenote_category":0,"_jetpack_memberships_contains_paid_content":false,"footnotes":"","jetpack_publicize_message":"","jetpack_publicize_feature_enabled":true,"jetpack_social_post_already_shared":false,"jetpack_social_options":{"image_generator_settings":{"template":"highway","default_image_id":0,"font":"","enabled":false},"version":2}},"categories":[1],"tags":[],"class_list":["post-3944","post","type-post","status-publish","format-standard","has-post-thumbnail","hentry","category-sin-categoria"],"blocksy_meta":[],"jetpack_publicize_connections":[],"jetpack_featured_media_url":"https:\/\/derechosinfronteras.pe\/wp-content\/uploads\/2020\/06\/NOTA-PROTESTAESPINAR.jpg","jetpack_sharing_enabled":true,"jetpack_likes_enabled":true,"_links":{"self":[{"href":"https:\/\/derechosinfronteras.pe\/ingles\/wp-json\/wp\/v2\/posts\/3944","targetHints":{"allow":["GET"]}}],"collection":[{"href":"https:\/\/derechosinfronteras.pe\/ingles\/wp-json\/wp\/v2\/posts"}],"about":[{"href":"https:\/\/derechosinfronteras.pe\/ingles\/wp-json\/wp\/v2\/types\/post"}],"author":[{"embeddable":true,"href":"https:\/\/derechosinfronteras.pe\/ingles\/wp-json\/wp\/v2\/users\/1"}],"replies":[{"embeddable":true,"href":"https:\/\/derechosinfronteras.pe\/ingles\/wp-json\/wp\/v2\/comments?post=3944"}],"version-history":[{"count":0,"href":"https:\/\/derechosinfronteras.pe\/ingles\/wp-json\/wp\/v2\/posts\/3944\/revisions"}],"wp:featuredmedia":[{"embeddable":true,"href":"https:\/\/derechosinfronteras.pe\/ingles\/wp-json\/wp\/v2\/media\/3945"}],"wp:attachment":[{"href":"https:\/\/derechosinfronteras.pe\/ingles\/wp-json\/wp\/v2\/media?parent=3944"}],"wp:term":[{"taxonomy":"category","embeddable":true,"href":"https:\/\/derechosinfronteras.pe\/ingles\/wp-json\/wp\/v2\/categories?post=3944"},{"taxonomy":"post_tag","embeddable":true,"href":"https:\/\/derechosinfronteras.pe\/ingles\/wp-json\/wp\/v2\/tags?post=3944"}],"curies":[{"name":"wp","href":"https:\/\/api.w.org\/{rel}","templated":true}]}}