{"id":3948,"date":"2020-06-17T10:56:41","date_gmt":"2020-06-17T15:56:41","guid":{"rendered":"http:\/\/derechosinfronteras.pe\/?p=6095"},"modified":"2020-06-17T10:56:41","modified_gmt":"2020-06-17T15:56:41","slug":"ministro-de-salud-se-reune-con-plataforma-de-afectados-por-metales-toxicos-y-con-la-mesa-de-salud-ambiental-y-humana","status":"publish","type":"post","link":"https:\/\/derechosinfronteras.pe\/ingles\/ministro-de-salud-se-reune-con-plataforma-de-afectados-por-metales-toxicos-y-con-la-mesa-de-salud-ambiental-y-humana\/","title":{"rendered":"Ministro de Salud se re\u00fane con Plataforma de Afectados por Metales T\u00f3xicos y con la Mesa de Salud Ambiental y Humana"},"content":{"rendered":"<p>Redacci\u00f3n DHSF<\/p>\n<p>En medio de la crisis sanitaria por el COVID-19, el ministro de Salud, V\u00edctor Zamora Mes\u00eda, se reuni\u00f3 ayer en forma virtual con la Plataforma Nacional de Afectados por Metales T\u00f3xicos y la Mesa de Salud Ambiental y Humana para discutir la agenda de este colectivo.<\/p>\n<p>Durante la sesi\u00f3n, Zamora resalt\u00f3 la importancia del di\u00e1logo para encontrar soluciones a la problem\u00e1tica como la propuesta de la Comisi\u00f3n Multisectorial de Atenci\u00f3n Integral, la cual fue enviada a la Presidencia del Consejo de Ministros y se espera su pronta aprobaci\u00f3n.<\/p>\n<p>Sobre los compromisos del Ministerio de Salud (Minsa), indic\u00f3 que se ha postergado, as\u00ed como la implementaci\u00f3n de programas por efecto de la pandemia. En ese sentido, el ministro indic\u00f3 que esto es una preocupaci\u00f3n para el Minsa, pero que es inevitable que ocurra de tal manera por la precariedad del sistema de salud y el acaparamiento del COVID-19 de la agenda p\u00fablica.<\/p>\n<p>Por su parte, los distintos voceros y voceras de la Plataforma de Afectados por Metales T\u00f3xicos expusieron desde los distintos territorios afectados por la contaminaci\u00f3n la doble vulneraci\u00f3n que tienen las personas con plomo, cadmio, ars\u00e9nico y mercurio en la sangre en esta coyuntura sanitaria, por lo que pidieron al Minsa que garantice la vida y la salud de los afectados. De la misma manera, solicitaron que se incorpore a las organizaciones sociales, pueblos ind\u00edgenas, comunidades campesinas y colectivos por la salud ambiental a los Comandos COVID-19 en las regiones y localidades para apoyar y fortalecer el proceso de atenci\u00f3n primaria de la salud a lo largo de todo el pa\u00eds, lo cual es fundamental no solo para contener el coronavirus sino para poder dar una mejor atenci\u00f3n a las personas afectadas por metales t\u00f3xicos.<\/p>\n<p>Frente a esto, Zamora expuso la complejidad de responder a las necesidades de la plataforma pero que en las reuniones de di\u00e1logo podr\u00eda generar algunas posibilidades para que se logre. Asimismo, si bien resalt\u00f3 la importancia del reclamo de la participaci\u00f3n social de las y los afectados en la elaboraci\u00f3n de propuestas, precis\u00f3 que la actual situaci\u00f3n es una excepci\u00f3n para que ocurra esto ya que pondr\u00eda en riesgo la salud de estas poblaciones. Finalmente, inform\u00f3 que se podr\u00eda proponer acciones espec\u00edficas de atenci\u00f3n a los afectados por metales, como ya se ha trabajado con pueblos ind\u00edgenas, pero que estas deben ser articuladas con las direcciones regionales de salud de las zonas donde est\u00e1n los afectados.<\/p>\n<p>Por su parte, la viceministra Nancy Zerpa, quien tambi\u00e9n acompa\u00f1\u00f3 al ministro junto a su equipo t\u00e9cnico, reiter\u00f3 la apertura al di\u00e1logo con la plataforma y la mesa t\u00e9cnica. Se acord\u00f3 tener una nueva reuni\u00f3n el pr\u00f3ximo martes 30 de este mes con los funcionarios del Minsa para seguir abordando y dando soluci\u00f3n a temas centrales como el proceso de abordaje para las personas afectadas por metales t\u00f3xicos, la elaboraci\u00f3n de un mapa de riesgo de contaminaci\u00f3n que sea multicausal y no s\u00f3lo recoja la informaci\u00f3n de las personas que han pasado por los dosajes o tamizajes, la elaboraci\u00f3n de un padr\u00f3n y el registro nacional de personas afectadas que fue una iniciativa de algunos congresistas y abordada en la Mesa T\u00e9cnica de la Comisi\u00f3n de Pueblos Andinos, Amaz\u00f3nicos y Afro-Peruanos, Ambiente y Ecolog\u00eda.<\/p>","protected":false},"excerpt":{"rendered":"<p>Redacci\u00f3n DHSF En medio de la crisis sanitaria por el COVID-19, el ministro de Salud, V\u00edctor Zamora Mes\u00eda, se reuni\u00f3 ayer en forma virtual con la Plataforma Nacional de Afectados por Metales T\u00f3xicos y la Mesa de Salud Ambiental y Humana para discutir la agenda de este colectivo. Durante la sesi\u00f3n, Zamora resalt\u00f3 la importancia [&hellip;]<\/p>\n","protected":false},"author":1,"featured_media":3949,"comment_status":"open","ping_status":"open","sticky":false,"template":"","format":"standard","meta":{"_monsterinsights_skip_tracking":false,"_monsterinsights_sitenote_active":false,"_monsterinsights_sitenote_note":"","_monsterinsights_sitenote_category":0,"_jetpack_memberships_contains_paid_content":false,"footnotes":"","jetpack_publicize_message":"","jetpack_publicize_feature_enabled":true,"jetpack_social_post_already_shared":false,"jetpack_social_options":{"image_generator_settings":{"template":"highway","default_image_id":0,"font":"","enabled":false},"version":2}},"categories":[1],"tags":[],"class_list":["post-3948","post","type-post","status-publish","format-standard","has-post-thumbnail","hentry","category-sin-categoria"],"blocksy_meta":[],"jetpack_publicize_connections":[],"jetpack_featured_media_url":"https:\/\/derechosinfronteras.pe\/wp-content\/uploads\/2020\/06\/nota-minsaplataforma.jpg","jetpack_sharing_enabled":true,"jetpack_likes_enabled":true,"_links":{"self":[{"href":"https:\/\/derechosinfronteras.pe\/ingles\/wp-json\/wp\/v2\/posts\/3948","targetHints":{"allow":["GET"]}}],"collection":[{"href":"https:\/\/derechosinfronteras.pe\/ingles\/wp-json\/wp\/v2\/posts"}],"about":[{"href":"https:\/\/derechosinfronteras.pe\/ingles\/wp-json\/wp\/v2\/types\/post"}],"author":[{"embeddable":true,"href":"https:\/\/derechosinfronteras.pe\/ingles\/wp-json\/wp\/v2\/users\/1"}],"replies":[{"embeddable":true,"href":"https:\/\/derechosinfronteras.pe\/ingles\/wp-json\/wp\/v2\/comments?post=3948"}],"version-history":[{"count":0,"href":"https:\/\/derechosinfronteras.pe\/ingles\/wp-json\/wp\/v2\/posts\/3948\/revisions"}],"wp:featuredmedia":[{"embeddable":true,"href":"https:\/\/derechosinfronteras.pe\/ingles\/wp-json\/wp\/v2\/media\/3949"}],"wp:attachment":[{"href":"https:\/\/derechosinfronteras.pe\/ingles\/wp-json\/wp\/v2\/media?parent=3948"}],"wp:term":[{"taxonomy":"category","embeddable":true,"href":"https:\/\/derechosinfronteras.pe\/ingles\/wp-json\/wp\/v2\/categories?post=3948"},{"taxonomy":"post_tag","embeddable":true,"href":"https:\/\/derechosinfronteras.pe\/ingles\/wp-json\/wp\/v2\/tags?post=3948"}],"curies":[{"name":"wp","href":"https:\/\/api.w.org\/{rel}","templated":true}]}}