{"id":3950,"date":"2020-06-16T19:12:39","date_gmt":"2020-06-17T00:12:39","guid":{"rendered":"http:\/\/derechosinfronteras.pe\/?p=6089"},"modified":"2020-06-16T19:12:39","modified_gmt":"2020-06-17T00:12:39","slug":"gerente-general-de-antapaccay-no-asiste-a-reunion-convocada-por-el-comite-de-gestion-del-convenio-marco","status":"publish","type":"post","link":"https:\/\/derechosinfronteras.pe\/ingles\/gerente-general-de-antapaccay-no-asiste-a-reunion-convocada-por-el-comite-de-gestion-del-convenio-marco\/","title":{"rendered":"Gerente general de Antapaccay no asiste a reuni\u00f3n convocada por el Comit\u00e9 de Gesti\u00f3n del Convenio Marco"},"content":{"rendered":"<p>Redacci\u00f3n DHSF<\/p>\n<p>El gerente general de la empresa minera Antapaccay no asisti\u00f3 a la reuni\u00f3n convocada para hoy en la tarde por el Comit\u00e9 de Gesti\u00f3n del Convenio Marco Espinar-Cusco para tratar, una vez m\u00e1s, la propuesta de la <a href=\"https:\/\/derechosinfronteras.pe\/ingles\/espinar-aprueban-entrega-de-bono-de-s-1000-a-pobladores-por-emergencia-covid-19\/\">entrega de un bono humanitario de S\/ 1000 a favor de la poblaci\u00f3n espinarense<\/a> por la crisis econ\u00f3mica que atraviesa debido a la cuarentena por el COVID-19.<\/p>\n<p>En la sesi\u00f3n -que fue transmitida en vivo en las redes sociales- se ley\u00f3 la carta enviada por el gerente general de la compa\u00f1\u00eda minera, Carlos Cotera Avellaneda, al presidente del Comit\u00e9 de Gesti\u00f3n del Convenio Marco Espinar-Cusco, Lolo Arenas Armend\u00e1riz, la cual se\u00f1alaba que el ingeniero Guillermo Freire Montero asistir\u00eda virtualmente en lugar suyo a la reuni\u00f3n programada para hoy. Esto luego que el comit\u00e9 solicitar\u00e1 formalmente, el pasado 10 de junio, la presencia del gerente Carlos Cotera, seg\u00fan el acuerdo de los integrantes del comit\u00e9 en la reuni\u00f3n extraordinaria realizada el mi\u00e9rcoles \u00faltimo.<\/p>\n<p>Esta respuesta de la empresa Antapaccay fue criticada por los dem\u00e1s miembros del Comit\u00e9 de Gesti\u00f3n del Convenio Marco Espinar-Cusco, quienes esperaban dialogar con el gerente general a fin de hacer realidad el subsidio econ\u00f3mico mediante el proyecto \u201cMejoramiento de servicio de capacidades socioecon\u00f3micas para la reactivaci\u00f3n econ\u00f3mica familiar\u201d y cuyo <a href=\"https:\/\/derechosinfronteras.pe\/ingles\/aprueban-presupuesto-de-50-millones-y-criterios-de-seleccion-para-la-entrega-de-s-1000-en-espinar\/\">presupuesto de 50 millones de soles, as\u00ed como los criterios de selecci\u00f3n de los beneficiarios fueron aprobados por mayor\u00eda<\/a>, el pasado 4 de junio. Antapaccay, a trav\u00e9s del gerente de Relaciones Comunitarias, Livio Paliza, quien asist\u00eda a las sesiones en representaci\u00f3n de la minera, ya hab\u00eda mostrado reiteradamente su posici\u00f3n en contra de la entrega del bono solidario, pese a los acuerdos aprobados por el comit\u00e9. Incluso, la semana pasada,<a href=\"https:\/\/derechosinfronteras.pe\/ingles\/empresa-antapaccay-reitera-negativa-a-entregar-bono-de-s-1000-en-espinar-por-la-emergencia-covid-19\/\"> la empresa envi\u00f3 una carta ratificando su postura<\/a>.<\/p>\n<p>\u201c\u00bfD\u00f3nde est\u00e1 la empresa de la que hablaban que era una empresa de responsabilidad social? Que estaba identificada con el pueblo, pura l\u00edrica. Parece que la minera que tenemos ac\u00e1, es una minera irresponsable, indolente, que no sabe atender a la poblaci\u00f3n sus necesidades en este contexto tan complicado que vivimos por el coronavirus (\u2026). Nosotros de manera cortes, de manera educada, hemos enviado una carta para que el gerente general este presente. M\u00ednimamente por respeto a este comit\u00e9 y por respeto a la poblaci\u00f3n de Espinar, debi\u00f3 por lo menos fundamentar (por qu\u00e9 no puede asistir) y no estar indicando que en su representaci\u00f3n enviar\u00e1 a un funcionario de bajo nivel\u2026\u201d, sostuvo Lolo Arenas, quien aparte de ser presidente del comit\u00e9 es alcalde provincial de Espinar.<\/p>\n<p>A su turno, el presidente de la Asociaci\u00f3n de Urbanizaciones y Pueblos J\u00f3venes de Espinar (AUPE), Vidal Merma, mostr\u00f3 -de igual manera- su indignaci\u00f3n frente a la actitud de la minera. \u201cEs una falta de respeto, es un insulto. No podemos seguir tolerando. No podemos seguir permitiendo este tipo de burlas (\u2026). Tenemos que darle un ultim\u00e1tum a la empresa minera\u201d, manifest\u00f3.<\/p>\n<p>Del mismo modo, los representantes de la cuenca del Salado, de los alcaldes distritales, de la cuenca de Ca\u00f1ip\u00eda y del Frente \u00danico de Defensa de los Intereses de Espinar rechazaron el accionar de la empresa Antapaccay.<\/p>\n<p>Por su parte, el secretario general de la Federaci\u00f3n Unificada de Campesinos de Espinar, Santos Gosme C\u00e1ceres, consider\u00f3 que Antapaccay est\u00e1 obstaculizando la posible entrega del bono econ\u00f3mico en Espinar con la inasistencia del gerente Carlos Cotera a la reuni\u00f3n del comit\u00e9.<\/p>\n<p>\u201cLa empresa minera tiene que disponer de ese presupuesto que ya fue aprobado y necesitamos la presencia del gerente general. As\u00ed que creo que de inmediato se elabore una carta reiterativa (dirigida) a la minera y tambi\u00e9n que acompa\u00f1e una carta notarial para que pueda hacerse presente el gerente general en un plazo de 48 horas\u201d, propuso el dirigente.<\/p>\n<p>Los miembros luego de expresar su opini\u00f3n, decidieron por unanimidad dar un plazo de 48 horas a partir de la fecha al gerente general de la minera para que asista a la pr\u00f3xima reuni\u00f3n del Comit\u00e9 de Gesti\u00f3n del Convenio Marco, por lo que en la reuni\u00f3n se redact\u00f3 una nueva carta. \u201cCon una posici\u00f3n pac\u00edfica y tolerante invocamos a la empresa minera Antapaccay a aprobar el desembolso de 50 millones del proyecto Mejoramiento de servicio de capacidades socioecon\u00f3micas para la reactivaci\u00f3n econ\u00f3mica familiar frente a la situaci\u00f3n de emergencia por el COVID-19 en los 8 distritos de la provincia de Espinar. Asimismo, hacemos p\u00fablica la presente carta haci\u00e9ndolos responsables de cualquier conflicto social que pudiera ocurrir en nuestra tierra\u201d, dice parte de la carta que fue le\u00edda en la reuni\u00f3n y lleva la firma de todos los integrantes del comit\u00e9.<\/p>\n<p>&nbsp;<\/p>","protected":false},"excerpt":{"rendered":"<p>Redacci\u00f3n DHSF El gerente general de la empresa minera Antapaccay no asisti\u00f3 a la reuni\u00f3n convocada para hoy en la tarde por el Comit\u00e9 de Gesti\u00f3n del Convenio Marco Espinar-Cusco para tratar, una vez m\u00e1s, la propuesta de la entrega de un bono humanitario de S\/ 1000 a favor de la poblaci\u00f3n espinarense por la [&hellip;]<\/p>\n","protected":false},"author":1,"featured_media":3951,"comment_status":"open","ping_status":"open","sticky":false,"template":"","format":"standard","meta":{"_monsterinsights_skip_tracking":false,"_monsterinsights_sitenote_active":false,"_monsterinsights_sitenote_note":"","_monsterinsights_sitenote_category":0,"_jetpack_memberships_contains_paid_content":false,"footnotes":"","jetpack_publicize_message":"","jetpack_publicize_feature_enabled":true,"jetpack_social_post_already_shared":false,"jetpack_social_options":{"image_generator_settings":{"template":"highway","default_image_id":0,"font":"","enabled":false},"version":2}},"categories":[1],"tags":[],"class_list":["post-3950","post","type-post","status-publish","format-standard","has-post-thumbnail","hentry","category-sin-categoria"],"blocksy_meta":[],"jetpack_publicize_connections":[],"jetpack_featured_media_url":"https:\/\/derechosinfronteras.pe\/wp-content\/uploads\/2020\/06\/nota-gerentenoasisteareudecomite.jpg","jetpack_sharing_enabled":true,"jetpack_likes_enabled":true,"_links":{"self":[{"href":"https:\/\/derechosinfronteras.pe\/ingles\/wp-json\/wp\/v2\/posts\/3950","targetHints":{"allow":["GET"]}}],"collection":[{"href":"https:\/\/derechosinfronteras.pe\/ingles\/wp-json\/wp\/v2\/posts"}],"about":[{"href":"https:\/\/derechosinfronteras.pe\/ingles\/wp-json\/wp\/v2\/types\/post"}],"author":[{"embeddable":true,"href":"https:\/\/derechosinfronteras.pe\/ingles\/wp-json\/wp\/v2\/users\/1"}],"replies":[{"embeddable":true,"href":"https:\/\/derechosinfronteras.pe\/ingles\/wp-json\/wp\/v2\/comments?post=3950"}],"version-history":[{"count":0,"href":"https:\/\/derechosinfronteras.pe\/ingles\/wp-json\/wp\/v2\/posts\/3950\/revisions"}],"wp:featuredmedia":[{"embeddable":true,"href":"https:\/\/derechosinfronteras.pe\/ingles\/wp-json\/wp\/v2\/media\/3951"}],"wp:attachment":[{"href":"https:\/\/derechosinfronteras.pe\/ingles\/wp-json\/wp\/v2\/media?parent=3950"}],"wp:term":[{"taxonomy":"category","embeddable":true,"href":"https:\/\/derechosinfronteras.pe\/ingles\/wp-json\/wp\/v2\/categories?post=3950"},{"taxonomy":"post_tag","embeddable":true,"href":"https:\/\/derechosinfronteras.pe\/ingles\/wp-json\/wp\/v2\/tags?post=3950"}],"curies":[{"name":"wp","href":"https:\/\/api.w.org\/{rel}","templated":true}]}}