{"id":3952,"date":"2020-06-16T11:22:03","date_gmt":"2020-06-16T16:22:03","guid":{"rendered":"http:\/\/derechosinfronteras.pe\/?p=6075"},"modified":"2020-06-16T11:22:03","modified_gmt":"2020-06-16T16:22:03","slug":"organizaciones-sociales-llaman-a-la-unidad-frente-a-la-negativa-de-antapaccay-a-entregar-bono-de-s-1000","status":"publish","type":"post","link":"https:\/\/derechosinfronteras.pe\/ingles\/organizaciones-sociales-llaman-a-la-unidad-frente-a-la-negativa-de-antapaccay-a-entregar-bono-de-s-1000\/","title":{"rendered":"Organizaciones sociales llaman a la unidad frente a la negativa de Antapaccay a entregar bono de S\/ 1000"},"content":{"rendered":"<p>Redacci\u00f3n DHSF<\/p>\n<p>Las organizaciones sociales de la provincia de Espinar hicieron un llamado a la unidad entre las autoridades, dirigentes y ciudadan\u00eda para concretizar la propuesta de la entrega de un bono humanitario de S\/ 1000 a favor de la poblaci\u00f3n espinarense.<\/p>\n<p>Este pedido se hizo -a trav\u00e9s de un pronunciamiento grupal- por parte del Frente \u00danico de Defensa de los Intereses de la provincia de Espinar, Federaci\u00f3n Unificada de Campesinos de Espinar, Asociaci\u00f3n de Urbanizaciones y Pueblos J\u00f3venes, Sindicato \u00danico de Comerciantes, Asociaci\u00f3n de Padres de Familia, Sindicato de Construcci\u00f3n Civil de Espinar, Frente \u00danico de la Juventud Espinarense K\u00b4ana, Sindicato \u00danico de Trabajadores de la Educaci\u00f3n de Espinar, Asociaci\u00f3n de Restaurante de Espinar, juntas vecinales, rondas campesinas y el comit\u00e9 de lucha de cinco distritos de Espinar.<\/p>\n<p>El objetivo es asumir una posici\u00f3n contundente frente a la <a href=\"https:\/\/derechosinfronteras.pe\/ingles\/empresa-antapaccay-reitera-negativa-a-entregar-bono-de-s-1000-en-espinar-por-la-emergencia-covid-19\/\">empresa minera Antapaccay que se niega a entregar el subsidio econ\u00f3mico<\/a> para atender de manera excepcional a la poblaci\u00f3n de Espinar por la crisis econ\u00f3mica que atraviesa como consecuencia de la cuarentena nacional por el COVID-19, <a href=\"https:\/\/derechosinfronteras.pe\/ingles\/espinar-aprueban-entrega-de-bono-de-s-1000-a-pobladores-por-emergencia-covid-19\/\">pese al acuerdo aprobado por mayor\u00eda por parte del Comit\u00e9 de Gesti\u00f3n del Convenio Marco Espinar-Cusco.<\/a><\/p>\n<p>Precisamente, el jueves \u00faltimo, <a href=\"https:\/\/derechosinfronteras.pe\/ingles\/convocan-a-cacerolazo-y-embanderamiento-tras-negativa-de-empresa-antapaccay-a-entregar-bono-de-s-1000\/\">ciudadanos de Espinar participaron de un cacerolazo<\/a> en protesta contra la minera, por lo que se destac\u00f3 este accionar social en el pronunciamiento. \u201c\u2026fue una respuesta contundente a la empresa minera Glencore Antapaccay y a su gerente de Relaciones Comunitarias, el se\u00f1or (Livio) Paliza, quien viene obstaculizando el cumplimiento del bono econ\u00f3mico humanitario de S\/ 1000 aprobado por el Comit\u00e9 de Gesti\u00f3n del Convenio Marco y ratificado por toda la poblaci\u00f3n de Espinar\u201d, se lee en el comunicado.<\/p>\n<p>En ese sentido, este grupo de organizaciones sociales ratific\u00f3 su postura a favor de la entrega de un bono solidario en este contexto de crisis econ\u00f3mica. Adem\u00e1s, exigi\u00f3 a la empresa Antapaccay la urgente reformulaci\u00f3n del Convenio Marco Espinar-Cusco.<\/p>\n<p>Finalmente, en el pronunciamiento tambi\u00e9n se muestra el total rechazo a las declaraciones de la ministra de Energ\u00eda y Minas que pretende reactivar los proyectos minera T\u00eda Mar\u00eda y Conga, entre otros, aduciendo que es lo mejor para la reactivaci\u00f3n econ\u00f3mica en el pa\u00eds. Del mismo modo, las organizaciones sociales est\u00e1n en contra de la Ley N\u00b0 30230 (Ley del Paquetazo Ambiental) y del Decreto Legislativo N\u00b0 1500 que establece medidas especiales para reactivar, mejorar y optimizar la ejecuci\u00f3n de los proyectos de inversi\u00f3n p\u00fablica, privada y p\u00fablico privada ante el impacto del COVID-19.<\/p>\n<p>Hoy, por la tarde, es la reuni\u00f3n del Comit\u00e9 de Gesti\u00f3n del Convenio Marco y se tocar\u00e1 nuevamente el tema del bono econ\u00f3mico, por lo cual la expectativa es grande en Espinar.<\/p>\n<p><img fetchpriority=\"high\" decoding=\"async\" class=\"alignnone size-large wp-image-6087\" src=\"http:\/\/derechosinfronteras.pe\/wp-content\/uploads\/2020\/06\/WhatsApp-Image-2020-06-16-at-9.58.12-AM-724x1024.jpeg\" alt=\"\" width=\"724\" height=\"1024\" \/><\/p>","protected":false},"excerpt":{"rendered":"<p>Redacci\u00f3n DHSF Las organizaciones sociales de la provincia de Espinar hicieron un llamado a la unidad entre las autoridades, dirigentes y ciudadan\u00eda para concretizar la propuesta de la entrega de un bono humanitario de S\/ 1000 a favor de la poblaci\u00f3n espinarense. Este pedido se hizo -a trav\u00e9s de un pronunciamiento grupal- por parte del [&hellip;]<\/p>\n","protected":false},"author":1,"featured_media":3953,"comment_status":"open","ping_status":"open","sticky":false,"template":"","format":"standard","meta":{"_monsterinsights_skip_tracking":false,"_monsterinsights_sitenote_active":false,"_monsterinsights_sitenote_note":"","_monsterinsights_sitenote_category":0,"_jetpack_memberships_contains_paid_content":false,"footnotes":"","jetpack_publicize_message":"","jetpack_publicize_feature_enabled":true,"jetpack_social_post_already_shared":false,"jetpack_social_options":{"image_generator_settings":{"template":"highway","default_image_id":0,"font":"","enabled":false},"version":2}},"categories":[1],"tags":[],"class_list":["post-3952","post","type-post","status-publish","format-standard","has-post-thumbnail","hentry","category-sin-categoria"],"blocksy_meta":[],"jetpack_publicize_connections":[],"jetpack_featured_media_url":"https:\/\/derechosinfronteras.pe\/wp-content\/uploads\/2020\/06\/NOTA-NUEVOPRONUNCIAMIENTO.jpg","jetpack_sharing_enabled":true,"jetpack_likes_enabled":true,"_links":{"self":[{"href":"https:\/\/derechosinfronteras.pe\/ingles\/wp-json\/wp\/v2\/posts\/3952","targetHints":{"allow":["GET"]}}],"collection":[{"href":"https:\/\/derechosinfronteras.pe\/ingles\/wp-json\/wp\/v2\/posts"}],"about":[{"href":"https:\/\/derechosinfronteras.pe\/ingles\/wp-json\/wp\/v2\/types\/post"}],"author":[{"embeddable":true,"href":"https:\/\/derechosinfronteras.pe\/ingles\/wp-json\/wp\/v2\/users\/1"}],"replies":[{"embeddable":true,"href":"https:\/\/derechosinfronteras.pe\/ingles\/wp-json\/wp\/v2\/comments?post=3952"}],"version-history":[{"count":0,"href":"https:\/\/derechosinfronteras.pe\/ingles\/wp-json\/wp\/v2\/posts\/3952\/revisions"}],"wp:featuredmedia":[{"embeddable":true,"href":"https:\/\/derechosinfronteras.pe\/ingles\/wp-json\/wp\/v2\/media\/3953"}],"wp:attachment":[{"href":"https:\/\/derechosinfronteras.pe\/ingles\/wp-json\/wp\/v2\/media?parent=3952"}],"wp:term":[{"taxonomy":"category","embeddable":true,"href":"https:\/\/derechosinfronteras.pe\/ingles\/wp-json\/wp\/v2\/categories?post=3952"},{"taxonomy":"post_tag","embeddable":true,"href":"https:\/\/derechosinfronteras.pe\/ingles\/wp-json\/wp\/v2\/tags?post=3952"}],"curies":[{"name":"wp","href":"https:\/\/api.w.org\/{rel}","templated":true}]}}