{"id":3962,"date":"2020-06-09T21:04:35","date_gmt":"2020-06-10T02:04:35","guid":{"rendered":"http:\/\/derechosinfronteras.pe\/?p=6037"},"modified":"2020-06-09T21:04:35","modified_gmt":"2020-06-10T02:04:35","slug":"cambio-de-director-del-hospital-de-espinar-evidencia-demandas-no-atendidas","status":"publish","type":"post","link":"https:\/\/derechosinfronteras.pe\/ingles\/cambio-de-director-del-hospital-de-espinar-evidencia-demandas-no-atendidas\/","title":{"rendered":"Cambio de director del Hospital de Espinar evidencia demandas no atendidas"},"content":{"rendered":"<p>Redacci\u00f3n DHSF<\/p>\n<p>Los conflictos originados por el cambio de director del Hospital de Espinar han sacado a la luz exigencias de la poblaci\u00f3n por una mejor calidad de servicio de salud anteriores a esta cuarentena nacional por el COVID-19.<\/p>\n<p>El presidente de la Asociaci\u00f3n de Urbanizaciones y Pueblos J\u00f3venes de Espinar (AUPE), Vidal Merma, explic\u00f3 que la falta de personal y equipamiento se han convertido en un problema constante en este \u00fanico hospital de esta provincia que concentra m\u00e1s de 62 mil 196 habitantes, de acuerdo a los resultados del XII Censo Nacional de Poblaci\u00f3n del a\u00f1o 2017. \u201cSon muchos los problemas y el presupuesto es insuficiente, tampoco hay medicamentos en stock. Otros de los grandes problemas es que la mayor\u00eda del personal (de salud) son de afuera\u201d, argument\u00f3 el dirigente refiri\u00e9ndose a que representa a la vez un problema el hecho de que la mayor\u00eda del personal de salud sea for\u00e1neo. \u00abAlgunos ni cumplen su hora (de trabajo)\u00bb, agreg\u00f3.<\/p>\n<p>Los cargos de confianza en la direcci\u00f3n tambi\u00e9n han impedido la realizaci\u00f3n de una buena gesti\u00f3n, seg\u00fan Merma. \u201cEsos cargos de confianza hacen da\u00f1o a las instituciones, puede ser que sean asignados a profesionales capaces, pero la mayor\u00eda recae en personas que obedecen a favores de pol\u00edticos. Esto hace que haya incapacidad de gesti\u00f3n y finalmente esto conlleva a una p\u00e9sima atenci\u00f3n\u201d, declar\u00f3. Asimismo, mencion\u00f3 que tampoco ha habido inversi\u00f3n en el sector de salud en Espinar por parte del Gobierno Regional de Cusco.<\/p>\n<p>A ra\u00edz del cambio de director del hospital, esta asociaci\u00f3n emiti\u00f3 un memorial el viernes pasado, en el cual respalda al m\u00e9dico Ernesto Choquehuayta Morales, quien fue destituido el 4 de junio. La AUPE considera que el ahora exdirector demostr\u00f3 un trabajo articulado con las autoridades y dirigentes en los 3 meses que estuvo en el cargo, puesto que gestion\u00f3 el centro diferenciado para la atenci\u00f3n del coronavirus, equipos, pruebas r\u00e1pidas, entre otros. En su reemplazo, el m\u00e9dico Dar\u00edo Navarro, titular de la Direcci\u00f3n Regional de Salud (Diresa) Cusco, nombr\u00f3 al m\u00e9dico Jos\u00e9 Luis G\u00f3mez Quispe.<\/p>\n<p>Por su parte, el presidente del Frente \u00danico de Defensa de los Intereses de Espinar (FUDIE), Ricardo Carlos, coincidi\u00f3 con Vidal Merma con respecto a que lo m\u00e1s urgente por atender es la falta de equipos y d\u00e9ficit de profesionales de salud. \u201cA las justas hay un m\u00e9dico por \u00e1rea; qu\u00e9 tal si hay m\u00e1s emergencias o m\u00e1s pacientes, nos falta estos profesionales\u201d, declar\u00f3.<\/p>\n<p>Adem\u00e1s, este dirigente teme que tras la destituci\u00f3n de Choquehuayta no se contin\u00fae al mismo ritmo la realizaci\u00f3n de pruebas r\u00e1pidas para detectar el COVID-19. \u201cHemos apoyado al se\u00f1or Ernesto, para que pueda implementar el hospital a trav\u00e9s del Convenio Marco Espinar-Cusco. El mismo pueblo, por la lucha que hemos tenido, ha conseguido esta implementaci\u00f3n\u201d, expuso. A la fecha en esta provincia se han registrado 17 casos de coronavirus, seg\u00fan el reporte del 25 de mayo de la Diresa.<\/p>\n<p>Al igual que la AUPE, la FUDIE emiti\u00f3 un pronunciamiento relacionado a la destituci\u00f3n para pedir el esclarecimiento de la problem\u00e1tica del Hospital de Espinar durante la administraci\u00f3n del exdirector. Esto luego que el director regional de Salud, Dar\u00edo Navarro Mendoza, acusara a Choquehuayta de cometer presuntas irregularidades durante su gesti\u00f3n.<\/p>\n<figure id=\"attachment_6042\" aria-describedby=\"caption-attachment-6042\" style=\"width: 724px\" class=\"wp-caption alignnone\"><img fetchpriority=\"high\" decoding=\"async\" class=\"size-large wp-image-6042\" src=\"http:\/\/derechosinfronteras.pe\/wp-content\/uploads\/2020\/06\/WhatsApp-Image-2020-06-09-at-9.20.56-AM-1-724x1024.jpeg\" alt=\"\" width=\"724\" height=\"1024\" \/><figcaption id=\"caption-attachment-6042\" class=\"wp-caption-text\">Foto: comunicado del FUDIE<\/figcaption><\/figure>\n<figure id=\"attachment_6043\" aria-describedby=\"caption-attachment-6043\" style=\"width: 725px\" class=\"wp-caption alignnone\"><img decoding=\"async\" class=\"size-large wp-image-6043\" src=\"http:\/\/derechosinfronteras.pe\/wp-content\/uploads\/2020\/06\/aupe-725x1024.jpg\" alt=\"\" width=\"725\" height=\"1024\" \/><figcaption id=\"caption-attachment-6043\" class=\"wp-caption-text\">Foto: comunicado de la AUPE<\/figcaption><\/figure>","protected":false},"excerpt":{"rendered":"<p>Redacci\u00f3n DHSF Los conflictos originados por el cambio de director del Hospital de Espinar han sacado a la luz exigencias de la poblaci\u00f3n por una mejor calidad de servicio de salud anteriores a esta cuarentena nacional por el COVID-19. El presidente de la Asociaci\u00f3n de Urbanizaciones y Pueblos J\u00f3venes de Espinar (AUPE), Vidal Merma, explic\u00f3 [&hellip;]<\/p>\n","protected":false},"author":1,"featured_media":3963,"comment_status":"open","ping_status":"open","sticky":false,"template":"","format":"standard","meta":{"_monsterinsights_skip_tracking":false,"_monsterinsights_sitenote_active":false,"_monsterinsights_sitenote_note":"","_monsterinsights_sitenote_category":0,"_jetpack_memberships_contains_paid_content":false,"footnotes":"","jetpack_publicize_message":"","jetpack_publicize_feature_enabled":true,"jetpack_social_post_already_shared":false,"jetpack_social_options":{"image_generator_settings":{"template":"highway","default_image_id":0,"font":"","enabled":false},"version":2}},"categories":[1],"tags":[],"class_list":["post-3962","post","type-post","status-publish","format-standard","has-post-thumbnail","hentry","category-sin-categoria"],"blocksy_meta":[],"jetpack_publicize_connections":[],"jetpack_featured_media_url":"https:\/\/derechosinfronteras.pe\/wp-content\/uploads\/2020\/06\/NOTA-demandas-hospitalespinar.jpg","jetpack_sharing_enabled":true,"jetpack_likes_enabled":true,"_links":{"self":[{"href":"https:\/\/derechosinfronteras.pe\/ingles\/wp-json\/wp\/v2\/posts\/3962","targetHints":{"allow":["GET"]}}],"collection":[{"href":"https:\/\/derechosinfronteras.pe\/ingles\/wp-json\/wp\/v2\/posts"}],"about":[{"href":"https:\/\/derechosinfronteras.pe\/ingles\/wp-json\/wp\/v2\/types\/post"}],"author":[{"embeddable":true,"href":"https:\/\/derechosinfronteras.pe\/ingles\/wp-json\/wp\/v2\/users\/1"}],"replies":[{"embeddable":true,"href":"https:\/\/derechosinfronteras.pe\/ingles\/wp-json\/wp\/v2\/comments?post=3962"}],"version-history":[{"count":0,"href":"https:\/\/derechosinfronteras.pe\/ingles\/wp-json\/wp\/v2\/posts\/3962\/revisions"}],"wp:featuredmedia":[{"embeddable":true,"href":"https:\/\/derechosinfronteras.pe\/ingles\/wp-json\/wp\/v2\/media\/3963"}],"wp:attachment":[{"href":"https:\/\/derechosinfronteras.pe\/ingles\/wp-json\/wp\/v2\/media?parent=3962"}],"wp:term":[{"taxonomy":"category","embeddable":true,"href":"https:\/\/derechosinfronteras.pe\/ingles\/wp-json\/wp\/v2\/categories?post=3962"},{"taxonomy":"post_tag","embeddable":true,"href":"https:\/\/derechosinfronteras.pe\/ingles\/wp-json\/wp\/v2\/tags?post=3962"}],"curies":[{"name":"wp","href":"https:\/\/api.w.org\/{rel}","templated":true}]}}