{"id":3973,"date":"2020-06-05T13:54:36","date_gmt":"2020-06-05T18:54:36","guid":{"rendered":"http:\/\/derechosinfronteras.pe\/?p=6011"},"modified":"2020-06-05T13:54:36","modified_gmt":"2020-06-05T18:54:36","slug":"heroes-y-villanos-durante-la-pandemia-y-la-proteccion-del-medio-ambiente","status":"publish","type":"post","link":"https:\/\/derechosinfronteras.pe\/ingles\/heroes-y-villanos-durante-la-pandemia-y-la-proteccion-del-medio-ambiente\/","title":{"rendered":"H\u00e9roes y villanos durante la pandemia y la protecci\u00f3n del medio ambiente"},"content":{"rendered":"<p>Por: Blga. Karem Luque \/\u00c1rea de Derechos Colectivos y Medio Ambiente<\/p>\n<p>El 05 de junio es recordado como el d\u00eda mundial del medio ambiente, reconocimiento que se origina hace 48 a\u00f1os y que buscaba ser una fecha especial y de reflexi\u00f3n para evitar la contaminaci\u00f3n del aire y por ende propiciar un triunfo poblacional que haga frente al cambio clim\u00e1tico. Esta fecha con gran simbolismo ambiental tambi\u00e9n guarda coincidencia con los 11 a\u00f1os en que se recuerda el conflicto conocido como el Baguazo en la Amazon\u00eda peruana, y que tiene su origen en la promoci\u00f3n de una pol\u00edtica de inversiones para la ejecuci\u00f3n del TLC con EEUU durante el gobierno de Alan Garc\u00eda. Las comunidades ind\u00edgenas de Bagua no estaban de acuerdo con el decreto que favorecer\u00eda a empresas transnacionales la explotaci\u00f3n de yacimientos de petr\u00f3leo porque iban a afectarlos\/as directamente y por ende sus territorios y el medio ambiente.<\/p>\n<p>Hoy 05 de junio las y los peruanos tambi\u00e9n llevamos 82 d\u00edas cumpliendo las medidas dispuestas por el gobierno, debido a la pandemia que revel\u00f3 una pobreza lacerada por corrupci\u00f3n y ha expuesto el c\u00e1ncer social al que est\u00e1bamos ya acostumbrados. En medio de toda esta crisis de salud p\u00fablica muchos sectores se han perjudicado econ\u00f3micamente y otros han continuado \u201cmetiendo u\u00f1a\u201d aprovechando la crisis en la que nos puso esta pandemia. En este escenario hemos escuchado y le\u00eddo historias de <em>h\u00e9roes <\/em>que han fallecido poniendo el pecho durante esta dura batalla y consideramos necesario reconocerlos, pero tambien hay que se\u00f1alar y denunciar a los villanos que han actuado en contra del medio ambiente en tiempos de pandemia.<\/p>\n<p><strong>Situaci\u00f3n ambiental durante la pandemia <\/strong><\/p>\n<p>En este per\u00edodo hemos escuchado a la ministra Fabiola Mu\u00f1oz pase\u00e1ndose por los medios de comunicaci\u00f3n indicando que la calidad del aire en Lima hab\u00eda disminuido notablemente y que esto deb\u00eda ense\u00f1arnos que \u2018somos nosotros los que contaminamos el medio ambiente\u2019 y que esta cuarentena estaba permitiendo darle un respiro al medio ambiente. Aves, delfines y m\u00e1s especies marinas se asomaban notando la ausencia del hombre. Y mientras esto pasaba ante los ojos de cierto p\u00fablico, en el corredor minero se incrementaba la preocupaci\u00f3n en las comunidades por las volcaduras de camiones que provocaron derrames de minerales y de combustible en las provincias de Chumbivilcas<a href=\"#_ftn1\" name=\"_ftnref1\">[1]<\/a> y Espinar<a href=\"#_ftn2\" name=\"_ftnref2\">[2]<\/a>.<\/p>\n<p>Las comunidades campesinas han sido desde hace muchos a\u00f1os los principales veedores y vigilantes de los impactos que se van dando en sus territorios, son ellas y ellos quien a trav\u00e9s de medios de comunicaci\u00f3n reportan estos da\u00f1os y por ello se han convertido en \u201cvigilantes ambientales\u201d; h\u00e9roes sin capa en esta pandemia y que aun esperan ser reconocidos por las instancias de gobierno como actores de soporte y veedur\u00eda en los territorios que evidencian los indicios de impactos ambientales, y a donde las instancias de gobierno tardan en llegar. Muchos de estos vigilantes ambientales se han capacitado y empoderado en el manejo de herramientas para el monitoreo comunitario, una de estas herramientas son los macroinvertebrados bent\u00f3nicos o \u201cbichitos del agua\u201d que son indicadores biol\u00f3gicos de alerta temprana para evaluar los cambios en la calidad del agua, por ejemplo, tambi\u00e9n estan los kits portatiles para medir parametros fisicos quimicos de la calidad del agua, entre otros.<\/p>\n<p>La experiencia de vigilancia ambiental comunitaria esta desplazada en varios territorios de nuestro pa\u00eds, en Cajamarca, Puno, Cusco, Amazon\u00eda, La Libertad, entre otras zonas, y es necesario resaltar que este tipo de experiencias fortalecen la gesti\u00f3n para la protecci\u00f3n del medio ambiente, ya que, involucra a las y los verdaderos actores territoriales y que, adem\u00e1s, no est\u00e1n siendo debidamente valoradas tanto por las instancias p\u00fablicas y privadas, en estos tiempos de cuarentena.<\/p>\n<p><strong>Normativas ambientales que dificultan la participaci\u00f3n ciudadana <\/strong><\/p>\n<p>En junio del 2014 se aprob\u00f3 el paquete de medidas econ\u00f3micas para la promoci\u00f3n y dinamizaci\u00f3n de la inversi\u00f3n en el pa\u00eds, sin embargo, esta ley fue denominada como el \u201cPaquetazo ambiental\u201d porque establec\u00eda medidas de simplificaci\u00f3n en temas ambientales y que finalmente ten\u00eda el objetivo de debilitar la institucionalidad del OEFA, disminuir al 50 % las multas y sanciones por da\u00f1os ambientales, entre otras medidas que terminaron beneficiando a empresas mineras que estaban acostumbradas a no tomar en cuenta la preocupaci\u00f3n de las comunidades afectadas cuando ocurr\u00edan da\u00f1os en sus fuentes de agua.<\/p>\n<p>Finalmente, esta semana se han emitido varias normas en el marco de la segunda fase de la reactivaci\u00f3n economica (D.S. N\u00ba 101-2020-PCM), dentro de las disposiciones que se emite, para el caso de las actividades extractivas nuevamente se relajan las medidas de fiscalizaci\u00f3n y participaci\u00f3n en el tema ambiental y que plantea excluir la participaci\u00f3n ciudadana proponiendo que \u00e9sta sea de manera virtual sin considerar que en muchas zonas donde est\u00e1n concentradas las actividades mineras son lugares precarios y con poco acceso a ese tipo de medios digitales. Asimismo, Red Muqui<a href=\"#_ftn3\" name=\"_ftnref3\">[3]<\/a> indica que existe una disposici\u00f3n incluida en el art\u00edculo 7 que sostiene la exoneraci\u00f3n a los administrados (las empresas mineras) la obligatoriedad para presentar reportes, monitoreos o cualquier informaci\u00f3n que implique trabajo de campo.<\/p>\n<p>Como pudimos notar en esta pandemia la corrupci\u00f3n y el aprovechamiento de algunos y la vulneraci\u00f3n y desigualdad con otros ha persistido con m\u00e1s fuerza y el tema ambiental no ha sido ajeno. Mientras que a algunos se multa por incumplir las \u201cdisposiciones\u201d a otros se les otorga normativas que los beneficia a\u00fan m\u00e1s. Mientras a algunos les toca esperar un bono universal otros piden mejores condiciones para seguir enriqueci\u00e9ndose. En el d\u00eda del medio ambiente podemos decir que no hemos aprendido nada de esta pandemia, los heroes y villanos seguiran siendo los mismos de antes.<\/p>\n<p>&nbsp;<\/p>\n<p>&nbsp;<\/p>\n<p><a href=\"#_ftnref1\" name=\"_ftn1\">[1]<\/a> Derrame que ocurri\u00f3 el 01 de mayo en la zona de Huininquiri. El detalle del derrame en el siguiente link: <a href=\"https:\/\/larepublica.pe\/sociedad\/2020\/05\/01\/las-bambas-reportan-derrame-de-minerales-en-cusco-tras-volcadura-de-camion-encapsulado-oefa-lrsd\/\" target=\"_blank\" rel=\"noopener\">https:\/\/larepublica.pe\/sociedad\/2020\/05\/01\/las-bambas-reportan-derrame-de-minerales-en-cusco-tras-volcadura-de-camion-encapsulado-oefa-lrsd\/<\/a><\/p>\n<p><a href=\"#_ftnref2\" name=\"_ftn2\">[2]<\/a> Derrame ocurrido el 02 de mayo en la ruta Coporaque \u2013 Espinar. El informe del OEFA frente a su supervisi\u00f3n en el siguiente link: <a href=\"https:\/\/www.gob.pe\/institucion\/oefa\/noticias\/143613-oefa-supervisa-derrame-de-combustible-ocasionado-por-la-volcadura-de-un-camion-cisterna-en-espinar\" target=\"_blank\" rel=\"noopener\">https:\/\/www.gob.pe\/institucion\/oefa\/noticias\/143613-oefa-supervisa-derrame-de-combustible-ocasionado-por-la-volcadura-de-un-camion-cisterna-en-espinar<\/a><\/p>\n<p><a href=\"#_ftnref3\" name=\"_ftn3\">[3]<\/a> El an\u00e1lisis detallado del decreto se encuentra en: <a href=\"https:\/\/muqui.org\/noticias\/decreto-n1500-sobre-reactivacion-economica-debilita-institucionalidad-ambiental-y-participacion-ciudadana\/\" target=\"_blank\" rel=\"noopener\">https:\/\/muqui.org\/noticias\/decreto-n1500-sobre-reactivacion-economica-debilita-institucionalidad-ambiental-y-participacion-ciudadana\/<\/a><\/p>\n","protected":false},"excerpt":{"rendered":"<p>Por: Blga. Karem Luque \/\u00c1rea de Derechos Colectivos y Medio Ambiente El 05 de junio es recordado como el d\u00eda mundial del medio ambiente, reconocimiento que se origina hace 48 a\u00f1os y que buscaba ser una fecha especial y de reflexi\u00f3n para evitar la contaminaci\u00f3n del aire y por ende propiciar un triunfo poblacional que [&hellip;]<\/p>\n","protected":false},"author":1,"featured_media":3974,"comment_status":"open","ping_status":"open","sticky":false,"template":"","format":"standard","meta":{"_monsterinsights_skip_tracking":false,"_monsterinsights_sitenote_active":false,"_monsterinsights_sitenote_note":"","_monsterinsights_sitenote_category":0,"_jetpack_memberships_contains_paid_content":false,"footnotes":"","jetpack_publicize_message":"","jetpack_publicize_feature_enabled":true,"jetpack_social_post_already_shared":false,"jetpack_social_options":{"image_generator_settings":{"template":"highway","default_image_id":0,"font":"","enabled":false},"version":2}},"categories":[1],"tags":[],"class_list":["post-3973","post","type-post","status-publish","format-standard","has-post-thumbnail","hentry","category-sin-categoria"],"blocksy_meta":[],"jetpack_publicize_connections":[],"jetpack_featured_media_url":"https:\/\/derechosinfronteras.pe\/wp-content\/uploads\/2020\/06\/HEROES-Y-VILLANOS-copia.jpg","jetpack_sharing_enabled":true,"jetpack_likes_enabled":true,"_links":{"self":[{"href":"https:\/\/derechosinfronteras.pe\/ingles\/wp-json\/wp\/v2\/posts\/3973","targetHints":{"allow":["GET"]}}],"collection":[{"href":"https:\/\/derechosinfronteras.pe\/ingles\/wp-json\/wp\/v2\/posts"}],"about":[{"href":"https:\/\/derechosinfronteras.pe\/ingles\/wp-json\/wp\/v2\/types\/post"}],"author":[{"embeddable":true,"href":"https:\/\/derechosinfronteras.pe\/ingles\/wp-json\/wp\/v2\/users\/1"}],"replies":[{"embeddable":true,"href":"https:\/\/derechosinfronteras.pe\/ingles\/wp-json\/wp\/v2\/comments?post=3973"}],"version-history":[{"count":0,"href":"https:\/\/derechosinfronteras.pe\/ingles\/wp-json\/wp\/v2\/posts\/3973\/revisions"}],"wp:featuredmedia":[{"embeddable":true,"href":"https:\/\/derechosinfronteras.pe\/ingles\/wp-json\/wp\/v2\/media\/3974"}],"wp:attachment":[{"href":"https:\/\/derechosinfronteras.pe\/ingles\/wp-json\/wp\/v2\/media?parent=3973"}],"wp:term":[{"taxonomy":"category","embeddable":true,"href":"https:\/\/derechosinfronteras.pe\/ingles\/wp-json\/wp\/v2\/categories?post=3973"},{"taxonomy":"post_tag","embeddable":true,"href":"https:\/\/derechosinfronteras.pe\/ingles\/wp-json\/wp\/v2\/tags?post=3973"}],"curies":[{"name":"wp","href":"https:\/\/api.w.org\/{rel}","templated":true}]}}