{"id":3975,"date":"2020-06-04T17:43:14","date_gmt":"2020-06-04T22:43:14","guid":{"rendered":"http:\/\/derechosinfronteras.pe\/?p=6001"},"modified":"2020-06-04T17:43:14","modified_gmt":"2020-06-04T22:43:14","slug":"crisis-por-el-covid-19-fartac-exige-declaratoria-de-emergencia-al-sector-agrario","status":"publish","type":"post","link":"https:\/\/derechosinfronteras.pe\/ingles\/crisis-por-el-covid-19-fartac-exige-declaratoria-de-emergencia-al-sector-agrario\/","title":{"rendered":"Crisis por el COVID-19: FARTAC exige declaratoria de emergencia al sector agrario"},"content":{"rendered":"<p>Redacci\u00f3n DHSF<\/p>\n<p>La Federaci\u00f3n Agraria Revolucionaria T\u00fapac Amaru (FARTAC) de Cusco exigi\u00f3 la declaratoria de emergencia al sector agrario a ra\u00edz de la crisis econ\u00f3mica que atraviesan los hombres y mujeres agricultores por la pandemia del COVID-19, la cual pone en riesgo la seguridad alimentaria de las comunidades campesinas.<\/p>\n<p>En una conferencia de prensa virtual, el presidente de la FARTAC en nuestra regi\u00f3n, V\u00edctor Ra\u00fal Mayta Frisancho, expres\u00f3 su preocupaci\u00f3n debido a que en la reciente campa\u00f1a agr\u00edcola de papa, ma\u00edz, trigo, cebada, habas, entre otros, ha sido notoria la baja producci\u00f3n. Esta campa\u00f1a &#8211; que inici\u00f3 en agosto del a\u00f1o pasado y termina este mes de junio- ha enfrentado dificultades en el transporte y comercializaci\u00f3n de los productos por esta emergencia sanitaria. A la vez, las lluvias intensas y granizadas han impactado las \u00e1reas de cultivo. \u201cNo podemos vender y tampoco tendremos semillas para la pr\u00f3xima campa\u00f1a agr\u00edcola\u201d, sustent\u00f3 el dirigente.<\/p>\n<p>Esta crisis se extiende en todo el territorio peruano, se agrava a\u00fan m\u00e1s por la falta de apoyo de las autoridades del nivel nacional, regional y local a este sector. Los migrantes de provincias del interior est\u00e1n retornando al campo ya que perdieron sus trabajos en las ciudades por la coyuntura del COVID-19. \u201cLos que retornan de Lima, Cusco, Madre de Dios, Arequipa no tienen parcelas familiares, no tienen los insumos, ni infraestructura ni asistencia t\u00e9cnica\u201d, advirti\u00f3 Mayta.<\/p>\n<p>El dirigente se dirigi\u00f3 al Gobierno Regional de Cusco y al Consejo Regional de Cusco para que mediante un acuerdo se declare en emergencia el agro. Asimismo, pidi\u00f3 que se conforme una comisi\u00f3n de emergencia agraria en los tres niveles de gobierno.<\/p>\n<p><strong>RESPALDAN PETITORIO <\/strong><\/p>\n<p>El presidente de la Convenci\u00f3n Nacional del Agro Peruano (Conveagro), Cl\u00edmaco C\u00e1rdenas, lament\u00f3 que este sector haya registrado p\u00e9rdidas econ\u00f3micas millonarias en el pa\u00eds debido a que los productos agrarios no han podido ser comercializados. El cierre de los mercados comunales, dispuesto por las autoridades para evitar la propagaci\u00f3n del COVID-19, ha afectado a los peque\u00f1os productores de Cusco, quienes recurr\u00edan a estos lugares a vender su cosecha directamente a los compradores. \u201cEsta poblaci\u00f3n es altamente vulnerable y no ha tenido acceso a bonos rurales\u2026\u201d, declar\u00f3.<\/p>\n<p>El congresista Len\u00edn Baz\u00e1n, quien es presidente de la Comisi\u00f3n de Pueblos Amaz\u00f3nicos y Andinos, se comprometi\u00f3 en apoyar la propuesta de la FARTAC ante el congreso. \u201cEstamos presentando un proyecto de ley para crear un fondo de salvataje para el peque\u00f1o agricultor (\u2026), lo estamos ingresando para el pleno pr\u00f3ximo. Tambi\u00e9n (otro proyecto de ley) para promover y obligar a las entidades del Estado promuevan los mercados agropecuarios\u2026\u201d, explic\u00f3.<\/p>\n<p>Por su parte, Elisa Chaparro, presidenta de la Asociaci\u00f3n Provincial de Mujeres Warmikuna T\u2019ikarisun de Paruro, demand\u00f3 al Estado acceso a cr\u00e9ditos sin intereses, para impulsar la agricultura familiar, la cual provee del 70 % de alimentos en el pa\u00eds. \u201cPedimos un precio justo para nuestros productos, el esfuerzo de toda nuestra familia al trabajar la tierra es solo para sobrevivir (\u2026), los intermediarios nos han pagado el precio que han querido\u201d, sostuvo.<\/p>\n<p>Asimismo, Percy Perales, secretario general de la Federaci\u00f3n Provincial de Campesinos de La Convenci\u00f3n y Yanatile, plante\u00f3 al gobierno regional y local la formulaci\u00f3n proyectos que garanticen la seguridad alimentaria y sistemas de riego. \u201cLa agricultura est\u00e1 d\u00e1ndonos de comer, no queremos que cuando termine este virus, el hambre empiece a golpear nuestros territorios\u201d, puntualiz\u00f3.<\/p>\n<figure id=\"attachment_6009\" aria-describedby=\"caption-attachment-6009\" style=\"width: 1024px\" class=\"wp-caption alignnone\"><img fetchpriority=\"high\" decoding=\"async\" class=\"size-large wp-image-6009\" src=\"http:\/\/derechosinfronteras.pe\/wp-content\/uploads\/2020\/06\/WhatsApp-Image-2020-06-04-at-3.04.39-PM-3-1024x682.jpeg\" alt=\"\" width=\"1024\" height=\"682\" \/><figcaption id=\"caption-attachment-6009\" class=\"wp-caption-text\">Foto: MOCICC\/Miguel Gutierrez<\/figcaption><\/figure>\n<p><strong>CHUMBIVILCAS Y ESPINAR<\/strong><\/p>\n<p>Luciano Ataucuri, secretario general de la Federaci\u00f3n Interprovincial de Defensa Territorial y Ambiental de la provincia de Chumbivilcas, Cotabambas, Espinar, Paruro y Grau, calific\u00f3 de preocupante la situaci\u00f3n de Chumbivilcas. Alrededor de 79 comunidades campesinas dedicadas a la agricultura deben enfrentar restricciones por parte de la Polic\u00eda y el Ej\u00e9rcito cuando intentan retirar su cosecha y comercializar sus productos agrarios. \u201cNo hay acceso al mercado, no hay medios de transportes y hay mal trato de la polic\u00eda y del ej\u00e9rcito. Algunos (comuneros) son iletrados, no saben sus derechos y tienden ser sumisos ante la autoridad\u201d, expuso.<\/p>\n<p>A esto se suma que los subsidios por parte del Estado en esta cuarentena nacional no han llegado a estas comunidades y tampoco hay alguna instituci\u00f3n que les oriente qu\u00e9 hacer. \u201cComo no reciben bonos, de qu\u00e9 viven, no tienen otros ingresos (\u2026). Son comunidades campesinas que tienen que caminar de 5 a 6 horas para ir a la capital de la provincia\u201d, indic\u00f3 Ataucuri.<\/p>\n<p>En Espinar, la integrante de la Asociaci\u00f3n de Mujeres Defensora del Territorio y Cultura K\u2019ana, Elsa Merma, dijo respaldar el petitorio de la FARTAC. \u201cLas municipalidades a trav\u00e9s de la Gerencia de Desarrollo Econ\u00f3mico deber\u00edan llegar a las comunidades e informar. Siempre las comunidades olvidadas y la producci\u00f3n agropecuaria olvidada\u201d, declar\u00f3.<\/p>\n<p>Similar es el panorama en el resto de las provincias de nuestra regi\u00f3n, por lo que se espera el pronunciamiento de las autoridades frente al petitorio de la declaratoria de emergencia.<\/p>","protected":false},"excerpt":{"rendered":"<p>Redacci\u00f3n DHSF La Federaci\u00f3n Agraria Revolucionaria T\u00fapac Amaru (FARTAC) de Cusco exigi\u00f3 la declaratoria de emergencia al sector agrario a ra\u00edz de la crisis econ\u00f3mica que atraviesan los hombres y mujeres agricultores por la pandemia del COVID-19, la cual pone en riesgo la seguridad alimentaria de las comunidades campesinas. En una conferencia de prensa virtual, [&hellip;]<\/p>\n","protected":false},"author":1,"featured_media":3976,"comment_status":"open","ping_status":"open","sticky":false,"template":"","format":"standard","meta":{"_monsterinsights_skip_tracking":false,"_monsterinsights_sitenote_active":false,"_monsterinsights_sitenote_note":"","_monsterinsights_sitenote_category":0,"_jetpack_memberships_contains_paid_content":false,"footnotes":"","jetpack_publicize_message":"","jetpack_publicize_feature_enabled":true,"jetpack_social_post_already_shared":false,"jetpack_social_options":{"image_generator_settings":{"template":"highway","default_image_id":0,"font":"","enabled":false},"version":2}},"categories":[1],"tags":[],"class_list":["post-3975","post","type-post","status-publish","format-standard","has-post-thumbnail","hentry","category-sin-categoria"],"blocksy_meta":[],"jetpack_publicize_connections":[],"jetpack_featured_media_url":"https:\/\/derechosinfronteras.pe\/wp-content\/uploads\/2020\/06\/nota-seguridadalimentaria.jpg","jetpack_sharing_enabled":true,"jetpack_likes_enabled":true,"_links":{"self":[{"href":"https:\/\/derechosinfronteras.pe\/ingles\/wp-json\/wp\/v2\/posts\/3975","targetHints":{"allow":["GET"]}}],"collection":[{"href":"https:\/\/derechosinfronteras.pe\/ingles\/wp-json\/wp\/v2\/posts"}],"about":[{"href":"https:\/\/derechosinfronteras.pe\/ingles\/wp-json\/wp\/v2\/types\/post"}],"author":[{"embeddable":true,"href":"https:\/\/derechosinfronteras.pe\/ingles\/wp-json\/wp\/v2\/users\/1"}],"replies":[{"embeddable":true,"href":"https:\/\/derechosinfronteras.pe\/ingles\/wp-json\/wp\/v2\/comments?post=3975"}],"version-history":[{"count":0,"href":"https:\/\/derechosinfronteras.pe\/ingles\/wp-json\/wp\/v2\/posts\/3975\/revisions"}],"wp:featuredmedia":[{"embeddable":true,"href":"https:\/\/derechosinfronteras.pe\/ingles\/wp-json\/wp\/v2\/media\/3976"}],"wp:attachment":[{"href":"https:\/\/derechosinfronteras.pe\/ingles\/wp-json\/wp\/v2\/media?parent=3975"}],"wp:term":[{"taxonomy":"category","embeddable":true,"href":"https:\/\/derechosinfronteras.pe\/ingles\/wp-json\/wp\/v2\/categories?post=3975"},{"taxonomy":"post_tag","embeddable":true,"href":"https:\/\/derechosinfronteras.pe\/ingles\/wp-json\/wp\/v2\/tags?post=3975"}],"curies":[{"name":"wp","href":"https:\/\/api.w.org\/{rel}","templated":true}]}}