{"id":3977,"date":"2020-06-02T19:33:23","date_gmt":"2020-06-03T00:33:23","guid":{"rendered":"http:\/\/derechosinfronteras.pe\/?p=5997"},"modified":"2020-06-02T19:33:23","modified_gmt":"2020-06-03T00:33:23","slug":"por-un-pacto-ecosocial-del-sur-america-latina-y-el-caribe","status":"publish","type":"post","link":"https:\/\/derechosinfronteras.pe\/ingles\/por-un-pacto-ecosocial-del-sur-america-latina-y-el-caribe\/","title":{"rendered":"Por un Pacto Ecosocial del Sur, Am\u00e9rica Latina y el Caribe"},"content":{"rendered":"<p><strong>\u00a1Adhi\u00e9rete ya y comparte en tus redes!<\/strong><\/p>\n<p>Esta iniciativa nace de un grupo de personas y organizaciones de diferentes pa\u00edses latinoamericanos. Nos motiva la urgencia de construir din\u00e1micas sociales capaces de responder a y contrarrestar las din\u00e1micas de reacomodo capitalista, concentraci\u00f3n de riqueza y destrucci\u00f3n de ecosistemas que vemos surgir en medio de la crisis del COVID-19, y de configurar, conjuntamente con quienes deseen juntarse, un horizonte colectivo de transformaci\u00f3n para Nuestra Am\u00e9rica que garantice un futuro digno.<\/p>\n<p>Retomando propuestas elaboradas colectivamente en distintos contextos, proponemos un Pacto Social, Ecol\u00f3gico, Econ\u00f3mico e Intercultural para Am\u00e9rica Latina. Este Pacto no es un listado de demandas que dirigimos a los gobiernos de turno. M\u00e1s bien, invita a construir imaginarios colectivos, acordar un rumbo compartido de la transformaci\u00f3n y una base para plataformas de lucha en los m\u00e1s diversos \u00e1mbitos de nuestras sociedades. Convoca a movimientos sociales, organizaciones territoriales, gremiales y barriales, comunidades y redes, pero tambi\u00e9n a gobiernos locales alternativos, parlamentarixs, magistradxs o servidorxs p\u00fablicos comprometidos con la transformaci\u00f3n; para cambiar las relaciones de fuerza, mediante plebiscitos, propuestas de ley, u otras muchas estrategias con una real incidencia para imponer estos cambios a las instituciones existentes por parte de una sociedad organizada y movilizada.<\/p>\n<p><strong>Texto completo, primeras firmas, formulario de adhesiones y m\u00e1s informaci\u00f3n, AS\u00cd COMO ADEHESIONES en:\u00a0<a href=\"http:\/\/www.pactoecosocialdelsur.com\/\" target=\"_blank\" rel=\"noopener\">www.pactoecosocialdelsur.com<\/a><\/strong><\/p>\n<p>&nbsp;<\/p>\n<p><strong>\u00bfQUIENES SOMOS?<\/strong><\/p>\n<p><strong>Esta iniciativa nace de un grupo de personas y organizaciones de diferentes pa\u00edses latinoamericanos. Nos motiva la urgencia de construir din\u00e1micas sociales capaces de responder a y contrarrestar las din\u00e1micas de reacomodo capitalista, concentraci\u00f3n de riqueza y destrucci\u00f3n de ecosistemas que vemos surgir en medio de la crisis del COVID-19, y de configurar, conjuntamente con quienes deseen juntarse, un horizonte colectivo de transformaci\u00f3n para Nuestra Am\u00e9rica que garantice un futuro digno.<\/strong><\/p>\n<p><strong>Primeras firmas:<\/strong><\/p>\n<p><strong>Organizaciones regionales (por orden alfab\u00e9tico)<\/strong><\/p>\n<ul>\n<li>Asociaci\u00f3n Latinoamericana de Medicina Social \u2013 Alames<\/li>\n<li>Grupo de Trabajo sobre Agroecolog\u00eda Pol\u00edtica, Clacso<\/li>\n<li>Observatorio Minero de Am\u00e9rica Latina \u2013 Ocmal<\/li>\n<li>Red Eclesial Panamaz\u00f3nica \u2013 Repan<\/li>\n<li>Red Internacional Oilwatch<\/li>\n<li>Red Latinoamericana de Mujeres Defensoras de Derechos Sociales y Ambientales<\/li>\n<\/ul>\n<p><strong>Organizaciones (por pa\u00eds y por orden alfab\u00e9tico)<\/strong><\/p>\n<p><strong>Argentina<\/strong><\/p>\n<ul>\n<li>Asociaci\u00f3n Argentina de Abogados Ambientalistas<\/li>\n<li>Confederaci\u00f3n Mapuche del Neuqu\u00e9n<\/li>\n<li>J\u00f3venes por el Clima-Argentina<\/li>\n<li>Observatorio Petrolero Sur<\/li>\n<li>Taller Ecologista de Rosario<\/li>\n<\/ul>\n<p><strong>Brasil<\/strong><\/p>\n<ul>\n<li>Federa\u00e7\u00e3o de \u00d3rg\u00e3os para Assist\u00eancia Social e Educacional \u2013 Fase<\/li>\n<li>Comiss\u00e3o Pastoral da Terra \u2013 CPT<\/li>\n<li>Instituto Pol\u00edticas Alternativas para o Cone Sul \u2013 Pacs<\/li>\n<\/ul>\n<p><strong>Bolivia<\/strong><\/p>\n<ul>\n<li>Colectivo Casa<\/li>\n<li>Red de la Diversidad<\/li>\n<li>Wayna Tambo<\/li>\n<li>Feminismo Comunitario Antipatriarcal<\/li>\n<li>Tejido de Cultura Viva Comunitaria<\/li>\n<\/ul>\n<p><strong>Chile<\/strong><\/p>\n<ul>\n<li>Observatorio Latinoamericano de Conflictos Ambientales \u2013 Olca<\/li>\n<li>Chile Sustentable<\/li>\n<\/ul>\n<p><strong>Colombia<\/strong><\/p>\n<ul>\n<li>Censat Agua Viva \u2013 Amigos de la Tierra Colombia<\/li>\n<li>Fuerza de Mujeres Way\u00fau<\/li>\n<li>Organizaci\u00f3n Nacional Ind\u00edgena de Colombia \u2013 ONIC<\/li>\n<li>Proceso de Comunidades Negras \u2013 PCN<\/li>\n<li>Grupo Semillas<\/li>\n<li>Grupo de Pensamiento Ambiental Sur<\/li>\n<\/ul>\n<p><strong>Ecuador<\/strong><\/p>\n<ul>\n<li>Acci\u00f3n Ecol\u00f3gica<\/li>\n<li>Colectivo de Geograf\u00eda Cr\u00edtica del Ecuador<\/li>\n<li>Comisi\u00f3n Ecum\u00e9nica de Derechos Humanos \u2013 Cedhu<\/li>\n<li>Confederaci\u00f3n de Nacionalidades Ind\u00edgenas de la Amazon\u00eda Ecuatoriana- Confeniae<\/li>\n<li>Confederaci\u00f3n de Pueblos de la Nacionalidad Kichwa del Ecuador \u2013 Ecuarunari<\/li>\n<li>Ecuador Decide \u2013 No TLC<\/li>\n<li>Frente Unitario de Trabajadores<\/li>\n<li>Mujeres de Frente<\/li>\n<li>Red Cultural del Sur<\/li>\n<li>Red Ecuatoriana de Cultura Viva Comunitaria<\/li>\n<li>Union de Afectados por Texaco \u2013 Udapt<\/li>\n<li>Yasunidos<\/li>\n<\/ul>\n<p><strong>Honduras<\/strong><\/p>\n<ul>\n<li>CONROA\/Madre Tierra<\/li>\n<\/ul>\n<p><strong>M\u00e9xico<\/strong><\/p>\n<ul>\n<li>Consejo Regional Ind\u00edgena y Popular de Xpujil \u2013 Cripx<\/li>\n<li>Consejo Regional Totonaco<\/li>\n<li>Consejo Tiyat Tlali<\/li>\n<li>Coordinadora Regional de Acci\u00f3n Solidaria en Defensa del Territorio Huasteca \u2013 Corason<\/li>\n<li>Grupo Territorio, G\u00e9nero y Extractivismo<\/li>\n<li>Mujer y Medio Ambiente<\/li>\n<li>Red de feminismos decoloniales<\/li>\n<li>Red de G\u00e9nero y Medio Ambiente \u2013 Rgema<\/li>\n<li>Seminario Movimientos Sociales, Estrategias y Alternativas en la Defensa de los Territorios de Oaxaca<\/li>\n<li>Tajtolmej Taltipak AC<\/li>\n<li>Universidad de la Tierra, Oaxaca<\/li>\n<\/ul>\n<p><strong>Nicaragua<\/strong><\/p>\n<ul>\n<li>Fundaci\u00f3n Popolna<\/li>\n<\/ul>\n<p><strong>Per\u00fa<\/strong><\/p>\n<ul>\n<li>Aprodeh Apurimac<\/li>\n<li>Asociaci\u00f3n Civil Centro de Cultura Popular Labor<\/li>\n<li>Asociaci\u00f3n Tarpurisunchis<\/li>\n<li>CooperAcci\u00f3n<\/li>\n<li>Derechos Humanos sin Fronteras<\/li>\n<li>Derechos Humanos y Medio Ambiente<\/li>\n<li>Instituto de Estudios de las Culturas Andinas \u2013 Ideca<\/li>\n<li>Instituto Surandino de Investigaci\u00f3n y Acci\u00f3n Solidaria<\/li>\n<li>Plataforma Interinstitucional Celendina<\/li>\n<li>Movimiento Ciudadano frente al Cambio Clim\u00e1tico<\/li>\n<li>Red Muqui<\/li>\n<\/ul>\n<p><strong>Venezuela<\/strong><\/p>\n<ul>\n<li>Observatorio de Ecolog\u00eda Pol\u00edtica \u2013 OEP<\/li>\n<li>Plataforma Ciudadana de Defensa de la Constituci\u00f3n<\/li>\n<\/ul>\n<p><strong>Personas (por pa\u00eds y en orden alfab\u00e9tico por el nombre)<\/strong><\/p>\n<p><strong>Argentina<\/strong><\/p>\n<ul>\n<li>Daniel Munchkik, escritor y periodista<\/li>\n<li>Enrique Viale, abogado Ambientalista<\/li>\n<li>Gabriela Massuh, escritora<\/li>\n<li>Horacio Tarcus, historiador<\/li>\n<li>Leonor Manso, dramaturga<\/li>\n<li>Maristella Svampa, soci\u00f3loga y escritora<\/li>\n<li>Mauro Fern\u00e1ndez, comunicador<\/li>\n<li>Pablo Alabarces, soci\u00f3logo<\/li>\n<li>Pablo Bertinat Rosario, Taller Ecologista\/OES UTN<\/li>\n<li>Patricia Zangaro, actriz<\/li>\n<li>Rafael Colombo, abogado ambientalista<\/li>\n<li>Rita Laura Segato, profesora Em\u00e9rita de la Universidad de Brasilia y Prof. de la Universidad Nacional de San Mart\u00edn<\/li>\n<li>Roberto Gargarella, constitucionalista<\/li>\n<li>Rub\u00e9n Lo Vuolo, economista<\/li>\n<li>Silvina Ram\u00edrez, abogada indigenista<\/li>\n<\/ul>\n<p><strong>Bolivia<\/strong><\/p>\n<ul>\n<li>Elizabeth Peredo Beltr\u00e1n, psic\u00f3loga, investigadora del Observatorio Boliviano de Cambio Clim\u00e1tico,- Obccd<\/li>\n<li>Mario Rodr\u00edguez Ib\u00e1\u00f1ez, Educador Popular, Wayna Tambo \u2013 Red de la Diversidad<\/li>\n<\/ul>\n<p><strong>Brasil<\/strong><\/p>\n<ul>\n<li>Breno Bringel, Universidade do Estado do Rio de Janeiro<\/li>\n<li>Carlos Walter Porto-Gon\u00e7alves, Laborat\u00f3rio de Estudos de Movimentos Sociais e Territorialidades \u2013 UFF<\/li>\n<li>C\u00e9lio Turino, historiador, Instituto Casa Comum<\/li>\n<li>Chico Whitaker, Coletivo 660<\/li>\n<li>Jos\u00e9 Correa Leite, Coletivo 660<\/li>\n<li>Leonardo Boff, ecote\u00f3logo y fil\u00f3sofo<\/li>\n<li>Luiz Marques, Coletivo 660<\/li>\n<li>Moema Miranda, Coletivo 660<\/li>\n<li>Sergio Haddad, Coletivo 660<\/li>\n<\/ul>\n<p><strong>Chile<\/strong><\/p>\n<ul>\n<li>Antonio Elizalde, Rector Em\u00e9rito de la Universidad Bolivariana de Chile<\/li>\n<li>Nancy Ya\u00f1ez Fuenzalida, Observatorio de Derechos de los Pueblos Ind\u00edgenas<\/li>\n<li>Sara Llara\u00edn, ecologista y pol\u00edtica<\/li>\n<\/ul>\n<p><strong>Colombia<\/strong><\/p>\n<ul>\n<li>Abadio Green Stocel, l\u00edder ind\u00edgena nacional, expresidente de la Oia y de la Onic<\/li>\n<li>Ana Patricia Noguera, docente universitaria, Universidad Nacional de Colombia<\/li>\n<li>Arturo Escobar, Antrop\u00f3logo, docente universitario jubilado<\/li>\n<li>Astrid Ulloa, docente universitaria, Universidad Nacional de Colombia<\/li>\n<li>Carlos Rosero, Proceso de Comunidades Negras, PCN<\/li>\n<li>Dario Fajardo, docente Universitario, Universidad Nacional de Colombia<\/li>\n<li>Francia M\u00e1rquez, Proceso de Comunidades Negras, PCN<\/li>\n<li>Tatiana Roa Avenda\u00f1o, CENSAT Agua Viva y Cedla UvAmsterdam<\/li>\n<\/ul>\n<p><strong>Ecuador<\/strong><\/p>\n<ul>\n<li>Alberto Acosta, Ex Presidente de la Asamblea Constituyente<\/li>\n<li>Cristina Vega, Flacso<\/li>\n<li>Esperanza Mart\u00ednez, Acci\u00f3n Ecol\u00f3gica<\/li>\n<li>Miriam Lang, Universidad Andina Sim\u00f3n Bol\u00edvar<\/li>\n<li>Nelsy Lizarazo, Pressenza<\/li>\n<li>Pablo Ospina, Universidad Andina Sim\u00f3n Bol\u00edvar<\/li>\n<li>Stalin Herrera, Instituto de Estudios Ecuatorianos<\/li>\n<\/ul>\n<p><strong>M\u00e9xico<\/strong><\/p>\n<ul>\n<li>A\u00edda L\u00f3pez, Universidad Aut\u00f3noma de la Ciudad de M\u00e9xico<\/li>\n<li>\u00c1ngela Ixkic Basti\u00e1n Duarte, Universidad Aut\u00f3noma del Estado de Morelos<\/li>\n<li>Enrique Leff, Economista y ambientalista<\/li>\n<li>Gustavo Esteva, Universidad de la Tierra<\/li>\n<li>Jaime Luna, Pensador ind\u00edgena, Oaxaca<\/li>\n<li>Lucia Linsalata, Investigadora del Instituto de Ciencias Sociales y Humanidades de la BUAP<\/li>\n<li>Mauricio Gonz\u00e1lez, Alianza Mexicana contra el Fracking<\/li>\n<li>Miguel Valencia, Red Ecologista Aut\u00f3noma de la Cuenca de M\u00e9xico<\/li>\n<li>Mina Lorena Navarro, Investigadora del Instituto de Ciencias Sociales y Humanidades de la BUAP<\/li>\n<li>Narciso Barrera Bassols, Grupo de Trabajo Agroecologia Politica CLACSO<\/li>\n<li>Omar Felipe Giraldo, profesor El Colegio de la Frontera Sur<\/li>\n<li>Raquel Guti\u00e9rrez, Investigadora del Instituto de Ciencias Sociales y Humanidades de la BUAP<\/li>\n<li>Sandra R\u00e1tiva Gaona, Benem\u00e9rita Universidad Aut\u00f3noma de Puebla<\/li>\n<\/ul>\n<p><strong>Per\u00fa<\/strong><\/p>\n<ul>\n<li>Ernesto Ra\u00e9z Luna, Ec\u00f3logo<\/li>\n<li>Gina Vargas, Articulaci\u00f3n Feminista Marcosur<\/li>\n<li>Gladis Vila Pihue, Activista Ind\u00edgena<\/li>\n<li>Hugo Blanco Gald\u00f3s, Director Lucha Ind\u00edgena<\/li>\n<li>Jaime Borda, Red Muqui<\/li>\n<li>Jos\u00e9 De Echave<\/li>\n<li>Lizardo Cauper, Presidente de Aidesep, Asociaci\u00f3n Interetnica de Desarrollo de la Selva Peruana<\/li>\n<li>Milton Sanchez Cubas, Plataforma Interinstitucional Celendina<\/li>\n<li>Roberto Espinoza, Red descolonialidad y autogobierno<\/li>\n<li>Roc\u00edo Silva Santisteban, Poeta y Eco-feminista<\/li>\n<li>Rocio Valdeavellano, Per\u00fa<\/li>\n<li>Roger Rumrill Lima, Escritor<\/li>\n<li>Shapiom Noningo, Secretario T\u00e9cnico del Gobierno Territorial Aut\u00f3nomo Naci\u00f3n Wampis<\/li>\n<\/ul>\n<p><strong>Uruguay<\/strong><\/p>\n<ul>\n<li>In\u00e9s Gazzano, Universidad de la Rep\u00fablica de Uruguay<\/li>\n<li>Lilian Celiberti \u2013 Cotidiano Mujer<\/li>\n<\/ul>\n<p><strong>Venezuela<\/strong><\/p>\n<ul>\n<li>Edgardo Lander, Universidad Central de Venezuela<\/li>\n<li>Emiliano Ter\u00e1n Mantovani, Investigador asociado del Cendes (UCV-Venezuela) y miembro del Observatorio de Ecolog\u00eda Pol\u00edtica de Venezuela<\/li>\n<li>Esteban Emilio Mosonyi, Antrop\u00f3logo, profesor universitario, Plataforma Ciudadana en Defensa de la Constituci\u00f3n<\/li>\n<li>Francisco Javier Velazco, Centro de Estudios del Desarrollo \u2013 Cendes, Universidad Central de Venezuela Plataforma de Ecolog\u00eda Pol\u00edtica<\/li>\n<li>Gregorio Mirabal, Coordinador General de COICA, Coordinadora de Organizaciones Ind\u00edgenas de la Cuenca Amaz\u00f3nica<\/li>\n<li>Gustavo M\u00e1rquez Mar\u00edn, Plataforma Ciudadana en Defensa de la Constituci\u00f3n<\/li>\n<li>H\u00e9ctor Navarro, Profesor Universitario, Plataforma Ciudadana en Defensa de la Constituci\u00f3n<\/li>\n<li>Juan Garc\u00eda Viloria, Aporrea.org, Plataforma Ciudadana en Defensa de la Constituci\u00f3n<\/li>\n<li>Keymer \u00c1vila Caracas Venezuela Investigador de la Universidad Central<\/li>\n<li>Liliana Buitrago Ar\u00e9valo, investigadora y activista, Observatorio de Ecolog\u00eda Pol\u00edtica de Venezuela<\/li>\n<li>Oly Ang\u00e9lica Mill\u00e1n Campos, Investigadora\/docente universitaria, Integrante de la Plataforma Ciudadana en Defensa de la Constituci\u00f3n<\/li>\n<li>Roberto L\u00f3pez, Profesor de la Universidad del Zulia, Plataforma Ciudadana en Defensa de la Constituci\u00f3n<\/li>\n<li>Santiago Arconada Rodr\u00edguez. Activista social y escritor, Integrante de la Plataforma Ciudadana en Defensa de la Constituci\u00f3n<\/li>\n<li>Vladimir Aguilar Castro, Profesor Universidad de Los Andes<\/li>\n<\/ul>\n<p><strong>Personas de contacto:<\/strong><\/p>\n<p><strong>Argentina<\/strong><\/p>\n<ul>\n<li>Maristella Svampa, correo electr\u00f3nico:\u00a0maristellasvampa@yahoo.com<\/li>\n<li>Enrique Viale, correo electr\u00f3nico:\u00a0enriqueviale@yahoo.com.ar<\/li>\n<\/ul>\n<p><strong>Bolivia<\/strong><\/p>\n<ul>\n<li>Mario Rodr\u00edguez Ib\u00e1\u00f1ez, correo electr\u00f3nico:\u00a0mario.reddiversidad@gmail.com<\/li>\n<\/ul>\n<p><strong>Chile<\/strong><\/p>\n<ul>\n<li>Antonio Elizalde, correo electr\u00f3nico:\u00a0antonio.elizalde@gmail.com<\/li>\n<\/ul>\n<p><strong>Colombia<\/strong><\/p>\n<ul>\n<li>Arturo Escobar, correo electr\u00f3nico:\u00a0turoescobar@gmail.com<\/li>\n<li>Tatiana Roa Avenda\u00f1o, correo electr\u00f3nico:\u00a0troaa@censat.org<\/li>\n<\/ul>\n<p><strong>Ecuador<\/strong><\/p>\n<ul>\n<li>Alberto Acosta, correo electr\u00f3nico:\u00a0alacosta49@yahoo.com<\/li>\n<li>Esperanza Mart\u00ednez, correo electr\u00f3nico:\u00a0esperanza@accionecol\u00f3gica.org<\/li>\n<li>Miriam Lang, correo electr\u00f3nico:\u00a0miriamantonialang@gmail.com<\/li>\n<\/ul>\n<p><strong>Per\u00fa<\/strong><\/p>\n<ul>\n<li>Jaime Borda, correo electr\u00f3nico:\u00a0jaime_borda@yahoo.es<\/li>\n<li>Jos\u00e9 De Echave, correo electr\u00f3nico:\u00a0jdeechave@cooperaccion.org.pe<\/li>\n<\/ul>\n<p><strong>Venezuela<\/strong><\/p>\n<ul>\n<li>Edgardo Lander, correo electr\u00f3nico:\u00a0elanderl@yahoo.com<\/li>\n<\/ul>\n<p>02 de junio de 2020<\/p>","protected":false},"excerpt":{"rendered":"<p>\u00a1Adhi\u00e9rete ya y comparte en tus redes! Esta iniciativa nace de un grupo de personas y organizaciones de diferentes pa\u00edses latinoamericanos. Nos motiva la urgencia de construir din\u00e1micas sociales capaces de responder a y contrarrestar las din\u00e1micas de reacomodo capitalista, concentraci\u00f3n de riqueza y destrucci\u00f3n de ecosistemas que vemos surgir en medio de la crisis [&hellip;]<\/p>\n","protected":false},"author":1,"featured_media":3978,"comment_status":"open","ping_status":"open","sticky":false,"template":"","format":"standard","meta":{"_monsterinsights_skip_tracking":false,"_monsterinsights_sitenote_active":false,"_monsterinsights_sitenote_note":"","_monsterinsights_sitenote_category":0,"_jetpack_memberships_contains_paid_content":false,"footnotes":"","jetpack_publicize_message":"","jetpack_publicize_feature_enabled":true,"jetpack_social_post_already_shared":false,"jetpack_social_options":{"image_generator_settings":{"template":"highway","default_image_id":0,"font":"","enabled":false},"version":2}},"categories":[1],"tags":[],"class_list":["post-3977","post","type-post","status-publish","format-standard","has-post-thumbnail","hentry","category-sin-categoria"],"blocksy_meta":[],"jetpack_publicize_connections":[],"jetpack_featured_media_url":"https:\/\/derechosinfronteras.pe\/wp-content\/uploads\/2020\/06\/PACTO-SOCIAL-DEL-SUR2.png","jetpack_sharing_enabled":true,"jetpack_likes_enabled":true,"_links":{"self":[{"href":"https:\/\/derechosinfronteras.pe\/ingles\/wp-json\/wp\/v2\/posts\/3977","targetHints":{"allow":["GET"]}}],"collection":[{"href":"https:\/\/derechosinfronteras.pe\/ingles\/wp-json\/wp\/v2\/posts"}],"about":[{"href":"https:\/\/derechosinfronteras.pe\/ingles\/wp-json\/wp\/v2\/types\/post"}],"author":[{"embeddable":true,"href":"https:\/\/derechosinfronteras.pe\/ingles\/wp-json\/wp\/v2\/users\/1"}],"replies":[{"embeddable":true,"href":"https:\/\/derechosinfronteras.pe\/ingles\/wp-json\/wp\/v2\/comments?post=3977"}],"version-history":[{"count":0,"href":"https:\/\/derechosinfronteras.pe\/ingles\/wp-json\/wp\/v2\/posts\/3977\/revisions"}],"wp:featuredmedia":[{"embeddable":true,"href":"https:\/\/derechosinfronteras.pe\/ingles\/wp-json\/wp\/v2\/media\/3978"}],"wp:attachment":[{"href":"https:\/\/derechosinfronteras.pe\/ingles\/wp-json\/wp\/v2\/media?parent=3977"}],"wp:term":[{"taxonomy":"category","embeddable":true,"href":"https:\/\/derechosinfronteras.pe\/ingles\/wp-json\/wp\/v2\/categories?post=3977"},{"taxonomy":"post_tag","embeddable":true,"href":"https:\/\/derechosinfronteras.pe\/ingles\/wp-json\/wp\/v2\/tags?post=3977"}],"curies":[{"name":"wp","href":"https:\/\/api.w.org\/{rel}","templated":true}]}}