{"id":3982,"date":"2020-05-28T17:39:39","date_gmt":"2020-05-28T22:39:39","guid":{"rendered":"http:\/\/derechosinfronteras.pe\/?p=5971"},"modified":"2020-05-28T17:39:39","modified_gmt":"2020-05-28T22:39:39","slug":"estado-debe-cumplir-con-brindar-atencion-prioritaria-a-las-victimas-de-esterilizaciones-forzadas","status":"publish","type":"post","link":"https:\/\/derechosinfronteras.pe\/ingles\/estado-debe-cumplir-con-brindar-atencion-prioritaria-a-las-victimas-de-esterilizaciones-forzadas\/","title":{"rendered":"Estado debe cumplir con brindar atenci\u00f3n prioritaria a las v\u00edctimas de esterilizaciones forzadas"},"content":{"rendered":"<p>Redacci\u00f3n DHSF<\/p>\n<p>El Grupo de Seguimiento a las Reparaciones por Esterilizaciones Forzadas (GREF) hizo un llamado al presidente Mart\u00edn Vizcarra Cornejo para que las mujeres inscritas en el Registro de V\u00edctimas de Esterilizaciones Forzadas (REVIESFO) accedan a un bono econ\u00f3mico y se les priorice la atenci\u00f3n en los servicios de salud en el marco de la pandemia por el COVID-19.<\/p>\n<p>Esta exigencia se hizo tras corroborar que este grupo de mujeres no ha sido considerado para tener derecho a un subsidio econ\u00f3mico, pese a encontrarse registrado en el REVIESFO y ser poblaci\u00f3n con alta vulnerabilidad en esta emergencia sanitaria. El 30 de marzo de este a\u00f1o, la Asociaci\u00f3n Peruana de Mujeres Afectadas por Esterilizaciones Forzadas solicit\u00f3 al Ministerio de Justicia y Derechos Humanos (MINJUSDH) y Ministerio de Inclusi\u00f3n y Desarrollo Social (MIDIS) que las v\u00edctimas sean beneficiarias de un bono econ\u00f3mico, para disminuir su situaci\u00f3n de vulnerabilidad durante el estado de emergencia. Hasta la fecha esta asociaci\u00f3n no ha tenido respuesta.<\/p>\n<p>El GREF expuso esta problem\u00e1tica y pedido a trav\u00e9s de un comunicado, en el cual conmemora el D\u00eda Internacional de Acci\u00f3n para la Salud de las Mujeres. Hoy 28 de mayo, el grupo evalu\u00f3 nuevamente en qu\u00e9 situaci\u00f3n se encuentra el derecho humano a la salud integral de las v\u00edctimas de esterilizaciones forzadas.<\/p>\n<p>Finalmente, en el comunicado, este grupo advierte que acudir\u00e1 a la Comisi\u00f3n Interamericana de Derechos Humanos para solicitar medidas cautelares y denunciar el incumplimiento de las obligaciones del Estado, si no se atienden las demandas de este grupo de mujeres.<\/p>\n<p>Nuestra instituci\u00f3n Derechos Humanos Sin Fronteras forma parte del GREF cuyo objetivo es lograr que el Estado cumpla con adoptar y ejecutar una pol\u00edtica de reparaciones para las v\u00edctimas de esterilizaciones forzadas. Por medio de este grupo, hemos enviado cartas al MINJUSDH y MIDIS para que las demandas de las mujeres se han resueltas. Hoy 28 de mayo nos sumamos, una vez m\u00e1s, a estas exigencias de atenci\u00f3n prioritaria.<\/p>\n<figure id=\"attachment_5986\" aria-describedby=\"caption-attachment-5986\" style=\"width: 1024px\" class=\"wp-caption alignnone\"><img fetchpriority=\"high\" decoding=\"async\" class=\"size-large wp-image-5986\" src=\"http:\/\/derechosinfronteras.pe\/wp-content\/uploads\/2020\/05\/WhatsApp-Image-2020-05-28-at-2.50.13-PM-1024x814.jpeg\" alt=\"\" width=\"1024\" height=\"814\" \/><figcaption id=\"caption-attachment-5986\" class=\"wp-caption-text\">Comunicado del GREF<\/figcaption><\/figure>","protected":false},"excerpt":{"rendered":"<p>Redacci\u00f3n DHSF El Grupo de Seguimiento a las Reparaciones por Esterilizaciones Forzadas (GREF) hizo un llamado al presidente Mart\u00edn Vizcarra Cornejo para que las mujeres inscritas en el Registro de V\u00edctimas de Esterilizaciones Forzadas (REVIESFO) accedan a un bono econ\u00f3mico y se les priorice la atenci\u00f3n en los servicios de salud en el marco de [&hellip;]<\/p>\n","protected":false},"author":1,"featured_media":3983,"comment_status":"open","ping_status":"open","sticky":false,"template":"","format":"standard","meta":{"_monsterinsights_skip_tracking":false,"_monsterinsights_sitenote_active":false,"_monsterinsights_sitenote_note":"","_monsterinsights_sitenote_category":0,"_jetpack_memberships_contains_paid_content":false,"footnotes":"","jetpack_publicize_message":"","jetpack_publicize_feature_enabled":true,"jetpack_social_post_already_shared":false,"jetpack_social_options":{"image_generator_settings":{"template":"highway","default_image_id":0,"font":"","enabled":false},"version":2}},"categories":[1],"tags":[],"class_list":["post-3982","post","type-post","status-publish","format-standard","has-post-thumbnail","hentry","category-sin-categoria"],"blocksy_meta":[],"jetpack_publicize_connections":[],"jetpack_featured_media_url":"https:\/\/derechosinfronteras.pe\/wp-content\/uploads\/2020\/05\/NOTA-RED.jpg","jetpack_sharing_enabled":true,"jetpack_likes_enabled":true,"_links":{"self":[{"href":"https:\/\/derechosinfronteras.pe\/ingles\/wp-json\/wp\/v2\/posts\/3982","targetHints":{"allow":["GET"]}}],"collection":[{"href":"https:\/\/derechosinfronteras.pe\/ingles\/wp-json\/wp\/v2\/posts"}],"about":[{"href":"https:\/\/derechosinfronteras.pe\/ingles\/wp-json\/wp\/v2\/types\/post"}],"author":[{"embeddable":true,"href":"https:\/\/derechosinfronteras.pe\/ingles\/wp-json\/wp\/v2\/users\/1"}],"replies":[{"embeddable":true,"href":"https:\/\/derechosinfronteras.pe\/ingles\/wp-json\/wp\/v2\/comments?post=3982"}],"version-history":[{"count":0,"href":"https:\/\/derechosinfronteras.pe\/ingles\/wp-json\/wp\/v2\/posts\/3982\/revisions"}],"wp:featuredmedia":[{"embeddable":true,"href":"https:\/\/derechosinfronteras.pe\/ingles\/wp-json\/wp\/v2\/media\/3983"}],"wp:attachment":[{"href":"https:\/\/derechosinfronteras.pe\/ingles\/wp-json\/wp\/v2\/media?parent=3982"}],"wp:term":[{"taxonomy":"category","embeddable":true,"href":"https:\/\/derechosinfronteras.pe\/ingles\/wp-json\/wp\/v2\/categories?post=3982"},{"taxonomy":"post_tag","embeddable":true,"href":"https:\/\/derechosinfronteras.pe\/ingles\/wp-json\/wp\/v2\/tags?post=3982"}],"curies":[{"name":"wp","href":"https:\/\/api.w.org\/{rel}","templated":true}]}}