{"id":3991,"date":"2020-05-26T19:40:21","date_gmt":"2020-05-27T00:40:21","guid":{"rendered":"http:\/\/derechosinfronteras.pe\/?p=5932"},"modified":"2020-05-26T19:40:21","modified_gmt":"2020-05-27T00:40:21","slug":"conflicto-limitrofe-la-directa-responsabilidad-es-de-las-anteriores-autoridades","status":"publish","type":"post","link":"https:\/\/derechosinfronteras.pe\/ingles\/conflicto-limitrofe-la-directa-responsabilidad-es-de-las-anteriores-autoridades\/","title":{"rendered":"Conflicto lim\u00edtrofe: \u201cLa directa responsabilidad es de las anteriores autoridades\u201d"},"content":{"rendered":"<p>Redacci\u00f3n DHSF<\/p>\n<p>El <a href=\"https:\/\/derechosinfronteras.pe\/ingles\/conflicto-limitrofe-alrededor-de-20-heridos-en-enfrentamiento-entre-comunidades-campesinas\/?fbclid=IwAR3Wyj2yS9lF9bSWcC4jc70omlKKhc28Vc8fgPHxoB032k1V9uqrMe-q48I\">violento enfrentamiento<\/a> entre las comunidades campesinas Ccacho Limamayo y Sawasawa por la disputa de un terreno ha causado diferentes opiniones, pero para el integrante del Frente \u00danico de Defensa de los Intereses de Chamaca, Ligario L\u00f3pez, esta pelea pudo haberse evitado hace mucho tiempo.<\/p>\n<p>\u201cNosotros estamos indignados porque este problema viene de a\u00f1os, la directa responsabilidad es de las anteriores autoridades y esto se arrastra hasta hoy\u201d, expres\u00f3 el dirigente.<\/p>\n<p>Precisamente, el problema lim\u00edtrofe tiene m\u00e1s de 40 a\u00f1os, por lo que L\u00f3pez consider\u00f3 que es necesario que se realice una mesa de di\u00e1logo para solucionar pronto la disputa de los terrenos de layme de papa, situados en el sector K\u2019uchiyo y que colindan con el territorio de la comunidad Sawasawa, ubicada en el distrito de Omacha, provincia de Paruro, y la comunidad CCacho Limamayo, ubicada en el distrito de Chamaca, provincia de Chumbivilcas.<\/p>\n<p>\u201cEstamos a la espera que ambas autoridades (de Omacha y Chamaca) intervengan y no haya otro hecho (m\u00e1s) lamentable\u2026 Llamamos a todas las autoridades, a las autoridades regionales, Ministerio de Agricultura\u201d, invoc\u00f3.<\/p>\n<p>Al respecto, el alcalde del distrito de Omacha, Alex Taylor, declar\u00f3 que ma\u00f1ana tendr\u00e1 una reuni\u00f3n con las autoridades del gobierno regional para que dispongan el inicio de una mesa de di\u00e1logo.<\/p>\n<p>\u201cLos puntos de la mesa de di\u00e1logo son dos: la identificaci\u00f3n de linderos y la demarcaci\u00f3n del territorio. La Oficina de Demarcaci\u00f3n del Gobierno Regional ya tiene sus mecanismos\u201d, explic\u00f3.<\/p>\n<p>Del mismo modo, seg\u00fan Taylor, el alcalde del distrito de Chamaca, Antonio Huam\u00e1n, est\u00e1 dispuesto a que se resuelva este conflicto lim\u00edtrofe que dej\u00f3 alrededor de 20 heridos la madrugada del lunes.<\/p>","protected":false},"excerpt":{"rendered":"<p>Redacci\u00f3n DHSF El violento enfrentamiento entre las comunidades campesinas Ccacho Limamayo y Sawasawa por la disputa de un terreno ha causado diferentes opiniones, pero para el integrante del Frente \u00danico de Defensa de los Intereses de Chamaca, Ligario L\u00f3pez, esta pelea pudo haberse evitado hace mucho tiempo. \u201cNosotros estamos indignados porque este problema viene de [&hellip;]<\/p>\n","protected":false},"author":1,"featured_media":3992,"comment_status":"open","ping_status":"open","sticky":false,"template":"","format":"standard","meta":{"_monsterinsights_skip_tracking":false,"_monsterinsights_sitenote_active":false,"_monsterinsights_sitenote_note":"","_monsterinsights_sitenote_category":0,"_jetpack_memberships_contains_paid_content":false,"footnotes":"","jetpack_publicize_message":"","jetpack_publicize_feature_enabled":true,"jetpack_social_post_already_shared":false,"jetpack_social_options":{"image_generator_settings":{"template":"highway","default_image_id":0,"font":"","enabled":false},"version":2}},"categories":[1],"tags":[],"class_list":["post-3991","post","type-post","status-publish","format-standard","has-post-thumbnail","hentry","category-sin-categoria"],"blocksy_meta":[],"jetpack_publicize_connections":[],"jetpack_featured_media_url":"https:\/\/derechosinfronteras.pe\/wp-content\/uploads\/2020\/05\/nota-invocan-a-mesa-de-dialogo.jpg","jetpack_sharing_enabled":true,"jetpack_likes_enabled":true,"_links":{"self":[{"href":"https:\/\/derechosinfronteras.pe\/ingles\/wp-json\/wp\/v2\/posts\/3991","targetHints":{"allow":["GET"]}}],"collection":[{"href":"https:\/\/derechosinfronteras.pe\/ingles\/wp-json\/wp\/v2\/posts"}],"about":[{"href":"https:\/\/derechosinfronteras.pe\/ingles\/wp-json\/wp\/v2\/types\/post"}],"author":[{"embeddable":true,"href":"https:\/\/derechosinfronteras.pe\/ingles\/wp-json\/wp\/v2\/users\/1"}],"replies":[{"embeddable":true,"href":"https:\/\/derechosinfronteras.pe\/ingles\/wp-json\/wp\/v2\/comments?post=3991"}],"version-history":[{"count":0,"href":"https:\/\/derechosinfronteras.pe\/ingles\/wp-json\/wp\/v2\/posts\/3991\/revisions"}],"wp:featuredmedia":[{"embeddable":true,"href":"https:\/\/derechosinfronteras.pe\/ingles\/wp-json\/wp\/v2\/media\/3992"}],"wp:attachment":[{"href":"https:\/\/derechosinfronteras.pe\/ingles\/wp-json\/wp\/v2\/media?parent=3991"}],"wp:term":[{"taxonomy":"category","embeddable":true,"href":"https:\/\/derechosinfronteras.pe\/ingles\/wp-json\/wp\/v2\/categories?post=3991"},{"taxonomy":"post_tag","embeddable":true,"href":"https:\/\/derechosinfronteras.pe\/ingles\/wp-json\/wp\/v2\/tags?post=3991"}],"curies":[{"name":"wp","href":"https:\/\/api.w.org\/{rel}","templated":true}]}}