{"id":3995,"date":"2020-05-25T10:28:00","date_gmt":"2020-05-25T15:28:00","guid":{"rendered":"http:\/\/derechosinfronteras.pe\/?p=5904"},"modified":"2020-05-25T10:28:00","modified_gmt":"2020-05-25T15:28:00","slug":"coronavirus-casos-confirmados-se-eleva-a-757-en-la-region","status":"publish","type":"post","link":"https:\/\/derechosinfronteras.pe\/ingles\/coronavirus-casos-confirmados-se-eleva-a-757-en-la-region\/","title":{"rendered":"Coronavirus: casos confirmados se elevan a 757 en la regi\u00f3n"},"content":{"rendered":"<p>Redacci\u00f3n DHSF<\/p>\n<p>La cifra de contagio por COVID-19 en nuestra regi\u00f3n sigue en aumento. Esta vez, a 757 lleg\u00f3 el n\u00famero de casos confirmados, 92 de estos detectados por prueba molecular y 665 detectados por prueba r\u00e1pida, seg\u00fan inform\u00f3 la Direcci\u00f3n Regional de Salud (DIRESA) de Cusco a trav\u00e9s del comunicado N\u00b0 41.<\/p>\n<p>A la fecha hay 3 personas hospitalizadas en la Unidad de Cuidados Intensivos del Hospital Antonio Lorena y 9 pacientes en la Unidad de Hospitalizaci\u00f3n Sala COVID19 (1 en el Hospital de EsSalud y 8 en el Hospital Regional de Cusco). Desde el comienzo de la pandemia hasta el momento se ha contabilizado 8 fallecidos por coronavirus.<\/p>\n<p>Adem\u00e1s, de los 757 casos confirmados, 697 se ubican en la provincia de Cusco, la cual se encuentra en la fase 3 de la enfermedad que refiere al contagio comunitario y esta implica una mayor expansi\u00f3n del coronavirus; es decir, pacientes quienes no tuvieron contacto con casos importados, resultan contagiados.<\/p>\n<p>Las provincias La Convenci\u00f3n (25 casos) y Quispicanchis (3 casos) permanecen en la fase 2; es decir, la fase de contenci\u00f3n, en la cual se ha identificado a los casos importados; mientras que, las provincias de Calca (3 casos), Urubamba (3 casos), Anta (10 casos), Chumbivilcas (1 caso), Acomayo (1 caso), Canchis (3 casos), Canas (2 casos) y Espinar (10 casos) est\u00e1n en la fase 1. Solo las provincias de Paruro y Paucartambo no han reportado ning\u00fan caso hasta la fecha.<\/p>\n<p>La DIRESA tambi\u00e9n advirti\u00f3 que esta instituci\u00f3n es la que difunde las cifras oficiales de los contagios en la regi\u00f3n a trav\u00e9s de comunicados y reportes de la sala de situaci\u00f3n del COVID-19. Esto luego de que el fin de semana el Ministerio de Salud habilitar\u00e1 una plataforma nacional de datos abiertos de COVID-19, la cual \u2013seg\u00fan la DIRESA- no tiene un riguroso control de calidad de data, pues en muchos casos confirmados en la regi\u00f3n se ha considerado la direcci\u00f3n domiciliaria consignada en el DNI del paciente y no el lugar de notificaci\u00f3n y diagn\u00f3stico de los casos, entre otras deficiencias, resultando as\u00ed una mayor cifra de contagios en las provincias y distritos causando p\u00e1nico entre la poblaci\u00f3n.<\/p>\n<figure id=\"attachment_5906\" aria-describedby=\"caption-attachment-5906\" style=\"width: 640px\" class=\"wp-caption alignnone\"><img fetchpriority=\"high\" decoding=\"async\" class=\"size-full wp-image-5906\" src=\"http:\/\/derechosinfronteras.pe\/wp-content\/uploads\/2020\/05\/comunicado-diresa.jpg\" alt=\"\" width=\"640\" height=\"481\" \/><figcaption id=\"caption-attachment-5906\" class=\"wp-caption-text\">Informaci\u00f3n de la DIRESA Cusco<\/figcaption><\/figure>","protected":false},"excerpt":{"rendered":"<p>Redacci\u00f3n DHSF La cifra de contagio por COVID-19 en nuestra regi\u00f3n sigue en aumento. Esta vez, a 757 lleg\u00f3 el n\u00famero de casos confirmados, 92 de estos detectados por prueba molecular y 665 detectados por prueba r\u00e1pida, seg\u00fan inform\u00f3 la Direcci\u00f3n Regional de Salud (DIRESA) de Cusco a trav\u00e9s del comunicado N\u00b0 41. A la [&hellip;]<\/p>\n","protected":false},"author":1,"featured_media":3996,"comment_status":"open","ping_status":"open","sticky":false,"template":"","format":"standard","meta":{"_monsterinsights_skip_tracking":false,"_monsterinsights_sitenote_active":false,"_monsterinsights_sitenote_note":"","_monsterinsights_sitenote_category":0,"_jetpack_memberships_contains_paid_content":false,"footnotes":"","jetpack_publicize_message":"","jetpack_publicize_feature_enabled":true,"jetpack_social_post_already_shared":false,"jetpack_social_options":{"image_generator_settings":{"template":"highway","default_image_id":0,"font":"","enabled":false},"version":2}},"categories":[1],"tags":[],"class_list":["post-3995","post","type-post","status-publish","format-standard","has-post-thumbnail","hentry","category-sin-categoria"],"blocksy_meta":[],"jetpack_publicize_connections":[],"jetpack_featured_media_url":"https:\/\/derechosinfronteras.pe\/wp-content\/uploads\/2020\/05\/NOTA-SITUACIONDE-COVID-19-CUSCO.jpg","jetpack_sharing_enabled":true,"jetpack_likes_enabled":true,"_links":{"self":[{"href":"https:\/\/derechosinfronteras.pe\/ingles\/wp-json\/wp\/v2\/posts\/3995","targetHints":{"allow":["GET"]}}],"collection":[{"href":"https:\/\/derechosinfronteras.pe\/ingles\/wp-json\/wp\/v2\/posts"}],"about":[{"href":"https:\/\/derechosinfronteras.pe\/ingles\/wp-json\/wp\/v2\/types\/post"}],"author":[{"embeddable":true,"href":"https:\/\/derechosinfronteras.pe\/ingles\/wp-json\/wp\/v2\/users\/1"}],"replies":[{"embeddable":true,"href":"https:\/\/derechosinfronteras.pe\/ingles\/wp-json\/wp\/v2\/comments?post=3995"}],"version-history":[{"count":0,"href":"https:\/\/derechosinfronteras.pe\/ingles\/wp-json\/wp\/v2\/posts\/3995\/revisions"}],"wp:featuredmedia":[{"embeddable":true,"href":"https:\/\/derechosinfronteras.pe\/ingles\/wp-json\/wp\/v2\/media\/3996"}],"wp:attachment":[{"href":"https:\/\/derechosinfronteras.pe\/ingles\/wp-json\/wp\/v2\/media?parent=3995"}],"wp:term":[{"taxonomy":"category","embeddable":true,"href":"https:\/\/derechosinfronteras.pe\/ingles\/wp-json\/wp\/v2\/categories?post=3995"},{"taxonomy":"post_tag","embeddable":true,"href":"https:\/\/derechosinfronteras.pe\/ingles\/wp-json\/wp\/v2\/tags?post=3995"}],"curies":[{"name":"wp","href":"https:\/\/api.w.org\/{rel}","templated":true}]}}