{"id":3998,"date":"2020-05-22T15:55:15","date_gmt":"2020-05-22T20:55:15","guid":{"rendered":"http:\/\/derechosinfronteras.pe\/?p=5893"},"modified":"2020-05-22T15:55:15","modified_gmt":"2020-05-22T20:55:15","slug":"continuan-reclamos-de-las-comunidades-a-minera-hudbay-por-proyectos-constancia","status":"publish","type":"post","link":"https:\/\/derechosinfronteras.pe\/ingles\/continuan-reclamos-de-las-comunidades-a-minera-hudbay-por-proyectos-constancia\/","title":{"rendered":"Contin\u00faa exigencia de derechos por parte de las comunidades a minera Hudbay por proyecto Constancia"},"content":{"rendered":"<p>Redacci\u00f3n DHSF<\/p>\n<p>El exdirigente del Frente \u00danico de Defensa de los Intereses de Velille, en Chumbivilcas, Germ\u00e1n Salcedo Condori, se sum\u00f3 a las voces que cuestionan los impactos la mina Hudbay Per\u00fa en el medio ambiente y los recursos h\u00eddricos de las comunidades aleda\u00f1as a la explotaci\u00f3n minera. \u201cGeneran impactos ambientales por ruido y polvareda que ocasiona el transporte minero sobre las comunidades de Ccollana y Urasal. Polvareda de las explosiones que realizan, entre las dos y las tres de la ma\u00f1ana, que afectan a las comunidades de Casa Blanca, Merques y Collana; y el polvo de relaves que afecta al sector de Fausi\u201d, anot\u00f3 Salcedo Condori.<\/p>\n<p>De otro lado, el dirigente sostuvo que la empresa minera se niega a renegociar el convenio marco para que favorezca al distrito de Velille, donde el \u201c87.7% son hogares pobres\u201d. Asimismo, sostuvo que hay temor en las comunidades a contagiarse con el coronavirus, porque hay 21 trabajadores de Hudbay con diagn\u00f3stico positivo al nuevo virus. Salcedo Condori coincide con el exsecretario general del Frente de Defensa de los Intereses de Chamaca, Mateo Casta\u00f1eda, quien d\u00edas atr\u00e1s refiri\u00f3 que la mina gener\u00f3 alteraci\u00f3n del ecosistema andino, desapareci\u00f3 el cerro Sayawaloma, se sec\u00f3 los bofedales, hay contaminaci\u00f3n con polvareda y, sobre todo, la contaminaci\u00f3n del r\u00edo Macaray Chiloroya por el vertimiento de las aguas servidas o residuales de la empresa minera. No hay que perder de vista que la organizaci\u00f3n Derechos Humanos Sin Fronteras del Cusco (DHS) public\u00f3 un informe sobre la preocupaci\u00f3n de las comunidades de la zona de influencia de la operaci\u00f3n minera Constancia.<\/p>\n<p>Tambi\u00e9n revela que la mina en 2017 contaba con 748 empleados: 444 contratados por un plazo y 304 a tiempo completo. El 100 % de servidores son peruanos, de los cuales 82 provienen de las comunidades locales. La mina Constancia empez\u00f3 a operar en diciembre de 2014. Extrae cobre, molibdeno y plata en un \u00e1rea de 22 mil 516 hect\u00e1reas entre los distritos de Velille, Chamaca y Livitaca de la provincia de Chumbivilcas. Cuenta con contrato de inversi\u00f3n firmado en 2012 con ProInversi\u00f3n por US$ 908 millones 155 mil 377. En junio de 2015 firmo una adenda por US$ 1 495 millones 870 mil 955 que le permite acogerse al r\u00e9gimen especial de recuperaci\u00f3n anticipada del Impuesto General a las Ventas (IGV). Mientras que la zona donde opera, seg\u00fan informaci\u00f3n del Ministerio de Desarrollo e Inclusi\u00f3n Social (MIDIS), hay pobreza y extrema pobreza. En el distrito de Chamaca el 9.4 % de 2558 hogares es no pobre, 24.4 % es pobre y 66.2 % es pobre extremo; en Livitaca el 5.1 % de 3908 hogares no es pobre, 16.6 % es pobre y 78.3 % es pobre extremo; y en Velille el 12.6 % de 2956 hogares no es pobre, 31.4% es pobre y 56 % es pobre extremo.<\/p>\n<p>Enlace del video testimonial:<\/p>\n<p><iframe title=\"Peruvian former-leader from Velille District sends message to HudBay Minerals\" width=\"1290\" height=\"726\" src=\"https:\/\/www.youtube.com\/embed\/53vPYpcg3TA?feature=oembed\" frameborder=\"0\" allow=\"accelerometer; autoplay; clipboard-write; encrypted-media; gyroscope; picture-in-picture; web-share\" allowfullscreen><\/iframe><\/p>\n<p>Enlace de Comunicado de Mining Watch:<\/p>\n<p>https:\/\/miningwatch.ca\/es\/news\/2020\/5\/21\/la-salud-y-el-bienestar-de-las-comunidades-y-trabajadores-ausente-en-la-agenda-en-la<\/p>\n<p>Enlace de Reporte de DHSF:<\/p>\n<p>https:\/\/derechosinfronteras.pe\/reporte-n-01-2020-dhsf\/<\/p>","protected":false},"excerpt":{"rendered":"<p>Redacci\u00f3n DHSF El exdirigente del Frente \u00danico de Defensa de los Intereses de Velille, en Chumbivilcas, Germ\u00e1n Salcedo Condori, se sum\u00f3 a las voces que cuestionan los impactos la mina Hudbay Per\u00fa en el medio ambiente y los recursos h\u00eddricos de las comunidades aleda\u00f1as a la explotaci\u00f3n minera. \u201cGeneran impactos ambientales por ruido y polvareda [&hellip;]<\/p>\n","protected":false},"author":1,"featured_media":3999,"comment_status":"open","ping_status":"open","sticky":false,"template":"","format":"standard","meta":{"_monsterinsights_skip_tracking":false,"_monsterinsights_sitenote_active":false,"_monsterinsights_sitenote_note":"","_monsterinsights_sitenote_category":0,"_jetpack_memberships_contains_paid_content":false,"footnotes":"","jetpack_publicize_message":"","jetpack_publicize_feature_enabled":true,"jetpack_social_post_already_shared":false,"jetpack_social_options":{"image_generator_settings":{"template":"highway","default_image_id":0,"font":"","enabled":false},"version":2}},"categories":[1],"tags":[],"class_list":["post-3998","post","type-post","status-publish","format-standard","has-post-thumbnail","hentry","category-sin-categoria"],"blocksy_meta":[],"jetpack_publicize_connections":[],"jetpack_featured_media_url":"https:\/\/derechosinfronteras.pe\/wp-content\/uploads\/2020\/05\/DERRAME-LAS-BAMBAS-copia.jpg","jetpack_sharing_enabled":true,"jetpack_likes_enabled":true,"_links":{"self":[{"href":"https:\/\/derechosinfronteras.pe\/ingles\/wp-json\/wp\/v2\/posts\/3998","targetHints":{"allow":["GET"]}}],"collection":[{"href":"https:\/\/derechosinfronteras.pe\/ingles\/wp-json\/wp\/v2\/posts"}],"about":[{"href":"https:\/\/derechosinfronteras.pe\/ingles\/wp-json\/wp\/v2\/types\/post"}],"author":[{"embeddable":true,"href":"https:\/\/derechosinfronteras.pe\/ingles\/wp-json\/wp\/v2\/users\/1"}],"replies":[{"embeddable":true,"href":"https:\/\/derechosinfronteras.pe\/ingles\/wp-json\/wp\/v2\/comments?post=3998"}],"version-history":[{"count":0,"href":"https:\/\/derechosinfronteras.pe\/ingles\/wp-json\/wp\/v2\/posts\/3998\/revisions"}],"wp:featuredmedia":[{"embeddable":true,"href":"https:\/\/derechosinfronteras.pe\/ingles\/wp-json\/wp\/v2\/media\/3999"}],"wp:attachment":[{"href":"https:\/\/derechosinfronteras.pe\/ingles\/wp-json\/wp\/v2\/media?parent=3998"}],"wp:term":[{"taxonomy":"category","embeddable":true,"href":"https:\/\/derechosinfronteras.pe\/ingles\/wp-json\/wp\/v2\/categories?post=3998"},{"taxonomy":"post_tag","embeddable":true,"href":"https:\/\/derechosinfronteras.pe\/ingles\/wp-json\/wp\/v2\/tags?post=3998"}],"curies":[{"name":"wp","href":"https:\/\/api.w.org\/{rel}","templated":true}]}}