{"id":4000,"date":"2020-05-21T13:41:22","date_gmt":"2020-05-21T18:41:22","guid":{"rendered":"http:\/\/derechosinfronteras.pe\/?p=5884"},"modified":"2020-05-21T13:41:22","modified_gmt":"2020-05-21T18:41:22","slug":"cusco-mujeres-de-las-comunidades-campesinas-se-enfrentan-al-covid-19-y-a-las-heladas","status":"publish","type":"post","link":"https:\/\/derechosinfronteras.pe\/ingles\/cusco-mujeres-de-las-comunidades-campesinas-se-enfrentan-al-covid-19-y-a-las-heladas\/","title":{"rendered":"Cusco: mujeres de las comunidades campesinas se enfrentan al COVID-19 y a las heladas"},"content":{"rendered":"<p>Redacci\u00f3n DHSF<\/p>\n<p>La temporada de invierno est\u00e1 a punto de empezar y todos los a\u00f1os viene acompa\u00f1ada de un evento extremo conocido en las zonas altas: helada. Esta condici\u00f3n clim\u00e1tica afecta la salud y los medios de vida de los departamentos ubicados en la sierra sur del pa\u00eds. A diferencia de otras \u00e9pocas, esta vez la pandemia del COVID-19 es un nuevo elemento en estos episodios de bajas temperaturas. Si bien la propagaci\u00f3n del virus depende de ciertos factores, las comunidades campesinas no est\u00e1n exentas de un posible contagio.<\/p>\n<p>TESTIMONIOS<\/p>\n<p>En la provincia de Chumbivilcas, Flora Salas, presidente de la Organizaci\u00f3n Distrital de Mujeres de Qui\u00f1ota, evita ir a la posta m\u00e9dica m\u00e1s cercana a atenderse. No quiere tener contacto con alguna persona infectada de COVID-19, por m\u00e1s s\u00edntomas que tenga a causa de una infecci\u00f3n al sistema respiratorio.<\/p>\n<p>\u201cTenemos miedo de ir por el coronavirus. Nos estamos cuidando en la casa. Y es que est\u00e1n llegando (personas) de las ciudades y est\u00e1n yendo de frente a la posta\u201d, relata.<\/p>\n<p>Por ahora, esta comunera utiliza alcohol, eucalipto, ajo y ki\u00f3n en la preparaci\u00f3n de infusiones y as\u00ed tratar de alguna manera una gripe, se\u00f1ala.<\/p>\n<p>\u201cSi hay alguna complicaci\u00f3n no tendr\u00edamos a donde recurrir, pero por ahora solo hay casos simples y en la comunidad ya sabemos c\u00f3mo curarnos con hierbas\u201d, explica.<\/p>\n<p>Junio, julio y agosto son los meses m\u00e1s crudos del invierno ya que en varias zonas caen las heladas. No obstante, durante el a\u00f1o, el Servicio Nacional de Meteorolog\u00eda e Hidrolog\u00eda emite comunicados para alertar ante posibles descensos de temperatura de manera repentina y sin que estas est\u00e9n sujetas a la \u00e9poca de invierno. As\u00ed como la \u00faltima advertencia para los poblados, ubicados a m\u00e1s de 3 mil 800 metros sobre el nivel del mar, en donde la temperatura nocturna bajar\u00e1 hasta hoy 21 de mayo a 8 grados Celsius bajo cero; mientras que, en localidades sobre los 4 mil 200 metros a valores alrededor de los 14 grados bajo cero. En el caso de Cusco, la alerta se enfoc\u00f3 en Espinar.<\/p>\n<p>Elsa Merma, quien vive en el distrito Yauri, provincia de Espinar, conoce bien el invierno de la sierra, as\u00ed que est\u00e1 acostumbrada a que el tiempo se torne inestable, algunos d\u00edas se presentan lluvias y otras veces cae la helada o como tambi\u00e9n no ocurra nada de eso.<\/p>\n<p>\u201cYa no es como antes. Ha cambiado mucho, a veces cae lluvia, otras veces cae heladas. Otras veces el d\u00eda est\u00e1 normal\u201d, precisa.<\/p>\n<p>A lo que s\u00ed ha tenido que habituarse es a cumplir con el aislamiento social y con el resto de medidas de prevenci\u00f3n del coronavirus, por ello ahora procura saber distinguir entre los s\u00edntomas del COVID-19 y de la gripe com\u00fan.<\/p>\n<p>\u201cSiempre hay que hacer recordar (a las personas) y diferenciar entre el COVID-19 y la gripe. M\u00e1s ahora que se han reportado casos en Espinar\u201d, sostiene.<\/p>\n<p>Elsa al igual que Flora consumen preparados con base a hierbas para aliviar los malestares de la gripe estacional y ambas esperan que este invierno no les arrebate la tranquilidad, pues la pandemia ya ha cambiado el ritmo de vida en el mundo.<\/p>","protected":false},"excerpt":{"rendered":"<p>Redacci\u00f3n DHSF La temporada de invierno est\u00e1 a punto de empezar y todos los a\u00f1os viene acompa\u00f1ada de un evento extremo conocido en las zonas altas: helada. Esta condici\u00f3n clim\u00e1tica afecta la salud y los medios de vida de los departamentos ubicados en la sierra sur del pa\u00eds. A diferencia de otras \u00e9pocas, esta vez [&hellip;]<\/p>\n","protected":false},"author":1,"featured_media":4001,"comment_status":"open","ping_status":"open","sticky":false,"template":"","format":"standard","meta":{"_monsterinsights_skip_tracking":false,"_monsterinsights_sitenote_active":false,"_monsterinsights_sitenote_note":"","_monsterinsights_sitenote_category":0,"_jetpack_memberships_contains_paid_content":false,"footnotes":"","jetpack_publicize_message":"","jetpack_publicize_feature_enabled":true,"jetpack_social_post_already_shared":false,"jetpack_social_options":{"image_generator_settings":{"template":"highway","default_image_id":0,"font":"","enabled":false},"version":2}},"categories":[1],"tags":[],"class_list":["post-4000","post","type-post","status-publish","format-standard","has-post-thumbnail","hentry","category-sin-categoria"],"blocksy_meta":[],"jetpack_publicize_connections":[],"jetpack_featured_media_url":"https:\/\/derechosinfronteras.pe\/wp-content\/uploads\/2020\/05\/NOTA-HELADAS.jpg","jetpack_sharing_enabled":true,"jetpack_likes_enabled":true,"_links":{"self":[{"href":"https:\/\/derechosinfronteras.pe\/ingles\/wp-json\/wp\/v2\/posts\/4000","targetHints":{"allow":["GET"]}}],"collection":[{"href":"https:\/\/derechosinfronteras.pe\/ingles\/wp-json\/wp\/v2\/posts"}],"about":[{"href":"https:\/\/derechosinfronteras.pe\/ingles\/wp-json\/wp\/v2\/types\/post"}],"author":[{"embeddable":true,"href":"https:\/\/derechosinfronteras.pe\/ingles\/wp-json\/wp\/v2\/users\/1"}],"replies":[{"embeddable":true,"href":"https:\/\/derechosinfronteras.pe\/ingles\/wp-json\/wp\/v2\/comments?post=4000"}],"version-history":[{"count":0,"href":"https:\/\/derechosinfronteras.pe\/ingles\/wp-json\/wp\/v2\/posts\/4000\/revisions"}],"wp:featuredmedia":[{"embeddable":true,"href":"https:\/\/derechosinfronteras.pe\/ingles\/wp-json\/wp\/v2\/media\/4001"}],"wp:attachment":[{"href":"https:\/\/derechosinfronteras.pe\/ingles\/wp-json\/wp\/v2\/media?parent=4000"}],"wp:term":[{"taxonomy":"category","embeddable":true,"href":"https:\/\/derechosinfronteras.pe\/ingles\/wp-json\/wp\/v2\/categories?post=4000"},{"taxonomy":"post_tag","embeddable":true,"href":"https:\/\/derechosinfronteras.pe\/ingles\/wp-json\/wp\/v2\/tags?post=4000"}],"curies":[{"name":"wp","href":"https:\/\/api.w.org\/{rel}","templated":true}]}}