{"id":4004,"date":"2020-05-20T16:48:36","date_gmt":"2020-05-20T21:48:36","guid":{"rendered":"http:\/\/derechosinfronteras.pe\/?p=5876"},"modified":"2023-12-28T20:57:00","modified_gmt":"2023-12-29T01:57:00","slug":"comunero-sostiene-que-actividad-minera-de-hudbay-impacta-sobre-el-territorio","status":"publish","type":"post","link":"https:\/\/derechosinfronteras.pe\/ingles\/comunero-sostiene-que-actividad-minera-de-hudbay-impacta-sobre-el-territorio\/","title":{"rendered":"Comunero sostiene que actividad minera de Hudbay impacta sobre el territorio"},"content":{"rendered":"<p>Redacci\u00f3n DHSF<\/p>\n<p>El exsecretario general del Frente de Defensa de los Intereses de Chamaca (Chumbivilcas), Timoteo Casta\u00f1eda, hizo un video en el que sostiene que la mina Hudbay tuvo fuertes impactos en el medio ambiente y las fuentes de agua de las comunidades aleda\u00f1as a la explotaci\u00f3n minera.<\/p>\n<p>\u201cHubo alteraci\u00f3n del ecosistema andino. Desapareci\u00f3 el cerro Sayawaloma, se secaron los bofedales, hay contaminaci\u00f3n con polvareda y, sobre todo, la contaminaci\u00f3n del r\u00edo Macaray Chiloroya por el vertimiento de las aguas servidas o residuales de la empresa minera\u201d, sostiene en la grabaci\u00f3n que ha sido publicada la organizaci\u00f3n canadiense MiningWatch Canada.<\/p>\n<p>Asimismo, sostuvo que la llegada de la minera provoc\u00f3 una alta confrontaci\u00f3n de intereses entre comunidades, as\u00ed como el surgimiento de conflictos sociales que han sido respondidas con acciones de \u201ccriminalizaci\u00f3n de la protesta\u201d. \u201cDirigentes como yo hemos sido denunciados hace 4 a\u00f1os y hasta ahora sigue el proceso\u201d, anot\u00f3 Casta\u00f1eda.<\/p>\n<p>Informe de DHSF<\/p>\n<p>Semanas atr\u00e1s, Derechos Humanos Sin Fronteras (DHSF) recogi\u00f3 en un <a href=\"https:\/\/derechosinfronteras.pe\/ingles\/reporte-n-01-2020-dhsf\/?fbclid=IwAR3Zyjh8A2Y2-TQ0uEDpPA6C49YJn7QdS_DZ6PB9wgjkagmchKaO0q7GfO0\">informe<\/a> la preocupaci\u00f3n de las comunidades de la zona de influencia de la operaci\u00f3n minera Constancia e hizo conocer las afectaciones al derecho a la salud y la vida de los 21 trabajadores de la minera.<\/p>\n<p>Ese trabajo precisa, entre otras cosas, que la empresa, en 2017, contaba con 748 empleados: 444 contratados por un plazo y 304 a tiempo completo. El 100 % de servidores son peruanos, de los cuales 82 provienen de las comunidades locales.<\/p>\n<p>Asimismo, precisa que la mina Constancia de Hudbay empez\u00f3 a operar en 2014. Extrae cobre, molibdeno y plata en un \u00e1rea de 22 mil 516 hect\u00e1reas entre los distritos de Velille, Chamaca y Livitaca de la provincia de Chumbivilcas. Cuenta con contrato de inversi\u00f3n firmado en 2012 con ProInversi\u00f3n por US$ 908 millones 155 mil 377. En junio de 2015 firmo una adenda por US$ 1 495 millones 870 mil 955 que le permite acogerse al r\u00e9gimen especial de recuperaci\u00f3n anticipada del Impuesto General a las Ventas (IGV).<\/p>\n<p>Solo en 2015 su producci\u00f3n de cobre alcanz\u00f3 106 mil 063 toneladas m\u00e9tricas (TMF) y en el 2018 122 mil 178 de TMF. Son, seg\u00fan el reporte de DHS, cantidades superiores a los 70 mil 533 toneladas anuales aprobado en el EISA del 2010.<\/p>\n<p>Mientras que la zona donde opera, seg\u00fan informaci\u00f3n del Ministerio de Desarrollo e Inclusi\u00f3n Social (MIDIS), hay pobreza y extrema pobreza. En el distrito de Chamaca el 9.4 % de 2558 hogares es no pobre, 24.4 % es pobre y 66.2 % es pobre extremo; en Livitaca el 5.1 % de 3908 hogares no es pobre, 16.6 % es pobre y 78.3 % es pobre extremo; y en Velille el 12.6 % de 2956 hogares no es pobre, 31.4% es pobre y 56 % es pobre extremo.<\/p>\n<p>Dale click aqu\u00ed para que puedas acceder al video completo de\u00a0MiningWatch Canada<\/p>","protected":false},"excerpt":{"rendered":"<p>Redacci\u00f3n DHSF El exsecretario general del Frente de Defensa de los Intereses de Chamaca (Chumbivilcas), Timoteo Casta\u00f1eda, hizo un video en el que sostiene que la mina Hudbay tuvo fuertes impactos en el medio ambiente y las fuentes de agua de las comunidades aleda\u00f1as a la explotaci\u00f3n minera. \u201cHubo alteraci\u00f3n del ecosistema andino. Desapareci\u00f3 el [&hellip;]<\/p>\n","protected":false},"author":1,"featured_media":4005,"comment_status":"open","ping_status":"open","sticky":false,"template":"","format":"standard","meta":{"_monsterinsights_skip_tracking":false,"_monsterinsights_sitenote_active":false,"_monsterinsights_sitenote_note":"","_monsterinsights_sitenote_category":0,"_jetpack_memberships_contains_paid_content":false,"footnotes":"","jetpack_publicize_message":"","jetpack_publicize_feature_enabled":true,"jetpack_social_post_already_shared":false,"jetpack_social_options":{"image_generator_settings":{"template":"highway","default_image_id":0,"font":"","enabled":false},"version":2}},"categories":[1],"tags":[],"class_list":["post-4004","post","type-post","status-publish","format-standard","has-post-thumbnail","hentry","category-sin-categoria"],"blocksy_meta":[],"jetpack_publicize_connections":[],"jetpack_featured_media_url":"https:\/\/derechosinfronteras.pe\/wp-content\/uploads\/2020\/05\/dirigente-not.jpg","jetpack_sharing_enabled":true,"jetpack_likes_enabled":true,"_links":{"self":[{"href":"https:\/\/derechosinfronteras.pe\/ingles\/wp-json\/wp\/v2\/posts\/4004","targetHints":{"allow":["GET"]}}],"collection":[{"href":"https:\/\/derechosinfronteras.pe\/ingles\/wp-json\/wp\/v2\/posts"}],"about":[{"href":"https:\/\/derechosinfronteras.pe\/ingles\/wp-json\/wp\/v2\/types\/post"}],"author":[{"embeddable":true,"href":"https:\/\/derechosinfronteras.pe\/ingles\/wp-json\/wp\/v2\/users\/1"}],"replies":[{"embeddable":true,"href":"https:\/\/derechosinfronteras.pe\/ingles\/wp-json\/wp\/v2\/comments?post=4004"}],"version-history":[{"count":1,"href":"https:\/\/derechosinfronteras.pe\/ingles\/wp-json\/wp\/v2\/posts\/4004\/revisions"}],"predecessor-version":[{"id":7145,"href":"https:\/\/derechosinfronteras.pe\/ingles\/wp-json\/wp\/v2\/posts\/4004\/revisions\/7145"}],"wp:featuredmedia":[{"embeddable":true,"href":"https:\/\/derechosinfronteras.pe\/ingles\/wp-json\/wp\/v2\/media\/4005"}],"wp:attachment":[{"href":"https:\/\/derechosinfronteras.pe\/ingles\/wp-json\/wp\/v2\/media?parent=4004"}],"wp:term":[{"taxonomy":"category","embeddable":true,"href":"https:\/\/derechosinfronteras.pe\/ingles\/wp-json\/wp\/v2\/categories?post=4004"},{"taxonomy":"post_tag","embeddable":true,"href":"https:\/\/derechosinfronteras.pe\/ingles\/wp-json\/wp\/v2\/tags?post=4004"}],"curies":[{"name":"wp","href":"https:\/\/api.w.org\/{rel}","templated":true}]}}