{"id":4006,"date":"2020-05-18T16:29:46","date_gmt":"2020-05-18T21:29:46","guid":{"rendered":"http:\/\/derechosinfronteras.pe\/?p=5865"},"modified":"2020-05-18T16:29:46","modified_gmt":"2020-05-18T21:29:46","slug":"no-debemos-confiarnos-infectologo-considera-que-acciones-contra-el-covid-19-son-insuficientes","status":"publish","type":"post","link":"https:\/\/derechosinfronteras.pe\/ingles\/no-debemos-confiarnos-infectologo-considera-que-acciones-contra-el-covid-19-son-insuficientes\/","title":{"rendered":"Poblaci\u00f3n m\u00e1s vulnerable al COVID-19 se encuentra en las zonas bajas de Cusco, seg\u00fan infect\u00f3logo"},"content":{"rendered":"<p>Redacci\u00f3n DHSF<\/p>\n<p>El presidente Mart\u00edn Vizcarra anunci\u00f3 en su \u00faltima aparici\u00f3n en televisi\u00f3n (el mi\u00e9rcoles 13 de mayo) que el pa\u00eds ha llegado a la cima de contagios, por lo que a partir de la fecha empezar\u00eda el periodo de descenso, pero en nuestra regi\u00f3n se siente la incertidumbre por el COVID-19.<\/p>\n<p>Si bien Cusco se ubica en el d\u00e9cimo cuarto lugar entre las regiones con mayor n\u00famero de pacientes con COVID-19 en el pa\u00eds, para el m\u00e9dico Manuel Montoya, infect\u00f3logo del Hospital Regional de Cusco ese resultado a nivel nacional no debe significar bajar la guardia ante el coronavirus.<\/p>\n<p>\u201cLa novedad es que el virus no se comporta con la misma agresividad que en otros sitios\u2026 No vemos un impacto en la salud, pero hay que proteger las zonas m\u00e1s bajas. Yo planteo que debemos intervenir a nivel de los valles, ah\u00ed es donde debemos destinar recursos porque cuando empiece la curva, ah\u00ed no van a tener esos recursos necesarios para enfrentarlo)\u201d, expres\u00f3.<\/p>\n<p>En ese contexto, el infect\u00f3logo explic\u00f3 que el virus se comporta de diferente manera dependiendo del lugar. Por ejemplo, en la ciudad de Cusco, ubicada a una altitud de 3300 msnm, el virus no tiene la misma letalidad por la altura. No obstante, este an\u00e1lisis no debe restarle importancia al tema sanitario, sobre todo, seg\u00fan dijo, cuando en la regi\u00f3n se est\u00e1n tomando pocas muestras para diagnosticar el coronavirus, las cuales no representar\u00edan ni el 1 % de la poblaci\u00f3n total. En el Censo Nacional 2017: XII De Poblaci\u00f3n, VII De Vivienda Y III De Comunidades Ind\u00edgenas, realizado por el Instituto Nacional de Estad\u00edstica e Inform\u00e1tica, la poblaci\u00f3n total de la regi\u00f3n Cusco fue de 1 mill\u00f3n 205 mil 527 habitantes.<\/p>\n<p>\u201cNo est\u00e1n haciendo una buena lectura del tema. Es insuficiente el n\u00famero de pruebas, si queremos saber cu\u00e1ntas personas tenemos el virus, primero debemos tomar (pruebas) a una muestra representativa. M\u00e1s o menos deber\u00edan realizarse de 50 mil a 80 mil pruebas\u201d, sostuvo.<\/p>\n<p>Precisamente, en el Comunicado N\u00b0 40 de la Direcci\u00f3n Regional de Salud, de fecha 16 de mayo, se inform\u00f3 que en la regi\u00f3n se han procesado 11 mil 041 muestras de laboratorios, 635 con resultado positivo para COVID-19.<\/p>\n<p>De acuerdo a datos oficiales de la Direcci\u00f3n Regional de Salud (DIRESA) de Cusco, el 7 de mayo, fecha en que empez\u00f3 la fase 3 del coronavirus, <a href=\"https:\/\/derechosinfronteras.pe\/ingles\/gobierno-regional-de-cusco-pide-ampliar-cuarentena-porque-entramos-en-fase-3\/\">seg\u00fan revel\u00f3 el gobernador regional Jean Paul Benavente<\/a>, hab\u00eda 301 casos detectados, entre pruebas moleculares y prueba r\u00e1pidas. Al d\u00eda siguiente, el n\u00famero se elev\u00f3 a 338 y el 9 de mayo a 407. El 12 de mayo a 466 y el 13 de mayo a 498. Hasta la fecha, seg\u00fan el \u00faltimo reporte (16 de mayo), hay 635 casos. Esto es, 334 casos m\u00e1s en solo nueves d\u00edas desde el comienzo de la fase 3, que se refiere al contagio comunitario y este implica una mayor expansi\u00f3n del coronavirus, pues pacientes quienes no tuvieron contacto con casos importados, resultan contagiados. Adem\u00e1s, hay 7 fallecidos por coronavirus.<\/p>\n<p>Sin embargo, el m\u00e9dico se\u00f1al\u00f3 que hay un an\u00e1lisis err\u00f3neo por parte del gobierno regional ya que en realidad la fase 3 empez\u00f3 casi en la misma fecha que la regi\u00f3n Lima, 20 de marzo.<\/p>\n<p>\u201cDebimos seguir el patr\u00f3n nacional, con las fechas y con esa misma curva ascendente y logar\u00edtmica. Todos dicen ya viene la ola, ya viene la ola y en lima ya vino la ola\u2026 La fase tres ya inici\u00f3 hace un mes o mes y medio. Hay un sesgo fuerte (por parte de las autoridades), eso ha llevado que haya actividades restrictivas en la ciudad\u201d, explic\u00f3 el m\u00e9dico.<\/p>\n<p>Finalmente, Montoya consider\u00f3 como un exceso de optimismo la declaraci\u00f3n del presidente Vizcarra con respecto a que la curva epidemiol\u00f3gica est\u00e9 llegando a una etapa de descenso debido a que este an\u00e1lisis est\u00e1 alejado de la realidad de las regiones, puesto que cada una vive una pandemia heterog\u00e9nea. Por consiguiente, la llegada de la curva descendente sigue siendo incierta en Cusco, mientras el COVID-19 sigue poniendo a prueba las capacidades de las autoridades de los distintos niveles de gobierno, quienes no imaginaron pasar una pandemia cuyos casos a nivel nacional suman 94 mil 933 y 2 mil 789 muertos.<\/p>","protected":false},"excerpt":{"rendered":"<p>Redacci\u00f3n DHSF El presidente Mart\u00edn Vizcarra anunci\u00f3 en su \u00faltima aparici\u00f3n en televisi\u00f3n (el mi\u00e9rcoles 13 de mayo) que el pa\u00eds ha llegado a la cima de contagios, por lo que a partir de la fecha empezar\u00eda el periodo de descenso, pero en nuestra regi\u00f3n se siente la incertidumbre por el COVID-19. Si bien Cusco [&hellip;]<\/p>\n","protected":false},"author":1,"featured_media":4007,"comment_status":"open","ping_status":"open","sticky":false,"template":"","format":"standard","meta":{"_monsterinsights_skip_tracking":false,"_monsterinsights_sitenote_active":false,"_monsterinsights_sitenote_note":"","_monsterinsights_sitenote_category":0,"_jetpack_memberships_contains_paid_content":false,"footnotes":"","jetpack_publicize_message":"","jetpack_publicize_feature_enabled":true,"jetpack_social_post_already_shared":false,"jetpack_social_options":{"image_generator_settings":{"template":"highway","default_image_id":0,"font":"","enabled":false},"version":2}},"categories":[1],"tags":[],"class_list":["post-4006","post","type-post","status-publish","format-standard","has-post-thumbnail","hentry","category-sin-categoria"],"blocksy_meta":[],"jetpack_publicize_connections":[],"jetpack_featured_media_url":"https:\/\/derechosinfronteras.pe\/wp-content\/uploads\/2020\/05\/NOTA-Manuel-Monyota.jpg","jetpack_sharing_enabled":true,"jetpack_likes_enabled":true,"_links":{"self":[{"href":"https:\/\/derechosinfronteras.pe\/ingles\/wp-json\/wp\/v2\/posts\/4006","targetHints":{"allow":["GET"]}}],"collection":[{"href":"https:\/\/derechosinfronteras.pe\/ingles\/wp-json\/wp\/v2\/posts"}],"about":[{"href":"https:\/\/derechosinfronteras.pe\/ingles\/wp-json\/wp\/v2\/types\/post"}],"author":[{"embeddable":true,"href":"https:\/\/derechosinfronteras.pe\/ingles\/wp-json\/wp\/v2\/users\/1"}],"replies":[{"embeddable":true,"href":"https:\/\/derechosinfronteras.pe\/ingles\/wp-json\/wp\/v2\/comments?post=4006"}],"version-history":[{"count":0,"href":"https:\/\/derechosinfronteras.pe\/ingles\/wp-json\/wp\/v2\/posts\/4006\/revisions"}],"wp:featuredmedia":[{"embeddable":true,"href":"https:\/\/derechosinfronteras.pe\/ingles\/wp-json\/wp\/v2\/media\/4007"}],"wp:attachment":[{"href":"https:\/\/derechosinfronteras.pe\/ingles\/wp-json\/wp\/v2\/media?parent=4006"}],"wp:term":[{"taxonomy":"category","embeddable":true,"href":"https:\/\/derechosinfronteras.pe\/ingles\/wp-json\/wp\/v2\/categories?post=4006"},{"taxonomy":"post_tag","embeddable":true,"href":"https:\/\/derechosinfronteras.pe\/ingles\/wp-json\/wp\/v2\/tags?post=4006"}],"curies":[{"name":"wp","href":"https:\/\/api.w.org\/{rel}","templated":true}]}}