{"id":4008,"date":"2020-05-15T13:39:00","date_gmt":"2020-05-15T18:39:00","guid":{"rendered":"http:\/\/derechosinfronteras.pe\/?p=5857"},"modified":"2020-05-15T13:39:00","modified_gmt":"2020-05-15T18:39:00","slug":"cusco-diresa-ya-no-cuenta-con-pruebas-rapidas-para-detectar-el-covid-19","status":"publish","type":"post","link":"https:\/\/derechosinfronteras.pe\/ingles\/cusco-diresa-ya-no-cuenta-con-pruebas-rapidas-para-detectar-el-covid-19\/","title":{"rendered":"Cusco: DIRESA ya no cuenta con pruebas r\u00e1pidas para detectar el COVID-19"},"content":{"rendered":"<p>Redacci\u00f3n DHSF<\/p>\n<p>La Direcci\u00f3n Regional de Salud (DIRESA) de Cusco ya no cuenta en sus almacenes con pruebas r\u00e1pidas para detectar el COVID-19 y a la fecha solo tiene 60 pruebas moleculares disponibles, mientras tanto, los casos confirmados en la regi\u00f3n se elevaron a 530.<\/p>\n<p>As\u00ed lo confirm\u00f3 esta instituci\u00f3n a trav\u00e9s de un comunicado, en el cual lamenta que, a pesar de los reiterados pedidos de pruebas moleculares y pruebas r\u00e1pidas, el Ministerio de Salud y el Instituto Nacional de Salud no hayan respondido de manera inmediata a las solicitudes.<\/p>\n<p>\u00ab&#8230;requiri\u00e9ndose a la fecha 10,000 pruebas moleculares y 20,000 pruebas r\u00e1pidas lo que pedimos y exigimos se nos atienda a la brevedad posible\u00bb, se lee en el comunicado.<\/p>\n<p>La regi\u00f3n se encuentra en la fase 3 del coronavirus, es decir de contagio comunitario, por lo que la DIRESA inst\u00f3 a la poblaci\u00f3n a cumplir con las medidas de prevenci\u00f3n como el aislamiento social obligatorio y el lavado de manos con agua y jab\u00f3n cada vez que sea necesario y por 20 segundos, as\u00ed como respetar la distancia personal, utilizar mascarillas de protecci\u00f3n en la calle, entre otras.<\/p>\n<p>De los 530 casos confirmados, 192 pacientes han sido dados de alta epidemiol\u00f3gica. Dos contagiados se encuentran hospitalizados en la Unidad de Cuidados Intensivos del Hospital Antonio Lorena y siete pacientes en la Unidad de Hospitalizaci\u00f3n Sala COVID-19 (uno en el Hospital de EsSalud y seis en el Hospital Regional). A la fecha, hay 5 muertes por coronavirus en nuestra regi\u00f3n.<\/p>\n<p>De acuerdo a datos oficiales de la DIRESA, el 7 de mayo, fecha en que <a href=\"https:\/\/derechosinfronteras.pe\/ingles\/gobierno-regional-de-cusco-pide-ampliar-cuarentena-porque-entramos-en-fase-3\/\">empez\u00f3 la fase 3<\/a> del coronavirus, hab\u00eda 301 casos detectados, entre pruebas moleculares y prueba r\u00e1pidas. Al d\u00eda siguiente, el n\u00famero de casos se elev\u00f3 a 338 y el 9 de mayo a 407. El 12 de mayo a 466 y el 13 de mayo a 498. Hasta la fecha, seg\u00fan el \u00faltimo reporte, en total hay 530. Esto es, 229 casos m\u00e1s en solo una semana desde el comienzo de la fase 3.<\/p>","protected":false},"excerpt":{"rendered":"<p>Redacci\u00f3n DHSF La Direcci\u00f3n Regional de Salud (DIRESA) de Cusco ya no cuenta en sus almacenes con pruebas r\u00e1pidas para detectar el COVID-19 y a la fecha solo tiene 60 pruebas moleculares disponibles, mientras tanto, los casos confirmados en la regi\u00f3n se elevaron a 530. As\u00ed lo confirm\u00f3 esta instituci\u00f3n a trav\u00e9s de un comunicado, [&hellip;]<\/p>\n","protected":false},"author":1,"featured_media":4009,"comment_status":"open","ping_status":"open","sticky":false,"template":"","format":"standard","meta":{"_monsterinsights_skip_tracking":false,"_monsterinsights_sitenote_active":false,"_monsterinsights_sitenote_note":"","_monsterinsights_sitenote_category":0,"_jetpack_memberships_contains_paid_content":false,"footnotes":"","jetpack_publicize_message":"","jetpack_publicize_feature_enabled":true,"jetpack_social_post_already_shared":false,"jetpack_social_options":{"image_generator_settings":{"template":"highway","default_image_id":0,"font":"","enabled":false},"version":2}},"categories":[1],"tags":[],"class_list":["post-4008","post","type-post","status-publish","format-standard","has-post-thumbnail","hentry","category-sin-categoria"],"blocksy_meta":[],"jetpack_publicize_connections":[],"jetpack_featured_media_url":"https:\/\/derechosinfronteras.pe\/wp-content\/uploads\/2020\/05\/NOTA-PRUEBAS-RAPIDAS.jpg","jetpack_sharing_enabled":true,"jetpack_likes_enabled":true,"_links":{"self":[{"href":"https:\/\/derechosinfronteras.pe\/ingles\/wp-json\/wp\/v2\/posts\/4008","targetHints":{"allow":["GET"]}}],"collection":[{"href":"https:\/\/derechosinfronteras.pe\/ingles\/wp-json\/wp\/v2\/posts"}],"about":[{"href":"https:\/\/derechosinfronteras.pe\/ingles\/wp-json\/wp\/v2\/types\/post"}],"author":[{"embeddable":true,"href":"https:\/\/derechosinfronteras.pe\/ingles\/wp-json\/wp\/v2\/users\/1"}],"replies":[{"embeddable":true,"href":"https:\/\/derechosinfronteras.pe\/ingles\/wp-json\/wp\/v2\/comments?post=4008"}],"version-history":[{"count":0,"href":"https:\/\/derechosinfronteras.pe\/ingles\/wp-json\/wp\/v2\/posts\/4008\/revisions"}],"wp:featuredmedia":[{"embeddable":true,"href":"https:\/\/derechosinfronteras.pe\/ingles\/wp-json\/wp\/v2\/media\/4009"}],"wp:attachment":[{"href":"https:\/\/derechosinfronteras.pe\/ingles\/wp-json\/wp\/v2\/media?parent=4008"}],"wp:term":[{"taxonomy":"category","embeddable":true,"href":"https:\/\/derechosinfronteras.pe\/ingles\/wp-json\/wp\/v2\/categories?post=4008"},{"taxonomy":"post_tag","embeddable":true,"href":"https:\/\/derechosinfronteras.pe\/ingles\/wp-json\/wp\/v2\/tags?post=4008"}],"curies":[{"name":"wp","href":"https:\/\/api.w.org\/{rel}","templated":true}]}}