{"id":4010,"date":"2020-05-14T20:16:56","date_gmt":"2020-05-15T01:16:56","guid":{"rendered":"http:\/\/derechosinfronteras.pe\/?p=5845"},"modified":"2020-05-14T20:16:56","modified_gmt":"2020-05-15T01:16:56","slug":"espinar-aprueban-entrega-de-bono-de-s-1000-a-pobladores-por-emergencia-covid-19","status":"publish","type":"post","link":"https:\/\/derechosinfronteras.pe\/ingles\/espinar-aprueban-entrega-de-bono-de-s-1000-a-pobladores-por-emergencia-covid-19\/","title":{"rendered":"Espinar: aprueban entrega de bono de S\/ 1000 a pobladores por emergencia COVID-19"},"content":{"rendered":"<p>Redacci\u00f3n DHSF<\/p>\n<p>En una reuni\u00f3n realizada hoy en la tarde entre los integrantes del Comit\u00e9 de Gesti\u00f3n del Convenio Marco Espinar-Cusco, se aprob\u00f3 un bono econ\u00f3mico humanitario de S\/ 1000 a favor de la poblaci\u00f3n electoral de la provincia de Espinar por la crisis econ\u00f3mica que atraviesan debido a la declaratoria de emergencia sanitaria por el COVID-19.<\/p>\n<p>Con 5 votos a favor, los cuales fueron del alcalde provincial Lolo Arenas, el Frente \u00danico de Defensa de los Intereses de la provincia de Espinar, la Asociaci\u00f3n de Urbanizaciones Populares y Pueblos J\u00f3venes de Espinar, el representante de la cuenca del Salado y representante de los alcaldes distritales, se decidi\u00f3 utilizar parte del presupuesto del convenio por tratarse de un hecho excepcional.<\/p>\n<p>Los que se abstuvieron a votar fueron los representantes de la Federaci\u00f3n Unificada de Campesinos de Espinar, el representante de la cuenca del Ca\u00f1ip\u00eda y el gerente de Relaciones Comunitarias de la empresa minera Antapaccay, Livio Paliza. Este \u00faltimo expres\u00f3 su desacuerdo con la votaci\u00f3n, pues \u2013seg\u00fan dijo- no se ha cumplido con el procedimiento regular que ordena el Convenio Marco Espinar-Cusco.<\/p>\n<p>\u201cLa pandemia reci\u00e9n est\u00e1 empezando y queremos malgastar y desaparecer el dinero y eso no est\u00e1 bien. Sin ning\u00fan criterio, sin ninguna evaluaci\u00f3n, sin ning\u00fan proyecto se quiere aprobar\u2026 Con 40 millones se pudieron hacer obras, proyectos de desarrollo sostenible, pero no el d\u00eda de hoy han decidido repartirse el dinero un hecho hist\u00f3rico porque en ninguna parte del pa\u00eds se da eso y por eso con esta decisi\u00f3n est\u00e1n pulverizando ese presupuesto\u201d, cuestion\u00f3 durante la sesi\u00f3n.<\/p>\n<p>Sin embargo, igual se aprob\u00f3 el bono, el cual se entregar\u00e1 en una sola armada y, por \u00fanica vez, su aprobaci\u00f3n se salt\u00f3 algunos procedimientos, tal como el mismo presidente del Comit\u00e9 de Gesti\u00f3n del Convenio Marco, Lolo Arenas, reconoci\u00f3 en la reuni\u00f3n.<\/p>\n<p>\u201cPor tratarse de una emergencia sanitaria, por un caso excepcional. Quiero hacer constar en acta que por \u00fanica vez tenemos que dejar sin efecto algunos protocolos, algunas reglas, algunas normativas que existen en el convenio marco. Esta (aprobaci\u00f3n) no es porque nos da la gana. Estamos aprobando al ver el clamor y sentimiento de nuestro pueblo y\u00a0 por lo menos llegar\u00e1 (el bono) a todos los electores espinarenses\u201d, sostuvo.<\/p>\n<p>Esta reuni\u00f3n de emergencia se desarroll\u00f3 a solicitud del Frente \u00danico de Defensa de los Intereses de la provincia de Espinar cuyos integrantes enviaron una carta al presidente del Comit\u00e9 de Gesti\u00f3n del Convenio Marco, Lolo Arenas, quien tambi\u00e9n es el alcalde provincial de Espinar. La carta tambi\u00e9n fue firmada por representantes de la Federaci\u00f3n Unificada de Campesinos de Espinar, Asociaci\u00f3n de Urbanizaciones Populares y Pueblos J\u00f3venes de Espinar, construcci\u00f3n civil, rondas campesinas, juntas vecinales, entre otras organizaciones.<\/p>\n<p><strong>\u00bfCU\u00c1NTA ES LA POBLACI\u00d3N ELECTORAL?<\/strong><\/p>\n<p>De acuerdo a los resultados de las \u00faltimas elecciones regionales y municipales del a\u00f1o 2018, en la provincia de Espinar hay en total 44 mil 018 electores h\u00e1biles, de los cuales solo votaron en esos comicios 35 mil 398. Bas\u00e1ndose en la votaci\u00f3n del Comit\u00e9 de Gesti\u00f3n del Convenio Marco Cusco-Espinar, estar\u00edamos hablando de aproximadamente 44 millones de soles\u00a0 que se destinar\u00e1n \u00fanicamente para la poblaci\u00f3n electoral en esta \u00e9poca de cuarentena nacional.<\/p>\n<p>Esta informaci\u00f3n fue confirmada por el presidente del Frente \u00danico de Defensa de los Intereses de Espinar, Ricardo Carlos, quien reiter\u00f3 que el bono ser\u00e1 para toda la provincia.<\/p>\n<p>\u201cLa empresa minera nos inform\u00f3 que el convenio marco tiene m\u00e1s o menos 140 millones de soles. Y la posici\u00f3n del frente de defensa es primero pedir un informe y ver los saldos de los proyectos ejecutados del anterior aporte para no afectar los proyectos en evaluaci\u00f3n y luego pedir reembolso del a\u00f1o 2019\u201d, explic\u00f3.<\/p>\n<p><strong>OPINI\u00d3N DE LOS QUE SE ABSTUVIERON<\/strong><\/p>\n<p>El representante de la cuenca Ca\u00f1ip\u00eda, V\u00edctor \u00c1lvarez, sostuvo que antes de la reuni\u00f3n hubo un consenso con las 6 comunidades que forman parte de la cuenca y estas decidieron abstenerse.<\/p>\n<p>\u201cTenemos proyectos multicomunales y otros proyectos por iniciar. Hemos presentado perfil de proyecto bajo una aprobaci\u00f3n comunal y estamos trabajando en eso\u201d, consider\u00f3.<\/p>\n<p>Sobre si la empresa minera ha realizado proyectos grandes en las comunidades, \u00c1lvarez respondi\u00f3 que eso no ha ocurrido.<\/p>\n<p>\u201cSe han hecho proyectos, pero no de envergadura. Son m\u00ednimos los aportes de la mina\u2026 ahora (con la aprobaci\u00f3n del bono) quedar\u00eda postergado algunos proyectos por algunos a\u00f1os, se puede decir que por 3 a\u00f1os y supongo que habr\u00e1 m\u00ednimo presupuesto\u201d, concluy\u00f3.<\/p>\n<figure id=\"attachment_5847\" aria-describedby=\"caption-attachment-5847\" style=\"width: 669px\" class=\"wp-caption alignnone\"><img fetchpriority=\"high\" decoding=\"async\" class=\"size-large wp-image-5847\" src=\"http:\/\/derechosinfronteras.pe\/wp-content\/uploads\/2020\/05\/WhatsApp-Image-2020-05-14-at-4.46.53-PM-669x1024.jpeg\" alt=\"\" width=\"669\" height=\"1024\" \/><figcaption id=\"caption-attachment-5847\" class=\"wp-caption-text\">Foto: carta solicitando el bono econ\u00f3mico al Comit\u00e9 de Gesti\u00f3n del Convenio Marco Espinar-Cusco<\/figcaption><\/figure>","protected":false},"excerpt":{"rendered":"<p>Redacci\u00f3n DHSF En una reuni\u00f3n realizada hoy en la tarde entre los integrantes del Comit\u00e9 de Gesti\u00f3n del Convenio Marco Espinar-Cusco, se aprob\u00f3 un bono econ\u00f3mico humanitario de S\/ 1000 a favor de la poblaci\u00f3n electoral de la provincia de Espinar por la crisis econ\u00f3mica que atraviesan debido a la declaratoria de emergencia sanitaria por [&hellip;]<\/p>\n","protected":false},"author":1,"featured_media":4011,"comment_status":"open","ping_status":"open","sticky":false,"template":"","format":"standard","meta":{"_monsterinsights_skip_tracking":false,"_monsterinsights_sitenote_active":false,"_monsterinsights_sitenote_note":"","_monsterinsights_sitenote_category":0,"_jetpack_memberships_contains_paid_content":false,"footnotes":"","jetpack_publicize_message":"","jetpack_publicize_feature_enabled":true,"jetpack_social_post_already_shared":false,"jetpack_social_options":{"image_generator_settings":{"template":"highway","default_image_id":0,"font":"","enabled":false},"version":2}},"categories":[1],"tags":[],"class_list":["post-4010","post","type-post","status-publish","format-standard","has-post-thumbnail","hentry","category-sin-categoria"],"blocksy_meta":[],"jetpack_publicize_connections":[],"jetpack_featured_media_url":"https:\/\/derechosinfronteras.pe\/wp-content\/uploads\/2020\/05\/NOTA-BONO-MIL-SOLES.jpg","jetpack_sharing_enabled":true,"jetpack_likes_enabled":true,"_links":{"self":[{"href":"https:\/\/derechosinfronteras.pe\/ingles\/wp-json\/wp\/v2\/posts\/4010","targetHints":{"allow":["GET"]}}],"collection":[{"href":"https:\/\/derechosinfronteras.pe\/ingles\/wp-json\/wp\/v2\/posts"}],"about":[{"href":"https:\/\/derechosinfronteras.pe\/ingles\/wp-json\/wp\/v2\/types\/post"}],"author":[{"embeddable":true,"href":"https:\/\/derechosinfronteras.pe\/ingles\/wp-json\/wp\/v2\/users\/1"}],"replies":[{"embeddable":true,"href":"https:\/\/derechosinfronteras.pe\/ingles\/wp-json\/wp\/v2\/comments?post=4010"}],"version-history":[{"count":0,"href":"https:\/\/derechosinfronteras.pe\/ingles\/wp-json\/wp\/v2\/posts\/4010\/revisions"}],"wp:featuredmedia":[{"embeddable":true,"href":"https:\/\/derechosinfronteras.pe\/ingles\/wp-json\/wp\/v2\/media\/4011"}],"wp:attachment":[{"href":"https:\/\/derechosinfronteras.pe\/ingles\/wp-json\/wp\/v2\/media?parent=4010"}],"wp:term":[{"taxonomy":"category","embeddable":true,"href":"https:\/\/derechosinfronteras.pe\/ingles\/wp-json\/wp\/v2\/categories?post=4010"},{"taxonomy":"post_tag","embeddable":true,"href":"https:\/\/derechosinfronteras.pe\/ingles\/wp-json\/wp\/v2\/tags?post=4010"}],"curies":[{"name":"wp","href":"https:\/\/api.w.org\/{rel}","templated":true}]}}