{"id":4012,"date":"2020-05-14T12:53:15","date_gmt":"2020-05-14T17:53:15","guid":{"rendered":"http:\/\/derechosinfronteras.pe\/?p=5839"},"modified":"2020-05-14T12:53:15","modified_gmt":"2020-05-14T17:53:15","slug":"alcaldes-de-chumbivilcas-exigen-cumplimiento-de-protocolo-sanitario-en-la-atencion-a-pacientes-en-cuarentena","status":"publish","type":"post","link":"https:\/\/derechosinfronteras.pe\/ingles\/alcaldes-de-chumbivilcas-exigen-cumplimiento-de-protocolo-sanitario-en-la-atencion-a-pacientes-en-cuarentena\/","title":{"rendered":"Alcaldes de Chumbivilcas exigen cumplimiento de protocolo sanitario en la atenci\u00f3n a pacientes en cuarentena"},"content":{"rendered":"<p>Redacci\u00f3n DHSF<\/p>\n<p>Cinco personas naturales de Chumbivilcas a quienes se les detect\u00f3 el COVID-19 se encuentran pasando la cuarentena en ambientes hacinados en la ciudad de Cusco, por lo que los alcaldes distritales de la provincia de Chumbivilcas exigieron que estos pacientes se han atendidos en condiciones adecuadas y cumpliendo protocolos sanitarios a fin de detener el brote.<\/p>\n<p>Este pedido se hizo a trav\u00e9s de un pronunciamiento, el cual tambi\u00e9n se\u00f1ala que los pacientes est\u00e1n hospedados en el albergue acondicionado dentro del estadio Inca Garcilaso de la Vega, el mismo que no cuenta con las medidas de seguridad, poniendo en riesgo la recuperaci\u00f3n de los contagiados.<\/p>\n<p>Fueron los propios pacientes, quienes relataron sobre este hecho, por lo cual las autoridades distritales tambi\u00e9n exigieron que el traslado humanitario dentro de la regi\u00f3n se realice respetando la gu\u00eda t\u00e9cnica para el traslado excepcional de personas que se encuentran fuera de su residencia, as\u00ed como se practique las pruebas moleculares a los posibles contagiados con el coronavirus.<\/p>\n<p>El pronunciamiento se emiti\u00f3 luego de que las autoridades sostuvieran una reuni\u00f3n multisectorial ayer 13 de mayo. El documento es dirigido al gobernador regional Jean Paul Benavente y lleva la firma del alcalde del distrito de Chamaca, Antonio Huam\u00e1n Aria; Rony Almora D\u00e1valos, alcalde del distrito de Livitaca; Marco Ibarra Suarez, alcalde de la provincia de Chumbivilcas; Maximiliano Cruz Huillcacuri, subprefecto del distrito de Chamaca, adem\u00e1s de los alcaldes de los distritos de Velille y Ccapacmarca y de consejeros regionales.<\/p>\n<p><strong>CONDICIONES DE PRECARIEDAD<\/strong><\/p>\n<p>Al ser consultado sobre el pronunciamiento, el alcalde distrital de Ccapacmarca, Richard Le\u00f3n Vega, mencion\u00f3 que los pacientes est\u00e1n en un mismo ambiente cuando deber\u00edan estar separados.<\/p>\n<p>\u201cHan juntado a todos en un cuarto, (cuando) deber\u00edan estar aislados en un lugar aparte\u201d, dijo.<\/p>\n<p>Por su parte, el alcalde provincial de Chumbivilcas, Marco Ibarra, inform\u00f3 que a nivel regional 22 pacientes fueron detectados con coronavirus en la prueba r\u00e1pida tomada ayer, 5 de ellos de Chumbivilcas y ahora estas personas fueron enviadas al Instituto T\u00fapac Amaru para que permanezcan en cuarentena.<\/p>\n<p>\u201cNosotros hemos enviado ayer la movilidad (a Cusco) para que regresen nuestros hermanos que estuvieron en cuarentena y antes que suban a la movilidad pasaron por la prueba r\u00e1pida y 5 salieron positivo. Entonces, como no pod\u00edan retornar, se han quedo estas cinco personas y el detalle es que no hay condiciones, han pasado la noche 3 personas en un solo colch\u00f3n y m\u00e1s de 10 personas en un solo cuarto\u2026Esto es directa responsabilidad del gobierno regional\u201d, expres\u00f3.<\/p>\n<p>Ibarra tambi\u00e9n precis\u00f3 que debido a estas condiciones de precariedad han decidido costear los gastos de hospedaje y alimentaci\u00f3n de estos 5 pacientes.<\/p>\n<p>\u201cNos hemos puestos en contacto con la DIRESA para que estas personas puedan ser trasladadas a un hospedaje y reciban alimentaci\u00f3n bajo control (sanitario)\u201d, finaliz\u00f3.<img fetchpriority=\"high\" decoding=\"async\" class=\"size-large wp-image-5841\" src=\"http:\/\/derechosinfronteras.pe\/wp-content\/uploads\/2020\/05\/pronunciamiento-alcaldes-724x1024.jpg\" alt=\"\" width=\"724\" height=\"1024\" \/><\/p>\n<p>Foto: pronunciamiento<\/p>","protected":false},"excerpt":{"rendered":"<p>Redacci\u00f3n DHSF Cinco personas naturales de Chumbivilcas a quienes se les detect\u00f3 el COVID-19 se encuentran pasando la cuarentena en ambientes hacinados en la ciudad de Cusco, por lo que los alcaldes distritales de la provincia de Chumbivilcas exigieron que estos pacientes se han atendidos en condiciones adecuadas y cumpliendo protocolos sanitarios a fin de [&hellip;]<\/p>\n","protected":false},"author":1,"featured_media":4013,"comment_status":"open","ping_status":"open","sticky":false,"template":"","format":"standard","meta":{"_monsterinsights_skip_tracking":false,"_monsterinsights_sitenote_active":false,"_monsterinsights_sitenote_note":"","_monsterinsights_sitenote_category":0,"_jetpack_memberships_contains_paid_content":false,"footnotes":"","jetpack_publicize_message":"","jetpack_publicize_feature_enabled":true,"jetpack_social_post_already_shared":false,"jetpack_social_options":{"image_generator_settings":{"template":"highway","default_image_id":0,"font":"","enabled":false},"version":2}},"categories":[1],"tags":[],"class_list":["post-4012","post","type-post","status-publish","format-standard","has-post-thumbnail","hentry","category-sin-categoria"],"blocksy_meta":[],"jetpack_publicize_connections":[],"jetpack_featured_media_url":"https:\/\/derechosinfronteras.pe\/wp-content\/uploads\/2020\/05\/Nota-pronunciamiento-alcaldes-Chumbivilcas.jpg","jetpack_sharing_enabled":true,"jetpack_likes_enabled":true,"_links":{"self":[{"href":"https:\/\/derechosinfronteras.pe\/ingles\/wp-json\/wp\/v2\/posts\/4012","targetHints":{"allow":["GET"]}}],"collection":[{"href":"https:\/\/derechosinfronteras.pe\/ingles\/wp-json\/wp\/v2\/posts"}],"about":[{"href":"https:\/\/derechosinfronteras.pe\/ingles\/wp-json\/wp\/v2\/types\/post"}],"author":[{"embeddable":true,"href":"https:\/\/derechosinfronteras.pe\/ingles\/wp-json\/wp\/v2\/users\/1"}],"replies":[{"embeddable":true,"href":"https:\/\/derechosinfronteras.pe\/ingles\/wp-json\/wp\/v2\/comments?post=4012"}],"version-history":[{"count":0,"href":"https:\/\/derechosinfronteras.pe\/ingles\/wp-json\/wp\/v2\/posts\/4012\/revisions"}],"wp:featuredmedia":[{"embeddable":true,"href":"https:\/\/derechosinfronteras.pe\/ingles\/wp-json\/wp\/v2\/media\/4013"}],"wp:attachment":[{"href":"https:\/\/derechosinfronteras.pe\/ingles\/wp-json\/wp\/v2\/media?parent=4012"}],"wp:term":[{"taxonomy":"category","embeddable":true,"href":"https:\/\/derechosinfronteras.pe\/ingles\/wp-json\/wp\/v2\/categories?post=4012"},{"taxonomy":"post_tag","embeddable":true,"href":"https:\/\/derechosinfronteras.pe\/ingles\/wp-json\/wp\/v2\/tags?post=4012"}],"curies":[{"name":"wp","href":"https:\/\/api.w.org\/{rel}","templated":true}]}}