{"id":4014,"date":"2020-05-13T12:08:25","date_gmt":"2020-05-13T17:08:25","guid":{"rendered":"http:\/\/derechosinfronteras.pe\/?p=5836"},"modified":"2020-05-13T12:08:25","modified_gmt":"2020-05-13T17:08:25","slug":"corredor-minero-del-sur-campesinos-de-chumbivilcas-presentan-amparo-contra-estado-de-emergencia","status":"publish","type":"post","link":"https:\/\/derechosinfronteras.pe\/ingles\/corredor-minero-del-sur-campesinos-de-chumbivilcas-presentan-amparo-contra-estado-de-emergencia\/","title":{"rendered":"Corredor Minero del Sur: campesinos de Chumbivilcas presentan amparo contra Estado de Emergencia"},"content":{"rendered":"<p>Redacci\u00f3n DHSF<\/p>\n<p>Un grupo de comunidades campesinas de la provincia cusque\u00f1a de Chumbivilcas, asesoradas por el Instituto de Defensa Legal (IDL) y Derechos Humanos Sin Fronteras (DHSF), interpuso una demanda de amparo en contra de la \u201csistem\u00e1tica suspensi\u00f3n de la libertad de reuni\u00f3n\u201d y el derecho a la protesta en las zonas por donde pasa el Corredor Minero del Sur.<\/p>\n<p>Abogados y dirigentes informaron en conferencia de prensa virtual que la demanda planteada es en contra la Presidencia del Consejo de Ministros (PCM), Ministerio de Justicia y Derechos Humanos y Ministerio del Interior, y busca que se suspenda el estado de emergencia en este tramo vial, porque atenta contra el derecho a la reuni\u00f3n y a la protesta, reconocidos en la Constituci\u00f3n Pol\u00edtica del Per\u00fa.<\/p>\n<p>Sucede que el Ejecutivo nacional emiti\u00f3 m\u00e1s de 20 decretos declarando en estado de emergencia el corredor vial. Seg\u00fan el abogado del IDL, Juan Carlos Ruiz, lo hizo bajo el argumento de que hay numerosas protestas que generan un clima de \u201cgrave afectaci\u00f3n al orden interno e impiden el funcionamiento del corredor minero\u201d.<\/p>\n<p>El presidente del Frente de Defensa de los Intereses de Chumbivilcas, Carlos Quispe, sostuvo que sienten que sus derechos han sido recortados permanentemente con las declaratorias de emergencia.<\/p>\n<p>Mientras que el abogado de la organizaci\u00f3n DHSF, Helio Cruz, dijo que el gobierno recurre a esa medida sin respetar derechos y sin considerar que las protestas sociales ocurrieron en territorio de propiedad de los comuneros. \u201cEl Poder Judicial debe establecer criterios para que los estados de emergencia no afecten los derechos de las comunidades. En muchos casos el \u00fanico camino que tienen las comunidades para ser escuchadas es la protesta social, que es un derecho\u201d, anot\u00f3.<\/p>\n<p>Hay que precisar que actualmente hay una veintena de conflictos sociales en todo el corredor vial, entre Apur\u00edmac, Cusco y Arequipa, que el gobierno empez\u00f3 a atender en mesas de di\u00e1logo. No obstante, estas mesas han quedado suspendidas como consecuencia de la emergencia nacional por el coronavirus.<\/p>\n<p>Las comunidades rechazan el paso de camiones mineros y exigen la anulaci\u00f3n de la resoluci\u00f3n ministerial 372 del Ministerio de Transportes y Comunicaciones (MTC) que clasific\u00f3 v\u00edas locales y departamentales a la categor\u00eda de nacional, para facilitar el uso de varios tramos por las empresas mineras para el transporte de minerales.<\/p>","protected":false},"excerpt":{"rendered":"<p>Redacci\u00f3n DHSF Un grupo de comunidades campesinas de la provincia cusque\u00f1a de Chumbivilcas, asesoradas por el Instituto de Defensa Legal (IDL) y Derechos Humanos Sin Fronteras (DHSF), interpuso una demanda de amparo en contra de la \u201csistem\u00e1tica suspensi\u00f3n de la libertad de reuni\u00f3n\u201d y el derecho a la protesta en las zonas por donde pasa [&hellip;]<\/p>\n","protected":false},"author":1,"featured_media":4015,"comment_status":"open","ping_status":"open","sticky":false,"template":"","format":"standard","meta":{"_monsterinsights_skip_tracking":false,"_monsterinsights_sitenote_active":false,"_monsterinsights_sitenote_note":"","_monsterinsights_sitenote_category":0,"_jetpack_memberships_contains_paid_content":false,"footnotes":"","jetpack_publicize_message":"","jetpack_publicize_feature_enabled":true,"jetpack_social_post_already_shared":false,"jetpack_social_options":{"image_generator_settings":{"template":"highway","default_image_id":0,"font":"","enabled":false},"version":2}},"categories":[1],"tags":[],"class_list":["post-4014","post","type-post","status-publish","format-standard","has-post-thumbnail","hentry","category-sin-categoria"],"blocksy_meta":[],"jetpack_publicize_connections":[],"jetpack_featured_media_url":"https:\/\/derechosinfronteras.pe\/wp-content\/uploads\/2020\/05\/NOTA-DEMANDA-DE-AMPARO-WEB.jpg","jetpack_sharing_enabled":true,"jetpack_likes_enabled":true,"_links":{"self":[{"href":"https:\/\/derechosinfronteras.pe\/ingles\/wp-json\/wp\/v2\/posts\/4014","targetHints":{"allow":["GET"]}}],"collection":[{"href":"https:\/\/derechosinfronteras.pe\/ingles\/wp-json\/wp\/v2\/posts"}],"about":[{"href":"https:\/\/derechosinfronteras.pe\/ingles\/wp-json\/wp\/v2\/types\/post"}],"author":[{"embeddable":true,"href":"https:\/\/derechosinfronteras.pe\/ingles\/wp-json\/wp\/v2\/users\/1"}],"replies":[{"embeddable":true,"href":"https:\/\/derechosinfronteras.pe\/ingles\/wp-json\/wp\/v2\/comments?post=4014"}],"version-history":[{"count":0,"href":"https:\/\/derechosinfronteras.pe\/ingles\/wp-json\/wp\/v2\/posts\/4014\/revisions"}],"wp:featuredmedia":[{"embeddable":true,"href":"https:\/\/derechosinfronteras.pe\/ingles\/wp-json\/wp\/v2\/media\/4015"}],"wp:attachment":[{"href":"https:\/\/derechosinfronteras.pe\/ingles\/wp-json\/wp\/v2\/media?parent=4014"}],"wp:term":[{"taxonomy":"category","embeddable":true,"href":"https:\/\/derechosinfronteras.pe\/ingles\/wp-json\/wp\/v2\/categories?post=4014"},{"taxonomy":"post_tag","embeddable":true,"href":"https:\/\/derechosinfronteras.pe\/ingles\/wp-json\/wp\/v2\/tags?post=4014"}],"curies":[{"name":"wp","href":"https:\/\/api.w.org\/{rel}","templated":true}]}}