{"id":4018,"date":"2020-05-09T18:46:08","date_gmt":"2020-05-09T23:46:08","guid":{"rendered":"http:\/\/derechosinfronteras.pe\/?p=5825"},"modified":"2020-05-09T18:46:08","modified_gmt":"2020-05-09T23:46:08","slug":"reactivacion-economica-entre-el-suicidio-economico-y-suicidio-social","status":"publish","type":"post","link":"https:\/\/derechosinfronteras.pe\/ingles\/reactivacion-economica-entre-el-suicidio-economico-y-suicidio-social\/","title":{"rendered":"REACTIVACI\u00d3N ECON\u00d3MICA:  ENTRE EL \u201cSUICIDIO ECON\u00d3MICO\u201d Y SUICIDIO SOCIAL"},"content":{"rendered":"<p style=\"text-align: right;\">Soc. Jos\u00e9 Antonio Lapa Romero \/ DHSF<\/p>\n<p>En el Per\u00fa reactivar la econom\u00eda formal es una necesidad pero un suicidio social.<\/p>\n<p>Por un lado, tenemos un \u00edndice de letalidad de 2.78 %, 45,928 mil casos positivos con coronavirus en acelerado crecimiento, sistemas de salud colapsados en algunas regiones del pa\u00eds (Loreto, Lambayeque, Piura) y a punto de colapsar a nivel nacional, sin mayores inversiones en salud significativas m\u00e1s all\u00e1 de la emergencia y miles de atenciones postergadas, protestas permanentes del personal de salud por la insuficiente dotaci\u00f3n de mascarilla y material sanitario, motines en los penales por el temor al contagio o la muerte, miles de infectados en los mercados populares en Lima en crecimiento, m\u00e1s de 10 mil mal denominados caminantes cuando en realidad son los excluidos y marginados del Per\u00fa que migran para trabajar o por atenciones de salud centralizados, miles que han perdido el empleo, y millones que sobreviven y tiene que salir a las calles a ganarse el pan de cada d\u00eda. Es decir, los efectos de la crisis sanitaria est\u00e1 golpeando m\u00e1s a los sectores hist\u00f3ricamente excluidos de la clase popular, el pobretariado y el independetariado, que hist\u00f3ricamente se han movido en los l\u00edmites de la sobrevivencia, alejado de una sociedad inventada llena de \u00e9xito, competitividad, Glamour y consumismo dentro de un supuesto, hasta hace un par de meses, exitos\u00edsimo modelo peruano.<\/p>\n<p>Por otro lado, es indudable que requerimos reactivar a\u00fan m\u00e1s la econom\u00eda formal<a href=\"#_ftn1\" name=\"_ftnref1\">[1]<\/a>, y por supuesto algunos sectores y actores econ\u00f3micos podr\u00e1n hacerlo y otros no en esta primera fase aprobada por el Gobierno. No obstante, la reactivaci\u00f3n centrado en sectores econ\u00f3micos como el minero, el agroexportador y el industrial que supuestamente reactivar\u00edan empleos y tienen \u201cmejores condiciones\u201d econ\u00f3micas y sanitarias (en el sector minero con toda la log\u00edstica y recursos econ\u00f3micos ya tiene 251 trabajadores positivos al COVID y un trabajador fallecido de Antamina); excluye ol\u00edmpicamente a millones que viven en la econom\u00eda del d\u00eda a d\u00eda que parad\u00f3jicamente no tienen las mejores \u201ccondiciones econ\u00f3micas y sanitarias\u201d -73 % de la econom\u00eda peruana- que, con bono o sin bono, se encuentran frente al dilema del hambre o la posibilidad de contagio y\/o muerte, por lo que es un suicidio social no salir a la calle pero es tambi\u00e9n un suicidio social exponerse al contagio o contagiarse en medio del crecimiento exponencial de casos positivos al COVID 19 y servicios de salud desbordados y precarios. Estamos arrojando a millones de familias al suicidio social porque ni tenemos sistemas de salud similares a Alemania y Nueva Zelanda, ni una mayor\u00eda de trabajadores que pueden quedarse en casa porque sus econom\u00edas familiares y sobrevivencia se hacen en la calle.<\/p>\n<p>En el Per\u00fa estamos viviendo un cierto tipo de darwinismo social donde viven los que m\u00e1s tienen y son m\u00e1s afectados los que menos tienen. As\u00ed, venimos volviendo a nuestra obsesiva normalidad dentro de una casi absoluta anormalidad que no ha cambiado, y que arroja a miles al suicidio u homicidio social.<\/p>\n<p><a href=\"#_ftnref1\" name=\"_ftn1\">[1]<\/a> El sector minero, agroexportador, financiero y otros han continuado trabajando en menor intensidad en medio de la pandemia.<\/p>\n","protected":false},"excerpt":{"rendered":"<p>Soc. Jos\u00e9 Antonio Lapa Romero \/ DHSF En el Per\u00fa reactivar la econom\u00eda formal es una necesidad pero un suicidio social. Por un lado, tenemos un \u00edndice de letalidad de 2.78 %, 45,928 mil casos positivos con coronavirus en acelerado crecimiento, sistemas de salud colapsados en algunas regiones del pa\u00eds (Loreto, Lambayeque, Piura) y a [&hellip;]<\/p>\n","protected":false},"author":1,"featured_media":4019,"comment_status":"open","ping_status":"open","sticky":false,"template":"","format":"standard","meta":{"_monsterinsights_skip_tracking":false,"_monsterinsights_sitenote_active":false,"_monsterinsights_sitenote_note":"","_monsterinsights_sitenote_category":0,"_jetpack_memberships_contains_paid_content":false,"footnotes":"","jetpack_publicize_message":"","jetpack_publicize_feature_enabled":true,"jetpack_social_post_already_shared":false,"jetpack_social_options":{"image_generator_settings":{"template":"highway","default_image_id":0,"font":"","enabled":false},"version":2}},"categories":[1],"tags":[],"class_list":["post-4018","post","type-post","status-publish","format-standard","has-post-thumbnail","hentry","category-sin-categoria"],"blocksy_meta":[],"jetpack_publicize_connections":[],"jetpack_featured_media_url":"https:\/\/derechosinfronteras.pe\/wp-content\/uploads\/2020\/05\/OPINION.jpg","jetpack_sharing_enabled":true,"jetpack_likes_enabled":true,"_links":{"self":[{"href":"https:\/\/derechosinfronteras.pe\/ingles\/wp-json\/wp\/v2\/posts\/4018","targetHints":{"allow":["GET"]}}],"collection":[{"href":"https:\/\/derechosinfronteras.pe\/ingles\/wp-json\/wp\/v2\/posts"}],"about":[{"href":"https:\/\/derechosinfronteras.pe\/ingles\/wp-json\/wp\/v2\/types\/post"}],"author":[{"embeddable":true,"href":"https:\/\/derechosinfronteras.pe\/ingles\/wp-json\/wp\/v2\/users\/1"}],"replies":[{"embeddable":true,"href":"https:\/\/derechosinfronteras.pe\/ingles\/wp-json\/wp\/v2\/comments?post=4018"}],"version-history":[{"count":0,"href":"https:\/\/derechosinfronteras.pe\/ingles\/wp-json\/wp\/v2\/posts\/4018\/revisions"}],"wp:featuredmedia":[{"embeddable":true,"href":"https:\/\/derechosinfronteras.pe\/ingles\/wp-json\/wp\/v2\/media\/4019"}],"wp:attachment":[{"href":"https:\/\/derechosinfronteras.pe\/ingles\/wp-json\/wp\/v2\/media?parent=4018"}],"wp:term":[{"taxonomy":"category","embeddable":true,"href":"https:\/\/derechosinfronteras.pe\/ingles\/wp-json\/wp\/v2\/categories?post=4018"},{"taxonomy":"post_tag","embeddable":true,"href":"https:\/\/derechosinfronteras.pe\/ingles\/wp-json\/wp\/v2\/tags?post=4018"}],"curies":[{"name":"wp","href":"https:\/\/api.w.org\/{rel}","templated":true}]}}