{"id":4024,"date":"2020-05-09T13:24:21","date_gmt":"2020-05-09T18:24:21","guid":{"rendered":"http:\/\/derechosinfronteras.pe\/?p=5806"},"modified":"2020-05-09T13:24:21","modified_gmt":"2020-05-09T18:24:21","slug":"profesionales-contagiados-estan-aislados","status":"publish","type":"post","link":"https:\/\/derechosinfronteras.pe\/ingles\/profesionales-contagiados-estan-aislados\/","title":{"rendered":"Profesionales contagiados est\u00e1n aislados."},"content":{"rendered":"<p>Redacci\u00f3n DHSF<\/p>\n<p>La mala noticia del contagio de un numeroso grupo de trabajadores de salud en el Hospital Regional del Cusco empez\u00f3 a circular en redes sociales el viernes desde muy temprano.<\/p>\n<p>A media ma\u00f1ana, el Colegio de Enfermeras emiti\u00f3 un comunicado cuestionado la falta de entrega de Equipos de Protecci\u00f3n Personal (EPP) para personal que no est\u00e9 a cargo de la sala COVID. Y, luego, un grupo de trabajadores entre m\u00e9dicos y enfermeras pidi\u00f3 la intervenci\u00f3n de la Fiscal\u00eda de Prevenci\u00f3n del Delito por un posible contagio con coronavirus de una treintena de servidores de salud.<\/p>\n<p>Voy, el director regional de Salud, Dar\u00edo Navarro, confirm\u00f3 que 64 trabajadores, entre enfermeras, m\u00e9dicos y t\u00e9cnicos, est\u00e1n infectados. Ninguno, aclar\u00f3, es personal que labora en la Unidad de Cuidados Intermedios para pacientes COVID-19 que funciona en ese nosocomio.<\/p>\n<p>Seg\u00fan Navarro, esa paradoja se explicar\u00eda porque los servidores habr\u00edan relajado la implementaci\u00f3n de medidas de bioseguridad.<\/p>\n<p>Mientras que, seg\u00fan los servidores, los contagios ocurrieron debido a que la mayor\u00eda del personal no se les entreg\u00f3 los EPP. Les dijeron que no se pod\u00eda entregar los equipos a todos.<\/p>\n<p>\u00abEl n\u00famero de contagiados ha ido en aumento poniendo en riesgo la integridad f\u00edsica de todo el personal de salud y de los pacientes que se encuentran a nuestro cargo\u00bb, se\u00f1ala el documento enviado a la Fiscal\u00eda.<\/p>\n<p>Agregan que su pedido busca evitar que se cometa el delito de personas a peligro, que se sanciona, seg\u00fan el C\u00f3digo Penal, con una pena no menor de 1 a\u00f1o ni mayor de 4 a\u00f1os de pena privativa de la libertad.<\/p>\n<p>D\u00edas atr\u00e1s, el director del hospital, Feliz Hidalgo, sostuvo que no todos los seguidores pod\u00edan recibir las mascarillas N95. Estas solo est\u00e1n reservadas para aquellos seguidores que est\u00e1n en contacto directo con los pacientes contagiados con COVID-19. No obstante, dijo que s\u00ed se est\u00e1n garantizando las condiciones de bioseguridad dentro del nosocomio.<\/p>","protected":false},"excerpt":{"rendered":"<p>Redacci\u00f3n DHSF La mala noticia del contagio de un numeroso grupo de trabajadores de salud en el Hospital Regional del Cusco empez\u00f3 a circular en redes sociales el viernes desde muy temprano. A media ma\u00f1ana, el Colegio de Enfermeras emiti\u00f3 un comunicado cuestionado la falta de entrega de Equipos de Protecci\u00f3n Personal (EPP) para personal [&hellip;]<\/p>\n","protected":false},"author":1,"featured_media":4025,"comment_status":"open","ping_status":"open","sticky":false,"template":"","format":"standard","meta":{"_monsterinsights_skip_tracking":false,"_monsterinsights_sitenote_active":false,"_monsterinsights_sitenote_note":"","_monsterinsights_sitenote_category":0,"_jetpack_memberships_contains_paid_content":false,"footnotes":"","jetpack_publicize_message":"","jetpack_publicize_feature_enabled":true,"jetpack_social_post_already_shared":false,"jetpack_social_options":{"image_generator_settings":{"template":"highway","default_image_id":0,"font":"","enabled":false},"version":2}},"categories":[1],"tags":[],"class_list":["post-4024","post","type-post","status-publish","format-standard","has-post-thumbnail","hentry","category-sin-categoria"],"blocksy_meta":[],"jetpack_publicize_connections":[],"jetpack_featured_media_url":"https:\/\/derechosinfronteras.pe\/wp-content\/uploads\/2020\/05\/alerta.jpg","jetpack_sharing_enabled":true,"jetpack_likes_enabled":true,"_links":{"self":[{"href":"https:\/\/derechosinfronteras.pe\/ingles\/wp-json\/wp\/v2\/posts\/4024","targetHints":{"allow":["GET"]}}],"collection":[{"href":"https:\/\/derechosinfronteras.pe\/ingles\/wp-json\/wp\/v2\/posts"}],"about":[{"href":"https:\/\/derechosinfronteras.pe\/ingles\/wp-json\/wp\/v2\/types\/post"}],"author":[{"embeddable":true,"href":"https:\/\/derechosinfronteras.pe\/ingles\/wp-json\/wp\/v2\/users\/1"}],"replies":[{"embeddable":true,"href":"https:\/\/derechosinfronteras.pe\/ingles\/wp-json\/wp\/v2\/comments?post=4024"}],"version-history":[{"count":0,"href":"https:\/\/derechosinfronteras.pe\/ingles\/wp-json\/wp\/v2\/posts\/4024\/revisions"}],"wp:featuredmedia":[{"embeddable":true,"href":"https:\/\/derechosinfronteras.pe\/ingles\/wp-json\/wp\/v2\/media\/4025"}],"wp:attachment":[{"href":"https:\/\/derechosinfronteras.pe\/ingles\/wp-json\/wp\/v2\/media?parent=4024"}],"wp:term":[{"taxonomy":"category","embeddable":true,"href":"https:\/\/derechosinfronteras.pe\/ingles\/wp-json\/wp\/v2\/categories?post=4024"},{"taxonomy":"post_tag","embeddable":true,"href":"https:\/\/derechosinfronteras.pe\/ingles\/wp-json\/wp\/v2\/tags?post=4024"}],"curies":[{"name":"wp","href":"https:\/\/api.w.org\/{rel}","templated":true}]}}