{"id":4026,"date":"2020-05-08T17:12:08","date_gmt":"2020-05-08T22:12:08","guid":{"rendered":"http:\/\/derechosinfronteras.pe\/?p=5794"},"modified":"2020-05-08T17:12:08","modified_gmt":"2020-05-08T22:12:08","slug":"la-red-de-salud-de-chumbivilcas-confirmo-primer-contagiado-en-comunidad-de-colquemarca","status":"publish","type":"post","link":"https:\/\/derechosinfronteras.pe\/ingles\/la-red-de-salud-de-chumbivilcas-confirmo-primer-contagiado-en-comunidad-de-colquemarca\/","title":{"rendered":"La Red de Salud de Chumbivilcas confirm\u00f3 primer contagiado en comunidad de Colquemarca"},"content":{"rendered":"<p>Redacci\u00f3n DHSF<\/p>\n<p>La Red de Salud de Chumbivilcas confirm\u00f3 esta informaci\u00f3n, luego de que se le aplicara una prueba molecular.<\/p>\n<p>Personal de Salud dispuso el aislamiento del campesino e inici\u00f3 la implementaci\u00f3n del cerco epidemiol\u00f3gico para rastrear a los posibles contactos del primer caso del coronavirus en Colquemarca.<\/p>\n<p>Seg\u00fan la Red de Salud, hay mucha gente que est\u00e1 retornando a Chumbivilcas y muchos se niegan a someterse a las pruebas de descarte y otros no pasan por ning\u00fan control sanitario.<\/p>\n<p>Por eso invoc\u00f3 a los ciudadanos a que acudan a los establecimientos de salud para someterse a pruebas para descartar que sean portador del peligroso virus.<\/p>\n<p>Las autoridades de salud tambi\u00e9n exhortaron a la poblaci\u00f3n a cumplir las disposiciones sanitarias para evitar el contagio. Destacan el distanciamiento social qued\u00e1ndose en casa, guardar la distancia de un metro y medio cuando salga a la calle y l\u00e1vese las manos con agua y jab\u00f3n por los mebos durante 20 segundos.<\/p>\n<p>El primer caso en Colquemarca se confirm\u00f3 casi al mismo momento en que el presidente de la Rep\u00fablica, Mart\u00edn Vizcarra, anunci\u00f3 la ampliaci\u00f3n de la cuarentena hasta el 24 de mayo pr\u00f3ximo.<\/p>\n<p>Todo indica que la cantidad de contagios seguir\u00e1 en aumento en la regi\u00f3n Cusco. Solo el jueves se registraron 42 nuevos casos, la cifra m\u00e1s alta desde que el virus lleg\u00f3 a la regi\u00f3n imperial. El promedio de contagiados por d\u00eda oscilaba entre 10 y 15.<\/p>","protected":false},"excerpt":{"rendered":"<p>Redacci\u00f3n DHSF La Red de Salud de Chumbivilcas confirm\u00f3 esta informaci\u00f3n, luego de que se le aplicara una prueba molecular. Personal de Salud dispuso el aislamiento del campesino e inici\u00f3 la implementaci\u00f3n del cerco epidemiol\u00f3gico para rastrear a los posibles contactos del primer caso del coronavirus en Colquemarca. Seg\u00fan la Red de Salud, hay mucha [&hellip;]<\/p>\n","protected":false},"author":1,"featured_media":4027,"comment_status":"open","ping_status":"open","sticky":false,"template":"","format":"standard","meta":{"_monsterinsights_skip_tracking":false,"_monsterinsights_sitenote_active":false,"_monsterinsights_sitenote_note":"","_monsterinsights_sitenote_category":0,"_jetpack_memberships_contains_paid_content":false,"footnotes":"","jetpack_publicize_message":"","jetpack_publicize_feature_enabled":true,"jetpack_social_post_already_shared":false,"jetpack_social_options":{"image_generator_settings":{"template":"highway","default_image_id":0,"font":"","enabled":false},"version":2}},"categories":[1],"tags":[],"class_list":["post-4026","post","type-post","status-publish","format-standard","has-post-thumbnail","hentry","category-sin-categoria"],"blocksy_meta":[],"jetpack_publicize_connections":[],"jetpack_featured_media_url":"https:\/\/derechosinfronteras.pe\/wp-content\/uploads\/2020\/05\/chumbi.jpg","jetpack_sharing_enabled":true,"jetpack_likes_enabled":true,"_links":{"self":[{"href":"https:\/\/derechosinfronteras.pe\/ingles\/wp-json\/wp\/v2\/posts\/4026","targetHints":{"allow":["GET"]}}],"collection":[{"href":"https:\/\/derechosinfronteras.pe\/ingles\/wp-json\/wp\/v2\/posts"}],"about":[{"href":"https:\/\/derechosinfronteras.pe\/ingles\/wp-json\/wp\/v2\/types\/post"}],"author":[{"embeddable":true,"href":"https:\/\/derechosinfronteras.pe\/ingles\/wp-json\/wp\/v2\/users\/1"}],"replies":[{"embeddable":true,"href":"https:\/\/derechosinfronteras.pe\/ingles\/wp-json\/wp\/v2\/comments?post=4026"}],"version-history":[{"count":0,"href":"https:\/\/derechosinfronteras.pe\/ingles\/wp-json\/wp\/v2\/posts\/4026\/revisions"}],"wp:featuredmedia":[{"embeddable":true,"href":"https:\/\/derechosinfronteras.pe\/ingles\/wp-json\/wp\/v2\/media\/4027"}],"wp:attachment":[{"href":"https:\/\/derechosinfronteras.pe\/ingles\/wp-json\/wp\/v2\/media?parent=4026"}],"wp:term":[{"taxonomy":"category","embeddable":true,"href":"https:\/\/derechosinfronteras.pe\/ingles\/wp-json\/wp\/v2\/categories?post=4026"},{"taxonomy":"post_tag","embeddable":true,"href":"https:\/\/derechosinfronteras.pe\/ingles\/wp-json\/wp\/v2\/tags?post=4026"}],"curies":[{"name":"wp","href":"https:\/\/api.w.org\/{rel}","templated":true}]}}