{"id":4028,"date":"2020-05-08T15:30:46","date_gmt":"2020-05-08T20:30:46","guid":{"rendered":"http:\/\/derechosinfronteras.pe\/?p=5790"},"modified":"2020-05-08T15:30:46","modified_gmt":"2020-05-08T20:30:46","slug":"gobierno-amplia-cuarentena-hasta-el-24-de-mayo","status":"publish","type":"post","link":"https:\/\/derechosinfronteras.pe\/ingles\/gobierno-amplia-cuarentena-hasta-el-24-de-mayo\/","title":{"rendered":"Gobierno ampl\u00eda cuarentena hasta el 24 de mayo"},"content":{"rendered":"<p>Redacci\u00f3n DHSF<\/p>\n<p>El gobierno del presidente de la Rep\u00fablica, Mart\u00edn Vizcarra, decidi\u00f3 ampliar el aislamiento social obligatorio hasta el 24 de mayo pr\u00f3ximo. En la v\u00edspera, la Asociaci\u00f3n de Municipalidades del Per\u00fa (AMPE) y la Asociaci\u00f3n Nacional de Gobiernos Regionales (ANGR) pidieron que la cuarentena se prolongue para evitar el agravamiento de los contagios por la pandemia.<\/p>\n<p>Vizcarra sostuvo que levantar la cuarentena podr\u00eda devenir en un rebrote e incremento de casos de coronavirus en el pa\u00eds. \u201cSer\u00eda irresponsable suspender el aislamiento\u2026 Hagamos el esfuerzo final en estas dos semanas para lograr la meta de reducir el contagio\u201d, refiri\u00f3.<\/p>\n<p>El presidente explic\u00f3 que la decisi\u00f3n se tom\u00f3 porque la tasa de contagio sigue siendo mayor a 1. Se refiere al factor \u201cR\u201d que mide el n\u00famero de contagiados por un contagiado con el virus. Si este es mayor a 1 significa que un contagiado puede contagiar a m\u00e1s de uno y, por ende, es recomendable, seg\u00fan los expertos, mantener las medidas restrictivas; mientras que cuando es menor a 1 significa que un infectado contagiar\u00e1 en el peor de los casos solo a uno. Solo cuando se alcanza ese objetivo la curva de contagiados sufre un descenso.<\/p>\n<p>Vizcarra sostuvo que la ampliaci\u00f3n de la emergencia implica el inicio del pago del bono universal familiar de S\/ 760.00 a 5 millones de hogares para que \u201cpuedan atender sus necesidades\u201d en esta nueva etapa que empieza el lunes 11 de mayo.<\/p>\n<p>De otro lado, refiri\u00f3 que el toque de queda tambi\u00e9n var\u00eda: empezar\u00e1 a las 20.00 horas y se prolongar\u00e1 hasta las 6.00 horas del d\u00eda siguiente. Eso permitir\u00e1 que los bancos ampl\u00eden su horario de atenci\u00f3n hasta las 16.00 horas y as\u00ed facilitar que los 5 millones de familias cobren el bono universal. \u201cPara evitar la concentraci\u00f3n de gente en el sistema financiero\u201d.<\/p>\n<p>El presidente Vizcarra tambi\u00e9n dijo que desde el 18 de mayo se implementar\u00e1 un permiso para la salida de ni\u00f1os a la calle a una distancia m\u00e1xima de 500 metros de sus casas. Previamente habr\u00e1 una campa\u00f1a de informaci\u00f3n y se aplicar\u00e1 para ni\u00f1os y ni\u00f1as de hasta 14 a\u00f1os.<\/p>\n<p>&nbsp;<\/p>\n<p>&nbsp;<\/p>\n<p>&nbsp;<\/p>\n<p>&nbsp;<\/p>\n<p>&nbsp;<\/p>\n<p>&nbsp;<\/p>\n<p>&nbsp;<\/p>\n<p>&nbsp;<\/p>\n<p>&nbsp;<\/p>\n<p>&nbsp;<\/p>\n<p>&nbsp;<\/p>\n<p>&nbsp;<\/p>\n<p>&nbsp;<\/p>\n<p>&nbsp;<\/p>\n<p>&nbsp;<\/p>\n<p>&nbsp;<\/p>\n<p>&nbsp;<\/p>\n<p>&nbsp;<\/p>\n<p>&nbsp;<\/p>\n<p>&nbsp;<\/p>\n<p>&nbsp;<\/p>\n<p>&nbsp;<\/p>\n<p>&nbsp;<\/p>\n<p>&nbsp;<\/p>\n<p>&nbsp;<\/p>\n<p>&nbsp;<\/p>\n<p>&nbsp;<\/p>\n<p>&nbsp;<\/p>\n<p>&nbsp;<\/p>\n<p>&nbsp;<\/p>\n<p>&nbsp;<\/p>\n<p>\u2026\u2026..<\/p>","protected":false},"excerpt":{"rendered":"<p>Redacci\u00f3n DHSF El gobierno del presidente de la Rep\u00fablica, Mart\u00edn Vizcarra, decidi\u00f3 ampliar el aislamiento social obligatorio hasta el 24 de mayo pr\u00f3ximo. En la v\u00edspera, la Asociaci\u00f3n de Municipalidades del Per\u00fa (AMPE) y la Asociaci\u00f3n Nacional de Gobiernos Regionales (ANGR) pidieron que la cuarentena se prolongue para evitar el agravamiento de los contagios por [&hellip;]<\/p>\n","protected":false},"author":1,"featured_media":4029,"comment_status":"open","ping_status":"open","sticky":false,"template":"","format":"standard","meta":{"_monsterinsights_skip_tracking":false,"_monsterinsights_sitenote_active":false,"_monsterinsights_sitenote_note":"","_monsterinsights_sitenote_category":0,"_jetpack_memberships_contains_paid_content":false,"footnotes":"","jetpack_publicize_message":"","jetpack_publicize_feature_enabled":true,"jetpack_social_post_already_shared":false,"jetpack_social_options":{"image_generator_settings":{"template":"highway","default_image_id":0,"font":"","enabled":false},"version":2}},"categories":[1],"tags":[],"class_list":["post-4028","post","type-post","status-publish","format-standard","has-post-thumbnail","hentry","category-sin-categoria"],"blocksy_meta":[],"jetpack_publicize_connections":[],"jetpack_featured_media_url":"https:\/\/derechosinfronteras.pe\/wp-content\/uploads\/2020\/05\/ampliacion.jpg","jetpack_sharing_enabled":true,"jetpack_likes_enabled":true,"_links":{"self":[{"href":"https:\/\/derechosinfronteras.pe\/ingles\/wp-json\/wp\/v2\/posts\/4028","targetHints":{"allow":["GET"]}}],"collection":[{"href":"https:\/\/derechosinfronteras.pe\/ingles\/wp-json\/wp\/v2\/posts"}],"about":[{"href":"https:\/\/derechosinfronteras.pe\/ingles\/wp-json\/wp\/v2\/types\/post"}],"author":[{"embeddable":true,"href":"https:\/\/derechosinfronteras.pe\/ingles\/wp-json\/wp\/v2\/users\/1"}],"replies":[{"embeddable":true,"href":"https:\/\/derechosinfronteras.pe\/ingles\/wp-json\/wp\/v2\/comments?post=4028"}],"version-history":[{"count":0,"href":"https:\/\/derechosinfronteras.pe\/ingles\/wp-json\/wp\/v2\/posts\/4028\/revisions"}],"wp:featuredmedia":[{"embeddable":true,"href":"https:\/\/derechosinfronteras.pe\/ingles\/wp-json\/wp\/v2\/media\/4029"}],"wp:attachment":[{"href":"https:\/\/derechosinfronteras.pe\/ingles\/wp-json\/wp\/v2\/media?parent=4028"}],"wp:term":[{"taxonomy":"category","embeddable":true,"href":"https:\/\/derechosinfronteras.pe\/ingles\/wp-json\/wp\/v2\/categories?post=4028"},{"taxonomy":"post_tag","embeddable":true,"href":"https:\/\/derechosinfronteras.pe\/ingles\/wp-json\/wp\/v2\/tags?post=4028"}],"curies":[{"name":"wp","href":"https:\/\/api.w.org\/{rel}","templated":true}]}}