{"id":4030,"date":"2020-05-08T14:15:31","date_gmt":"2020-05-08T19:15:31","guid":{"rendered":"http:\/\/derechosinfronteras.pe\/?p=5782"},"modified":"2023-12-28T20:35:20","modified_gmt":"2023-12-29T01:35:20","slug":"lanzamos-la-agenda-de-la-mujer-kana-2020-2025","status":"publish","type":"post","link":"https:\/\/derechosinfronteras.pe\/ingles\/lanzamos-la-agenda-de-la-mujer-kana-2020-2025\/","title":{"rendered":"Lanzamos la Agenda de la Mujer K\u2019ana 2020\u20132025"},"content":{"rendered":"<p>Redacci\u00f3n DHSF<\/p>\n<p>En marco de las celebraciones del D\u00eda de la Madre, la Asociaci\u00f3n de Mujeres Defensoras del Territorio y la Cultura K\u2019ana presenta la Agenda de la Mujer K\u2019ana 2020\u20132025, \u201cWarmikuna sumaq kausayta maskhasun &#8211; Mujeres buscando un buen vivir\u2019.<\/p>\n<figure id=\"attachment_5783\" aria-describedby=\"caption-attachment-5783\" style=\"width: 457px\" class=\"wp-caption alignnone\"><img fetchpriority=\"high\" decoding=\"async\" class=\"wp-image-5783 size-full\" src=\"http:\/\/derechosinfronteras.pe\/wp-content\/uploads\/2020\/05\/foto-portada-mujer-kana.jpg\" alt=\"\" width=\"457\" height=\"651\" \/><figcaption id=\"caption-attachment-5783\" class=\"wp-caption-text\">Portada de la Agenda de la Mujer K&#8217;ana<\/figcaption><\/figure>\n<p>Fue un proceso colectivo y solidario de dos a\u00f1os para culminar este documento creado para exigir que se respeten los derechos fundamentales de las mujeres de la provincia de Espinar, por lo cual es un instrumento de gesti\u00f3n que contiene las principales demandas y propuestas desde las vivencias de discriminaci\u00f3n y violencia.<\/p>\n<p>La presidenta de la Asociaci\u00f3n de Mujeres Defensoras del Territorio y la Cultura K\u2019ana, Esmeralda Larota, expres\u00f3 lo siguiente al ser consultada sobre la agenda: \u201cLas mujeres siempre hemos sido discriminadas, violentadas, en toda forma, ya sea en la familia, por parte de los esposos, padres, hermanos, en el trabajo de parte del jefe o de los compa\u00f1eros varones, y por instituciones p\u00fablicas y privadas, por incluirnos y por c\u00f3mo nos atienden. En cuanto a nuestros territorios, somos despojadas, sufrimos contaminaci\u00f3n ambiental, eso nos afecta nuestra salud y econom\u00eda. No tenemos derechos. Con esta agenda de la mujer K\u2019ana queremos cambiar esto, y tener un futuro y buen vivir\u201d<\/p>\n<p>La Agenda de la Mujer K\u2019ana apunta a mejorar las condiciones para las mujeres en la provincia, en el periodo 2020\u20132025, y se requiere trabajar con m\u00e1s urgencia dado a los impactos sociales, econ\u00f3micos y culturales generados por la pandemia de COVID 19, la cual ha acentuado las condiciones de vulnerabilidad de las mujeres poniendo en riesgo su bienestar.<\/p>\n<p>La agenda est\u00e1 organizada en seis ejes tem\u00e1ticos, los cuales son: violencia de g\u00e9nero; generaci\u00f3n de ingresos econ\u00f3micos; salud, derechos sexuales y reproductivos; educaci\u00f3n para la igualdad; territorio y medio ambiente y, por \u00faltimo, participaci\u00f3n pol\u00edtica y ciudadana.<\/p>\n<p>A esta iniciativa impulsada por Asociaci\u00f3n de Mujeres Defensoras del Territorio y la Cultura K\u2019ana tambi\u00e9n se involucraron organizaciones sociales de mujeres, comedores populares, as\u00ed como instituciones p\u00fablicas como la Municipalidad Provincial de Espinar a trav\u00e9s de la Gerencia de Desarrollo Social, el Centro de Emergencia Mujer de Espinar y desde la sociedad civil, la asociaci\u00f3n Derechos Humanos Sin Fronteras y la Red Muqui.<\/p>\n<p>La v\u00edspera del D\u00eda de la Madre es un momento oportuno para reflexionar y analizar el papel de las mujeres en esta sociedad patriarcal. Por tal raz\u00f3n, las integrantes de la Asociaci\u00f3n de Mujeres Defensoras del Territorio y la Cultura K\u2019ana apuestan por un nuevo comienzo en la relaci\u00f3n de igualdad entre hombres y mujeres, antes de ser parte de una festividad tradicional que se enfrasca solo en regalos.<\/p>\n<p>\u201cNo queremos flores. Queremos que todos y todas cuidemos a nuestra pachamama, nuestra fuente de vida. Queremos que nos escuchen y respeten nuestros derechos\u201d, es el grito de las mujeres K\u2019ana desde Espinar.<\/p>\n<p><strong>Descarga AQU\u00cd la versi\u00f3n digital<\/strong><\/p>\n<p>Tambi\u00e9n puedes escuchar nuestros spots radiales en castellano y quechua:<\/p>\n<p><a href=\"https:\/\/radioteca.net\/audio\/espinar-dia-de-la-madre\/\" target=\"_blank\" rel=\"noopener\" data-saferedirecturl=\"https:\/\/www.google.com\/url?q=https:\/\/radioteca.net\/audio\/espinar-dia-de-la-madre\/&amp;source=gmail&amp;ust=1589072158573000&amp;usg=AFQjCNH6umqZme6qil8KUU8rz8xJgGMxTA\">https:\/\/radioteca.net\/audio\/<wbr \/>espinar-dia-de-la-madre\/<\/a><\/p>\n<p><a href=\"https:\/\/radioteca.net\/audio\/espinar-dia-de-la-madre-quechua\/\" target=\"_blank\" rel=\"noopener\" data-saferedirecturl=\"https:\/\/www.google.com\/url?q=https:\/\/radioteca.net\/audio\/espinar-dia-de-la-madre-quechua\/&amp;source=gmail&amp;ust=1589072158573000&amp;usg=AFQjCNFeC_uld1bsOZ09754VAdEoK0OrOA\">https:\/\/radioteca.net\/audio\/<wbr \/>espinar-dia-de-la-madre-<wbr \/>quechua\/<\/a><\/p>","protected":false},"excerpt":{"rendered":"<p>Redacci\u00f3n DHSF En marco de las celebraciones del D\u00eda de la Madre, la Asociaci\u00f3n de Mujeres Defensoras del Territorio y la Cultura K\u2019ana presenta la Agenda de la Mujer K\u2019ana 2020\u20132025, \u201cWarmikuna sumaq kausayta maskhasun &#8211; Mujeres buscando un buen vivir\u2019. Fue un proceso colectivo y solidario de dos a\u00f1os para culminar este documento creado [&hellip;]<\/p>\n","protected":false},"author":1,"featured_media":4031,"comment_status":"open","ping_status":"open","sticky":false,"template":"","format":"standard","meta":{"_monsterinsights_skip_tracking":false,"_monsterinsights_sitenote_active":false,"_monsterinsights_sitenote_note":"","_monsterinsights_sitenote_category":0,"_jetpack_memberships_contains_paid_content":false,"footnotes":"","jetpack_publicize_message":"","jetpack_publicize_feature_enabled":true,"jetpack_social_post_already_shared":false,"jetpack_social_options":{"image_generator_settings":{"template":"highway","default_image_id":0,"font":"","enabled":false},"version":2}},"categories":[1],"tags":[],"class_list":["post-4030","post","type-post","status-publish","format-standard","has-post-thumbnail","hentry","category-sin-categoria"],"blocksy_meta":[],"jetpack_publicize_connections":[],"jetpack_featured_media_url":"https:\/\/derechosinfronteras.pe\/wp-content\/uploads\/2020\/05\/foto-kanas.jpg","jetpack_sharing_enabled":true,"jetpack_likes_enabled":true,"_links":{"self":[{"href":"https:\/\/derechosinfronteras.pe\/ingles\/wp-json\/wp\/v2\/posts\/4030","targetHints":{"allow":["GET"]}}],"collection":[{"href":"https:\/\/derechosinfronteras.pe\/ingles\/wp-json\/wp\/v2\/posts"}],"about":[{"href":"https:\/\/derechosinfronteras.pe\/ingles\/wp-json\/wp\/v2\/types\/post"}],"author":[{"embeddable":true,"href":"https:\/\/derechosinfronteras.pe\/ingles\/wp-json\/wp\/v2\/users\/1"}],"replies":[{"embeddable":true,"href":"https:\/\/derechosinfronteras.pe\/ingles\/wp-json\/wp\/v2\/comments?post=4030"}],"version-history":[{"count":1,"href":"https:\/\/derechosinfronteras.pe\/ingles\/wp-json\/wp\/v2\/posts\/4030\/revisions"}],"predecessor-version":[{"id":7045,"href":"https:\/\/derechosinfronteras.pe\/ingles\/wp-json\/wp\/v2\/posts\/4030\/revisions\/7045"}],"wp:featuredmedia":[{"embeddable":true,"href":"https:\/\/derechosinfronteras.pe\/ingles\/wp-json\/wp\/v2\/media\/4031"}],"wp:attachment":[{"href":"https:\/\/derechosinfronteras.pe\/ingles\/wp-json\/wp\/v2\/media?parent=4030"}],"wp:term":[{"taxonomy":"category","embeddable":true,"href":"https:\/\/derechosinfronteras.pe\/ingles\/wp-json\/wp\/v2\/categories?post=4030"},{"taxonomy":"post_tag","embeddable":true,"href":"https:\/\/derechosinfronteras.pe\/ingles\/wp-json\/wp\/v2\/tags?post=4030"}],"curies":[{"name":"wp","href":"https:\/\/api.w.org\/{rel}","templated":true}]}}