{"id":4033,"date":"2020-05-08T01:52:28","date_gmt":"2020-05-08T06:52:28","guid":{"rendered":"http:\/\/derechosinfronteras.pe\/?p=5769"},"modified":"2020-05-08T01:52:28","modified_gmt":"2020-05-08T06:52:28","slug":"42-nuevos-casos-con-covid-19-en-un-dia-en-cusco","status":"publish","type":"post","link":"https:\/\/derechosinfronteras.pe\/ingles\/42-nuevos-casos-con-covid-19-en-un-dia-en-cusco\/","title":{"rendered":"Diresa Cusco reporta 42 nuevos casos con COVID-19 en un solo d\u00eda"},"content":{"rendered":"<p><span style=\"font-size: 16px;\">Redacci\u00f3n DHSF<\/span><\/p>\n<p>La fase de contagio comunitario del coronavirus arranc\u00f3 con fuerza en la regi\u00f3n imperial del Cusco. Solo ayer, unas horas despu\u00e9s de confirmarse el ingreso al escenario 3 de la pandemia, se confirmaron 42 nuevos casos.<\/p>\n<p>Seg\u00fan el reporte epidemiol\u00f3gico de la Direcci\u00f3n Regional de Salud (Diresa), actualizado a las 22.30 horas de ayer, Cusco ya tiene 301 infectados con el virus. En el reporte anterior, la cifra era de 259 casos confirmados.<\/p>\n<p>Semanas atr\u00e1s el incremento de casos diarios no superaba 10 o 15\u00a0 nuevos infectados. El salto num\u00e9rico registrado ayer implica una progresi\u00f3n acelerada, casi cercana a la exponencial.<\/p>\n<figure id=\"attachment_5771\" aria-describedby=\"caption-attachment-5771\" style=\"width: 1024px\" class=\"wp-caption alignnone\"><img fetchpriority=\"high\" decoding=\"async\" class=\"wp-image-5771 size-large\" src=\"http:\/\/derechosinfronteras.pe\/wp-content\/uploads\/2020\/05\/WhatsApp-Image-2020-05-08-at-12.51.59-AM-1024x576.jpeg\" alt=\"\" width=\"1024\" height=\"576\" \/><figcaption id=\"caption-attachment-5771\" class=\"wp-caption-text\">Fuente: Direcci\u00f3n Regional de Salud Cusco<\/figcaption><\/figure>\n<p>En tanto, la cifra de fallecidos se mantiene en cuatro (1.32% de legalidad), mientras que hay cuatro pacientes hospitalizados en la Undidad de Cuidados Intermedios (UCIM) y dos en la Unidad de Cuidados Intensivos (UCI) del hospital Contingencia Antonio Lorena.<\/p>\n<p>Desde el inicio de la cuarentena se han procesado 7093 muestras en toda la regi\u00f3n, aunque con m\u00e1s preeminencia en la Ciudad Imperial del Cusco. De esa cantidad, 6792 fueron descartados y de los confirmados se recuperaron 142 pacientes y recibieron el alta epidemiol\u00f3gica.<\/p>\n<p>Hay que recordar que ayer el gobernador regional Jean Paul Benavente confirm\u00f3 que ya ingresamos a la etapa de contagio comunitario del coronavirus y pidi\u00f3 al Ejecutivo nacional que la cuarentena obligatoria \u00abresponsable\u00bb sea ampliada hasta el 25 de mayo. Benavente tambi\u00e9n consider\u00f3 necesario mantener la prohibici\u00f3n de reuniones p\u00fablicas que causen conglomeraciones, as\u00ed como del transporte p\u00fablico interprovincial para evitar que el virus llegue a m\u00e1s provincias. Hasta ahora hay casos de COVID-19 en Cusco, La Convenci\u00f3n, Canchis, Urubamba, Espinar y Chumbivilcas.<\/p>\n<p>&nbsp;<\/p>\n<p>&nbsp;<\/p>","protected":false},"excerpt":{"rendered":"<p>Redacci\u00f3n DHSF La fase de contagio comunitario del coronavirus arranc\u00f3 con fuerza en la regi\u00f3n imperial del Cusco. Solo ayer, unas horas despu\u00e9s de confirmarse el ingreso al escenario 3 de la pandemia, se confirmaron 42 nuevos casos. Seg\u00fan el reporte epidemiol\u00f3gico de la Direcci\u00f3n Regional de Salud (Diresa), actualizado a las 22.30 horas de [&hellip;]<\/p>\n","protected":false},"author":1,"featured_media":4034,"comment_status":"open","ping_status":"open","sticky":false,"template":"","format":"standard","meta":{"_monsterinsights_skip_tracking":false,"_monsterinsights_sitenote_active":false,"_monsterinsights_sitenote_note":"","_monsterinsights_sitenote_category":0,"_jetpack_memberships_contains_paid_content":false,"footnotes":"","jetpack_publicize_message":"","jetpack_publicize_feature_enabled":true,"jetpack_social_post_already_shared":false,"jetpack_social_options":{"image_generator_settings":{"template":"highway","default_image_id":0,"font":"","enabled":false},"version":2}},"categories":[1],"tags":[],"class_list":["post-4033","post","type-post","status-publish","format-standard","has-post-thumbnail","hentry","category-sin-categoria"],"blocksy_meta":[],"jetpack_publicize_connections":[],"jetpack_featured_media_url":"https:\/\/derechosinfronteras.pe\/wp-content\/uploads\/2020\/05\/42-casos-en-un-dia.jpg","jetpack_sharing_enabled":true,"jetpack_likes_enabled":true,"_links":{"self":[{"href":"https:\/\/derechosinfronteras.pe\/ingles\/wp-json\/wp\/v2\/posts\/4033","targetHints":{"allow":["GET"]}}],"collection":[{"href":"https:\/\/derechosinfronteras.pe\/ingles\/wp-json\/wp\/v2\/posts"}],"about":[{"href":"https:\/\/derechosinfronteras.pe\/ingles\/wp-json\/wp\/v2\/types\/post"}],"author":[{"embeddable":true,"href":"https:\/\/derechosinfronteras.pe\/ingles\/wp-json\/wp\/v2\/users\/1"}],"replies":[{"embeddable":true,"href":"https:\/\/derechosinfronteras.pe\/ingles\/wp-json\/wp\/v2\/comments?post=4033"}],"version-history":[{"count":0,"href":"https:\/\/derechosinfronteras.pe\/ingles\/wp-json\/wp\/v2\/posts\/4033\/revisions"}],"wp:featuredmedia":[{"embeddable":true,"href":"https:\/\/derechosinfronteras.pe\/ingles\/wp-json\/wp\/v2\/media\/4034"}],"wp:attachment":[{"href":"https:\/\/derechosinfronteras.pe\/ingles\/wp-json\/wp\/v2\/media?parent=4033"}],"wp:term":[{"taxonomy":"category","embeddable":true,"href":"https:\/\/derechosinfronteras.pe\/ingles\/wp-json\/wp\/v2\/categories?post=4033"},{"taxonomy":"post_tag","embeddable":true,"href":"https:\/\/derechosinfronteras.pe\/ingles\/wp-json\/wp\/v2\/tags?post=4033"}],"curies":[{"name":"wp","href":"https:\/\/api.w.org\/{rel}","templated":true}]}}