{"id":4037,"date":"2020-05-07T13:40:52","date_gmt":"2020-05-07T18:40:52","guid":{"rendered":"http:\/\/derechosinfronteras.pe\/?p=5762"},"modified":"2020-05-07T13:40:52","modified_gmt":"2020-05-07T18:40:52","slug":"gobierno-regional-de-cusco-pide-ampliar-cuarentena-porque-entramos-en-fase-3","status":"publish","type":"post","link":"https:\/\/derechosinfronteras.pe\/ingles\/gobierno-regional-de-cusco-pide-ampliar-cuarentena-porque-entramos-en-fase-3\/","title":{"rendered":"Gobierno regional de Cusco pide ampliar cuarentena porque entramos en FASE 3"},"content":{"rendered":"<p>Redacci\u00f3n DHSF<\/p>\n<p>El Gobierno Regional del Cusco,\u00a0Jean Paul Benavente , pedir\u00e1 al presidente de la Rep\u00fablica, Mart\u00edn Vizcarra, la ampliaci\u00f3n del aislamiento social obligatorio \u00abresponsable\u00bb en la regi\u00f3n imperial hasta el 25 de mayo, es decir 15 d\u00edas m\u00e1s.<\/p>\n<p>Benavente, inform\u00f3 que la propuesta obedece a la necesidad de contener el contagio del COVID-19 en la regi\u00f3n Cusco, que ha entrado a la fase 3, es decir, de contagio comunitario. El escenario 3, como lo llaman los epidemi\u00f3logos, es cuando hay brotes regionales que implican una dispersi\u00f3n masiva del virus. Hasta ahora estuvimos en la fase de contenci\u00f3n.<\/p>\n<p>Seg\u00fan el \u00faltimo reporte epidemi\u00f3logico, hay 259 casos confirmados, cuatro muertos, cuatro internados en cuidados intermedios y dos en Unidad de Cuidados Intensivos (UCI).<\/p>\n<p>LA AMPLIACI\u00d3N<\/p>\n<p>La ampliaci\u00f3n de la cuarentena, seg\u00fan la propuesta de Benavente, incluye el toque de queda de seis de la tarde a siete de la ma\u00f1ana.<\/p>\n<p>Asimismo, que se intensifiquen los controles policiales y del ej\u00e9rcito en todos los puntos de entrada a la regi\u00f3n. Benavente fue enf\u00e1tico en se\u00f1alar que cualquier traslado humanitario debe ser autorizado y en coordinaci\u00f3n \u00fanicamente con el Gobierno Regional del Cusco. \u00abEl traslado ilegal ser\u00e1 denunciado ante las autoridades\u00bb, advirti\u00f3 Benavente.<\/p>\n<p>Otra medida propuesta es que el transporte p\u00fablico interprovincial siga suspendido y se mantenga la prohibici\u00f3n de reuniones sociales colectivas.<\/p>\n<p>La propuesta de la Regi\u00f3n Cusco tambi\u00e9n incluye un segundo paquete de medidas sanitarias para enfrentar cualquier escenario cr\u00edtico a causa del coronavirus. Entre ellas el despliegue de un proceso de tamizaje a poblaciones de riesgo y vulnerables (ancianos y enfermos) en toda la regi\u00f3n.<\/p>\n<p>De igual forma, propone fortalecer la oferta fija de los servicios de salud de los principales hospitales, as\u00ed como en nosocomios provinciales.<\/p>\n<p>El planteamiento regional considera tambi\u00e9n la reactivaci\u00f3n de algunas actividades como la construcci\u00f3n y el agro.<\/p>","protected":false},"excerpt":{"rendered":"<p>Redacci\u00f3n DHSF El Gobierno Regional del Cusco,\u00a0Jean Paul Benavente , pedir\u00e1 al presidente de la Rep\u00fablica, Mart\u00edn Vizcarra, la ampliaci\u00f3n del aislamiento social obligatorio \u00abresponsable\u00bb en la regi\u00f3n imperial hasta el 25 de mayo, es decir 15 d\u00edas m\u00e1s. Benavente, inform\u00f3 que la propuesta obedece a la necesidad de contener el contagio del COVID-19 en [&hellip;]<\/p>\n","protected":false},"author":1,"featured_media":4038,"comment_status":"open","ping_status":"open","sticky":false,"template":"","format":"standard","meta":{"_monsterinsights_skip_tracking":false,"_monsterinsights_sitenote_active":false,"_monsterinsights_sitenote_note":"","_monsterinsights_sitenote_category":0,"_jetpack_memberships_contains_paid_content":false,"footnotes":"","jetpack_publicize_message":"","jetpack_publicize_feature_enabled":true,"jetpack_social_post_already_shared":false,"jetpack_social_options":{"image_generator_settings":{"template":"highway","default_image_id":0,"font":"","enabled":false},"version":2}},"categories":[1],"tags":[],"class_list":["post-4037","post","type-post","status-publish","format-standard","has-post-thumbnail","hentry","category-sin-categoria"],"blocksy_meta":[],"jetpack_publicize_connections":[],"jetpack_featured_media_url":"https:\/\/derechosinfronteras.pe\/wp-content\/uploads\/2020\/05\/Plantilla-Foto-web-copia-2.jpg","jetpack_sharing_enabled":true,"jetpack_likes_enabled":true,"_links":{"self":[{"href":"https:\/\/derechosinfronteras.pe\/ingles\/wp-json\/wp\/v2\/posts\/4037","targetHints":{"allow":["GET"]}}],"collection":[{"href":"https:\/\/derechosinfronteras.pe\/ingles\/wp-json\/wp\/v2\/posts"}],"about":[{"href":"https:\/\/derechosinfronteras.pe\/ingles\/wp-json\/wp\/v2\/types\/post"}],"author":[{"embeddable":true,"href":"https:\/\/derechosinfronteras.pe\/ingles\/wp-json\/wp\/v2\/users\/1"}],"replies":[{"embeddable":true,"href":"https:\/\/derechosinfronteras.pe\/ingles\/wp-json\/wp\/v2\/comments?post=4037"}],"version-history":[{"count":0,"href":"https:\/\/derechosinfronteras.pe\/ingles\/wp-json\/wp\/v2\/posts\/4037\/revisions"}],"wp:featuredmedia":[{"embeddable":true,"href":"https:\/\/derechosinfronteras.pe\/ingles\/wp-json\/wp\/v2\/media\/4038"}],"wp:attachment":[{"href":"https:\/\/derechosinfronteras.pe\/ingles\/wp-json\/wp\/v2\/media?parent=4037"}],"wp:term":[{"taxonomy":"category","embeddable":true,"href":"https:\/\/derechosinfronteras.pe\/ingles\/wp-json\/wp\/v2\/categories?post=4037"},{"taxonomy":"post_tag","embeddable":true,"href":"https:\/\/derechosinfronteras.pe\/ingles\/wp-json\/wp\/v2\/tags?post=4037"}],"curies":[{"name":"wp","href":"https:\/\/api.w.org\/{rel}","templated":true}]}}