{"id":4041,"date":"2020-05-06T16:37:52","date_gmt":"2020-05-06T21:37:52","guid":{"rendered":"http:\/\/derechosinfronteras.pe\/?p=5749"},"modified":"2020-05-06T16:37:52","modified_gmt":"2020-05-06T21:37:52","slug":"las-barreras-en-la-lucha-contra-la-violencia-de-genero-en-comunidades-campesinas-durante-cuarentena","status":"publish","type":"post","link":"https:\/\/derechosinfronteras.pe\/ingles\/las-barreras-en-la-lucha-contra-la-violencia-de-genero-en-comunidades-campesinas-durante-cuarentena\/","title":{"rendered":"Las barreras en la lucha contra la violencia de g\u00e9nero en comunidades campesinas durante cuarentena."},"content":{"rendered":"<p style=\"text-align: right;\">Yulissa Casana &#8211; Comunicaciones DHSF<\/p>\n<p>A medida que las cifras de contagio de COVID-19 aumentan en el mundo, cada vez son m\u00e1s los casos de violencia de g\u00e9nero como resultado del confinamiento. Esta realidad tambi\u00e9n es visible en nuestra regi\u00f3n. Durante la emergencia sanitaria, la Corte Superior de Justicia de Cusco emiti\u00f3 54 resoluciones de medidas de protecci\u00f3n para las v\u00edctimas de violencia. La mayor\u00eda de las denuncias fueron reportadas en las provincias de Chumbivilcas y Espinar; 37 de las agraviadas se encontraban en riesgo severo y 17 agresores fueron detenidos en flagrancia.<\/p>\n<p>Deficiencia y discriminaci\u00f3n en el acceso de servicios, al igual que la normalizaci\u00f3n de la violencia, hace dif\u00edcil obtener datos estad\u00edsticos de violencia de g\u00e9nero de la regi\u00f3n, especialmente de zonas rurales. En Cusco, seg\u00fan el Ministerio de Cultura, actualmente hay 755 comunidades campesinas, muchas de ellas afectadas por proyectos y actividades extractivas mineras que -de acuerdo a estudios- pone a la mujer en situaci\u00f3n de mayor desventaja al agravar desigualdades existentes.<\/p>\n<p>La pandemia de coronavirus ha acentuado las condiciones de vulnerabilidad de ni\u00f1as, adolescentes y mujeres adultas, quienes en la mayor\u00eda de los casos tienen que convivir en cuarentena con el agresor. Esto tiene un impacto alarmante en las comunidades rurales, dado que las mujeres tienen que vencer adicionalmente barreras ling\u00fc\u00edsticas, culturales y geogr\u00e1ficas para denunciar la violencia de g\u00e9nero de la que son v\u00edctimas. Adem\u00e1s, la restricci\u00f3n total de transporte p\u00fablico hace casi imposible la posibilidad que mujeres que viven en el campo, puedan buscar alg\u00fan tipo de ayuda o escapar de la situaci\u00f3n de violencia.<\/p>\n<p>A nivel nacional hasta la fecha se han registrado en total 8 feminicidios, seg\u00fan las declaraciones de la ministra de la Mujer y Poblaciones Vulnerables, Gloria Montenegro, a Canal N. A parte de los feminicidios, hay 162 denuncias de violaci\u00f3n sexual, de las cuales el n\u00famero de v\u00edctimas menores de edad (ni\u00f1os, ni\u00f1as y adolescentes) es 102. La l\u00ednea 100, el numero habilitado para brindar orientaci\u00f3n a mujeres en peligro, recibi\u00f3 8 mil llamadas en los primeros 40 d\u00edas de la cuarentena, representando 360 llamadas por d\u00eda.<\/p>\n<p>DECRETO LEGISLATIVO SIMPLIFICA PROTECCI\u00d3N A V\u00cdCTIMAS<\/p>\n<p>En respuesta a este problema social que ataca los derechos fundamentales de las mujeres, el lunes 27 del corriente, se promulg\u00f3 el Decreto Legislativo N\u00b0 1470, el cual simplifica el procedimiento de las v\u00edctimas de violencia contra las mujeres y los integrantes del grupo familiar durante la emergencia sanitaria para que cuenten con medidas de protecci\u00f3n oportuna.<\/p>\n<p>La medida ordena al Poder Judicial, a trav\u00e9s de sus Cortes Superiores de Justicia a nivel nacional, habilitar los recursos tecnol\u00f3gicos necesarios para la comunicaci\u00f3n directa entre la v\u00edctima y el juez\/jueza, por ende, se prescinde de la realizaci\u00f3n de audiencias para el otorgamiento de medidas de protecci\u00f3n y\/o cautelares. Adem\u00e1s, establece coordinaciones entre entidades del Estado se realicen por el medio que tengan a su alcance y que la Polic\u00eda Nacional del Per\u00fa georreferencia la direcci\u00f3n de la v\u00edctima, para agilizar el cumplimiento de las medidas de protecci\u00f3n.<\/p>\n<p>Entre las disposiciones, tambi\u00e9n figura que independientemente del nivel de riesgo en que se encuentre la v\u00edctima, toda denuncia se comunica inmediatamente al juzgado competente; la atenci\u00f3n de casos de violencia contra las mujeres y los integrantes del grupo familiar, desde que se produce la denuncia hasta que se dicta las medidas de protecci\u00f3n, no puede exceder el plazo de 24 horas; de igual modo, se prioriza el retiro del agresor del hogar, entre otras disposiciones complementarias.<\/p>\n<p>LEYES SIN UN ADECUADO CONTEXTO CULTURAL<\/p>\n<p>No obstante, existe un problema al momento de abordar la violencia de g\u00e9nero desde la mirada de las comunidades andinas, pues consideran que las leyes responden a una l\u00f3gica e institucionalidad urbana. Es decir, las v\u00edctimas deben superar una serie de obst\u00e1culos para asentar la denuncia como barreras geogr\u00e1ficas y tecnol\u00f3gicas, racismo y dificultad para comunicarse en su lengua materna. Esto a pesar que el Estado debe garantizar el acceso a los servicios de atenci\u00f3n y de justicia en t\u00e9rminos tanto geogr\u00e1ficos como culturales y sociales.\u00a0 A ello se suma la falta de hogares temporales para las v\u00edctimas de violencia de g\u00e9nero, como es el caso de las provincias de Espinar y Chumbivilcas.<\/p>\n<p>Si bien el Decreto Legislativo N\u00b0 1470 es un avance en la adecuada atenci\u00f3n de la violencia de g\u00e9nero, el camino todav\u00eda es sinuoso, precisamente, porque la discriminaci\u00f3n de g\u00e9nero atraviesa tanto el sistema estatal como el comunitario.<\/p>\n<p>Muchas veces la violencia de g\u00e9nero es abordada como violencia familiar o dom\u00e9stica. Al definirla y tratarla bajo t\u00e9rminos distintos, no hay un verdadero an\u00e1lisis a nivel sociocultural sobre los derechos humanos de la mujer y las causas de la violencia. No se profundiza en el modelo patriarcal, que fomenta el control sobre la v\u00edctima por el hecho de ser mujer y que sostiene relaciones desiguales de poder entre varones y mujeres en nuestra sociedad.<\/p>\n<p>IMPACTO EN MILLONES DE MUJERES<\/p>\n<p>Al respecto, la Organizaci\u00f3n de Naciones Unidas (ONU) advierte el impacto de la pandemia en la vida de las mujeres en los resultados de un estudio realizado por Fondo Poblaci\u00f3n de la ONU, junto a Avenir Health, la Universidad Johns Hopkins de Estados Unidos y la Universidad Victoria, de Australia. Entre las conclusiones de la investigaci\u00f3n figura que la incapacidad de conseguir anticonceptivos puede llevar a siete millones de embarazos no deseados en los pr\u00f3ximos meses; asimismo, el aumento de la violencia de g\u00e9nero en un 20 % durante los per\u00edodos de encierro, por lo que habr\u00eda 31 millones de casos de abusos adicionales para un confinamiento de seis meses.<\/p>\n<p>En ese sentido, los planes de respuesta y las medidas econ\u00f3micas y sociales para enfrentar el coronavirus deben incluir a las mujeres como eje central y no solo como v\u00edctimas de un sistema patriarcal, que hist\u00f3ricamente nos ha colocado en un lugar inferior sin distinci\u00f3n de la mujer urbana y rural. Las acciones de los diferentes niveles de \u00f3rganos de gobierno, as\u00ed como la participaci\u00f3n ciudadana en las instancias comunales son importantes en la lucha por lograr la igualdad de g\u00e9nero que exigimos las mujeres y que hoy es responsabilidad de todos y todas, ya que estar en cuarentena no significa estar en silencio.<\/p>\n<p>Fuentes:<\/p>\n<p>https:\/\/busquedas.elperuano.pe\/normaslegales\/decreto-legislativo-que-establece-medidas-para-garantizar-la-decreto-legislativo-n-1470-1865791-1\/<\/p>\n<p>https:\/\/canaln.pe\/actualidad\/coronavirus-siete-feminicidios-se-registraron-peru-durante-estado-emergencia-n412206<\/p>\n<p>https:\/\/larepublica.pe\/sociedad\/2020\/04\/10\/violencia-familiar-en-cuarentena-pj-emitio-54-medidas-de-proteccion-en-cusco-lrsd\/<\/p>\n<p>https:\/\/www.oas.org\/es\/mesecvi\/docs\/Round2-FollowUp-ShadowReport-Peru.pdf<\/p>\n<p>http:\/\/centroderecursos.cultura.pe\/sites\/default\/files\/rb\/pdf\/Cartilla%20Cusco%202020.pdf<\/p>\n<p>https:\/\/www.pj.gob.pe\/wps\/wcm\/connect\/cortesuprema\/s_cortes_suprema_home\/as_inicio\/as_enlaces_destacados\/as_imagen_prensa\/as_notas_noticias\/2020\/cs_n-medidas-de-proteccion-durante-cuarentena-01052020<\/p>\n<p>https:\/\/derechosinfronteras.pe\/5289-2\/<\/p>","protected":false},"excerpt":{"rendered":"<p>Yulissa Casana &#8211; Comunicaciones DHSF A medida que las cifras de contagio de COVID-19 aumentan en el mundo, cada vez son m\u00e1s los casos de violencia de g\u00e9nero como resultado del confinamiento. Esta realidad tambi\u00e9n es visible en nuestra regi\u00f3n. Durante la emergencia sanitaria, la Corte Superior de Justicia de Cusco emiti\u00f3 54 resoluciones de [&hellip;]<\/p>\n","protected":false},"author":1,"featured_media":4042,"comment_status":"open","ping_status":"open","sticky":false,"template":"","format":"standard","meta":{"_monsterinsights_skip_tracking":false,"_monsterinsights_sitenote_active":false,"_monsterinsights_sitenote_note":"","_monsterinsights_sitenote_category":0,"_jetpack_memberships_contains_paid_content":false,"footnotes":"","jetpack_publicize_message":"","jetpack_publicize_feature_enabled":true,"jetpack_social_post_already_shared":false,"jetpack_social_options":{"image_generator_settings":{"template":"highway","default_image_id":0,"font":"","enabled":false},"version":2}},"categories":[1],"tags":[],"class_list":["post-4041","post","type-post","status-publish","format-standard","has-post-thumbnail","hentry","category-sin-categoria"],"blocksy_meta":[],"jetpack_publicize_connections":[],"jetpack_featured_media_url":"https:\/\/derechosinfronteras.pe\/wp-content\/uploads\/2020\/05\/MUJERES.jpg","jetpack_sharing_enabled":true,"jetpack_likes_enabled":true,"_links":{"self":[{"href":"https:\/\/derechosinfronteras.pe\/ingles\/wp-json\/wp\/v2\/posts\/4041","targetHints":{"allow":["GET"]}}],"collection":[{"href":"https:\/\/derechosinfronteras.pe\/ingles\/wp-json\/wp\/v2\/posts"}],"about":[{"href":"https:\/\/derechosinfronteras.pe\/ingles\/wp-json\/wp\/v2\/types\/post"}],"author":[{"embeddable":true,"href":"https:\/\/derechosinfronteras.pe\/ingles\/wp-json\/wp\/v2\/users\/1"}],"replies":[{"embeddable":true,"href":"https:\/\/derechosinfronteras.pe\/ingles\/wp-json\/wp\/v2\/comments?post=4041"}],"version-history":[{"count":0,"href":"https:\/\/derechosinfronteras.pe\/ingles\/wp-json\/wp\/v2\/posts\/4041\/revisions"}],"wp:featuredmedia":[{"embeddable":true,"href":"https:\/\/derechosinfronteras.pe\/ingles\/wp-json\/wp\/v2\/media\/4042"}],"wp:attachment":[{"href":"https:\/\/derechosinfronteras.pe\/ingles\/wp-json\/wp\/v2\/media?parent=4041"}],"wp:term":[{"taxonomy":"category","embeddable":true,"href":"https:\/\/derechosinfronteras.pe\/ingles\/wp-json\/wp\/v2\/categories?post=4041"},{"taxonomy":"post_tag","embeddable":true,"href":"https:\/\/derechosinfronteras.pe\/ingles\/wp-json\/wp\/v2\/tags?post=4041"}],"curies":[{"name":"wp","href":"https:\/\/api.w.org\/{rel}","templated":true}]}}