{"id":4045,"date":"2020-05-05T12:18:51","date_gmt":"2020-05-05T17:18:51","guid":{"rendered":"http:\/\/derechosinfronteras.pe\/?p=5739"},"modified":"2020-05-05T12:18:51","modified_gmt":"2020-05-05T17:18:51","slug":"coronavirus-y-el-riesgo-a-la-salud-en-el-corredor-minero-del-sur","status":"publish","type":"post","link":"https:\/\/derechosinfronteras.pe\/ingles\/coronavirus-y-el-riesgo-a-la-salud-en-el-corredor-minero-del-sur\/","title":{"rendered":"Coronavirus y el riesgo a la salud en el Corredor Minero del Sur"},"content":{"rendered":"<p style=\"text-align: right;\">Por: Bi\u00f3loga Karem Luque \/ DHSF<\/p>\n<p>Han pasado 168 d\u00edas desde que se dio el primer caso de coronavirus en el mundo, en un paciente de 55 a\u00f1os de la ciudad de Wuhan (China), y 59 d\u00edas desde que lleg\u00f3 el caso 0 a Per\u00fa en un paciente de 25 a\u00f1os. Las cifras a nivel nacional nos indican que en la actualidad tenemos 47,372 casos confirmados al COVID-19 y con esto la p\u00e9rdida de 1,344 peruanos al 5 de mayo<a href=\"#_ftn1\" name=\"_ftnref1\">[1]<\/a>. En la regi\u00f3n Cusco se han confirmado 237 casos positivos y 4 fallecidos<a href=\"#_ftn2\" name=\"_ftnref2\">[2]<\/a>.<\/p>\n<p>Asimismo, el 25 de abril, a 40 d\u00edas de la cuarentena, el virus empez\u00f3 a aparecer en parte del corredor minero entre las provincias de Cotabambas en Apur\u00edmac y Espinar en Cusco. Eran ciudadanos\/as que regresaban de otras regiones afectados\/as por la crisis econ\u00f3mica que afect\u00f3 a m\u00e1s del 70 % de la poblaci\u00f3n peruana. Por otro lado, el 26 de abril se confirmaron los 18 primeros casos positivos de COVID-19 en trabajadores de la unidad Minera Constancia, propiedad de HudBay, y 3 d\u00edas despu\u00e9s 8 trabajadores de la empresa Glencore Antapaccay dieron positivo para el virus.<\/p>\n<p>Ambos casos reflejaban que no se hab\u00eda mantenido una clara comunicaci\u00f3n ni articulaci\u00f3n con las entidades de salud encargadas de elaborar e implementar protocolos para evitar el contagio, que lidera la Red de Salud de los \u00e1mbitos y sus respectivos Comando COVID-19. Adem\u00e1s, las y los trabajadores denunciaron &#8211; a trav\u00e9s de comunicados &#8211; que no se estaban siguiendo adecuadamente los protocolos laborales para proteger su salud. Pero, \u00bfqu\u00e9 implica que hoy nos fijemos en la situaci\u00f3n de contagios en parte del corredor minero? La respuesta la detallamos en 2 puntos espec\u00edficos.<\/p>\n<ol>\n<li><strong>Situaci\u00f3n de salud en Espinar y Chumbivilcas<\/strong><\/li>\n<\/ol>\n<p>Al 2016, una de las primeras causas de mortandad en la provincia de Espinar eran las enfermedades del sistema respiratorio con un 18.9 %, seguido de infarto agudo de miocardio con 12.7 %. Asimismo, en la provincia de Chumbivilcas el primer lugar de mortalidad fue ocupado por las enfermedades del sistema respiratorio (neumon\u00edas) con un 30.3 %<a href=\"#_ftn3\" name=\"_ftnref3\">[3]<\/a>.<\/p>\n<p>Las cifras de morbilidad al 2018 en ambas provincias tambi\u00e9n inclu\u00edan a las enfermedades del sistema respiratorio: 23 % de casos en Espinar y 22.7 % en Chumbivilcas.<\/p>\n<p>Considerando que en ambas provincias prevalecen riesgos a la salud y a la vida por enfermedades respiratorias, un brote de coronavirus podr\u00eda desencadenar da\u00f1os irreversibles en poblaciones que apenas cuentan con hospitales y centros de salud en total abandono y precariedad, como muchos otros en las zonas del sur andino.<\/p>\n<figure id=\"attachment_5742\" aria-describedby=\"caption-attachment-5742\" style=\"width: 1024px\" class=\"wp-caption alignnone\"><img fetchpriority=\"high\" decoding=\"async\" class=\"wp-image-5742 size-large\" src=\"http:\/\/derechosinfronteras.pe\/wp-content\/uploads\/2020\/05\/covid-espinar-1024x576.jpeg\" alt=\"\" width=\"1024\" height=\"576\" \/><figcaption id=\"caption-attachment-5742\" class=\"wp-caption-text\">Foto: Andina<\/figcaption><\/figure>\n<p><strong>\u00a0<\/strong><\/p>\n<ol start=\"2\">\n<li><strong>Calidad de sus fuentes de agua <\/strong><\/li>\n<\/ol>\n<p>Una de las primeras recomendaciones para evitar el contagio del coronavirus es el constante <strong>lavado de manos <\/strong>y con una duraci\u00f3n de 20 segundos. Y este es un aspecto importante a analizar, porque la Direcci\u00f3n Regional de Salud (Diresa) muestra que en Espinar existen 1300 centros poblados, de los cuales solo el 17.2 % cuenta con sistema de abastecimiento de agua y un 82.8 % no tiene el servicio. Existe entonces un consumo directo de fuentes de agua superficiales y subterr\u00e1neas y que todo ello constituye un riesgo potencial sanitario para las comunidades. Adem\u00e1s, al 2018, las inspecciones realizadas en la Planta de tratamiento Virgen de Chapi, que abastece a la zona urbana de Espinar, evidenciaron la presencia de metales t\u00f3xicos como ars\u00e9nico, aluminio, manganeso y hierro por encima de los niveles permitida, es decir, exced\u00edan las normativas nacionales, esto sumado a la larga historia de contaminaci\u00f3n por metales que se ha denunciado durante a\u00f1os en Espinar.<\/p>\n<p>As\u00ed tambi\u00e9n en Chumbivilcas, la Diresa indica que la provincia est\u00e1 expuesta a 3 riesgos antropog\u00e9nicos que puedan afectar su salud. Veamos.<\/p>\n<p>1) La actividad minera de HudBay y la minera Ares que, a partir de la extracci\u00f3n, movimiento de tierras, disposici\u00f3n de aguas residuales, relaves mineros y pasivos ambientales ponen en riesgo la salud de la poblaci\u00f3n.<\/p>\n<p>2) Tambi\u00e9n indican que existen 596 centros poblados <strong>con sistema<\/strong> de abastecimiento de agua y 926 <strong>no cuentan<\/strong> con estos sistemas de agua potable y el consumo directo que hacen son de manantes y r\u00edos.<\/p>\n<p>3) Producto de la actividad antropog\u00e9nica los r\u00edos est\u00e1n contaminados por las aguas residuales de las mineras que desembocan en sus r\u00edos, as\u00ed como las aguas servidas de la poblaci\u00f3n. Esto sumado a que al 2018, a trav\u00e9s de an\u00e1lisis en mandantes, se determin\u00f3 que de 25 muestras tomadas en 6 hubo exceso de cadmio y en uno de hierro.<\/p>\n<figure id=\"attachment_5743\" aria-describedby=\"caption-attachment-5743\" style=\"width: 1024px\" class=\"wp-caption alignnone\"><img decoding=\"async\" class=\"size-large wp-image-5743\" src=\"http:\/\/derechosinfronteras.pe\/wp-content\/uploads\/2020\/05\/vaaaaaaaa-1024x683.jpg\" alt=\"\" width=\"1024\" height=\"683\" \/><figcaption id=\"caption-attachment-5743\" class=\"wp-caption-text\">R\u00edo contaminado en la provincia de Espinar. Foto: La Rep\u00fablica &#8211; Miguel Gutierrez<\/figcaption><\/figure>\n<p><strong>Reflexiones finales<\/strong><\/p>\n<p>Considerando que en ambas provincias ya se tienen los primeros casos de COVID-19, sumado a una tasa de morbilidad y mortalidad alta para enfermedades del sistema respiratorio y con un deficiente abastecimiento de agua de calidad para prevenir el contagio, es necesario que en estas zonas del corredor minero se establezcan acciones inmediatas y a largo plazo para prevenir el da\u00f1o y contribuir a erradicar los riesgos no solo por el coronavirus sino tambi\u00e9n por el \u00abmineravirus\u00bb.<\/p>\n<p>Estas acciones, por ejemplo, tienen que ver con la socializaci\u00f3n de los protocolos sanitarios y de bioseguridad que se est\u00e1n implementando para las actividades mineras y que implica considerar a las comunidades para que ellas conozcan tambi\u00e9n estos documentos, por encontrarse en \u00e1reas de cercan\u00eda con los trabajadores de la empresa. Asimismo, implementar protocolos adecuados para las y los caminantes con las medidas sanitarias correspondientes. Finalmente, para garantizar el acceso al agua de calidad, es necesario que instancias como el OEFA y la ANA contribuyan en la fiscalizaci\u00f3n y sanci\u00f3n de los accidentes vehiculares en las zonas del corredor minero y que promueve una alta vulnerabilidad a los territorios y, por ende, a la salud de las comunidades.<\/p>\n<p>&nbsp;<\/p>\n<p>Nota: Asimismo, para el d\u00eda de hoy 5 de mayo la Diresa ha convocado a una reuni\u00f3n a todas las empresas mineras de la regi\u00f3n Cusco para que se constituyan en unidades epidemiol\u00f3gicas informantes, as\u00ed como para evaluar y verificar los planes de contingencia, prevenci\u00f3n, control y vigilancia epidemiol\u00f3gica del COVID-19 y que todo esto est\u00e9 dentro de los lineamientos del Ministerio de Salud (Minsa), que incluye la certificaci\u00f3n de uso de las pruebas r\u00e1pidas utilizadas.<\/p>\n<p>&nbsp;<\/p>\n<p><a href=\"#_ftnref1\" name=\"_ftn1\">[1]<\/a> Fuente: MINSA (Informaci\u00f3n revisada al 05 de mayo a las 11:11 a.m.)<\/p>\n<p><a href=\"#_ftnref2\" name=\"_ftn2\">[2]<\/a> Data reportada en el comunicado N\u00b0 36 de la DIRESA Cusco.<\/p>\n<p><a href=\"#_ftnref3\" name=\"_ftn3\">[3]<\/a> Informaci\u00f3n tomada del documento t\u00e9cnico: Plan de acci\u00f3n de salud integral para la poblaci\u00f3n en riesgo a metales pesados y metaloides, en las provincias de Espinar, Chumbivilcas y La Convenci\u00f3n Cusco 2019 \u2013 2021. DIRESA Cusco (2019)<\/p>\n","protected":false},"excerpt":{"rendered":"<p>Por: Bi\u00f3loga Karem Luque \/ DHSF Han pasado 168 d\u00edas desde que se dio el primer caso de coronavirus en el mundo, en un paciente de 55 a\u00f1os de la ciudad de Wuhan (China), y 59 d\u00edas desde que lleg\u00f3 el caso 0 a Per\u00fa en un paciente de 25 a\u00f1os. Las cifras a nivel [&hellip;]<\/p>\n","protected":false},"author":1,"featured_media":4046,"comment_status":"open","ping_status":"open","sticky":false,"template":"","format":"standard","meta":{"_monsterinsights_skip_tracking":false,"_monsterinsights_sitenote_active":false,"_monsterinsights_sitenote_note":"","_monsterinsights_sitenote_category":0,"_jetpack_memberships_contains_paid_content":false,"footnotes":"","jetpack_publicize_message":"","jetpack_publicize_feature_enabled":true,"jetpack_social_post_already_shared":false,"jetpack_social_options":{"image_generator_settings":{"template":"highway","default_image_id":0,"font":"","enabled":false},"version":2}},"categories":[1],"tags":[],"class_list":["post-4045","post","type-post","status-publish","format-standard","has-post-thumbnail","hentry","category-sin-categoria"],"blocksy_meta":[],"jetpack_publicize_connections":[],"jetpack_featured_media_url":"https:\/\/derechosinfronteras.pe\/wp-content\/uploads\/2020\/05\/Plantilla-Foto-web-copia-1.jpg","jetpack_sharing_enabled":true,"jetpack_likes_enabled":true,"_links":{"self":[{"href":"https:\/\/derechosinfronteras.pe\/ingles\/wp-json\/wp\/v2\/posts\/4045","targetHints":{"allow":["GET"]}}],"collection":[{"href":"https:\/\/derechosinfronteras.pe\/ingles\/wp-json\/wp\/v2\/posts"}],"about":[{"href":"https:\/\/derechosinfronteras.pe\/ingles\/wp-json\/wp\/v2\/types\/post"}],"author":[{"embeddable":true,"href":"https:\/\/derechosinfronteras.pe\/ingles\/wp-json\/wp\/v2\/users\/1"}],"replies":[{"embeddable":true,"href":"https:\/\/derechosinfronteras.pe\/ingles\/wp-json\/wp\/v2\/comments?post=4045"}],"version-history":[{"count":0,"href":"https:\/\/derechosinfronteras.pe\/ingles\/wp-json\/wp\/v2\/posts\/4045\/revisions"}],"wp:featuredmedia":[{"embeddable":true,"href":"https:\/\/derechosinfronteras.pe\/ingles\/wp-json\/wp\/v2\/media\/4046"}],"wp:attachment":[{"href":"https:\/\/derechosinfronteras.pe\/ingles\/wp-json\/wp\/v2\/media?parent=4045"}],"wp:term":[{"taxonomy":"category","embeddable":true,"href":"https:\/\/derechosinfronteras.pe\/ingles\/wp-json\/wp\/v2\/categories?post=4045"},{"taxonomy":"post_tag","embeddable":true,"href":"https:\/\/derechosinfronteras.pe\/ingles\/wp-json\/wp\/v2\/tags?post=4045"}],"curies":[{"name":"wp","href":"https:\/\/api.w.org\/{rel}","templated":true}]}}