{"id":4047,"date":"2020-05-04T19:48:41","date_gmt":"2020-05-05T00:48:41","guid":{"rendered":"http:\/\/derechosinfronteras.pe\/?p=5732"},"modified":"2020-05-04T19:48:41","modified_gmt":"2020-05-05T00:48:41","slug":"se-confirman-otros-tres-casos-de-trabajadores-de-la-minera-hudbay","status":"publish","type":"post","link":"https:\/\/derechosinfronteras.pe\/ingles\/se-confirman-otros-tres-casos-de-trabajadores-de-la-minera-hudbay\/","title":{"rendered":"Se confirman otros tres casos de trabajadores de la minera Hudbay con COVID-19"},"content":{"rendered":"<p>Redacci\u00f3n DHSF<\/p>\n<p>El equipo de COVID-19 del Hospital Regional del Cusco aplic\u00f3 el fin de semana pasado pruebas de descarte del virus a 70 trabajadores de la minera minera Hudbay Per\u00fa.<\/p>\n<p>En tres casos el resultado fue positivo para coronavirus. La semana pasada, la Red de Salud de Chumbivilcas confirm\u00f3 la existencia de 18 trabajadores de Hudbay contagiados con el virus, con lo que ya suman 21 casos.<\/p>\n<p>El director del hospital F\u00e9lix Hidalgo Ram\u00edrez sostuvo que los tres servidores ya cumplen la cuarentena. En ninguno de los casos se requiere hospitalizaci\u00f3n debido a que presentan un cuadro estable y asintom\u00e1tico.<\/p>\n<p>El tamizaje a los trabajadores mineros se realiz\u00f3 en el Centro de Salud de Acamana, del distrito de San Jer\u00f3nimo, antes de que sean trasladados al campamento minero como relevo. M\u00e9dicos, enfermeras y bi\u00f3logos hicieron el triaje, atenci\u00f3n m\u00e9dica y la toma de pruebas r\u00e1pidas, que fueron proporcionadas por la empresa minera.<\/p>\n<p>Cabe precisar que la Direcci\u00f3n Regional de Salud convoc\u00f3 a una reuni\u00f3n a los representantes de las empresas mineras que operan en Cusco para que se constituyan en unidades epidemiol\u00f3gicas informantes, as\u00ed como evaluar y verificar que sus planes de contingencia de prevenci\u00f3n, control y vigilancia epidemiol\u00f3gica del COVID-19 cumplan con los lineamientos del sector Salud. Eso incluye que las aplicaciones de las pruebas de descarte del virus se realicen en centros m\u00e9dicos que cuenten con autorizaci\u00f3n y certificaci\u00f3n.<\/p>\n<p>TRABAJO EN EL LORENA<\/p>\n<p>Por otro lado, el m\u00e9dico Enrique Arana Garc\u00eda, jefe del Servicio de COVID-19, precis\u00f3 que permanecen hospitalizados tres pacientes, uno confirmado y dos sospechosos.<\/p>\n<p>\u00abLos pacientes que estuvieron hospitalizados, se recuperaron y fueron dados de alta, son monitoreados de manera permanente v\u00eda telef\u00f3nica, tanto por m\u00e9dicos como personal de enfermer\u00eda. Algunos incluso vuelven al hospital para su control y no hay mayores preocupaciones\u00bb, refiri\u00f3 Arana Garc\u00eda.<\/p>\n<figure id=\"attachment_5735\" aria-describedby=\"caption-attachment-5735\" style=\"width: 678px\" class=\"wp-caption alignnone\"><img fetchpriority=\"high\" decoding=\"async\" class=\"size-full wp-image-5735\" src=\"http:\/\/derechosinfronteras.pe\/wp-content\/uploads\/2020\/05\/WhatsApp-Image-2020-05-04-at-7.39.59-PM.jpg\" alt=\"\" width=\"678\" height=\"452\" \/><figcaption id=\"caption-attachment-5735\" class=\"wp-caption-text\">Foto: C\u00e1mara de Comercio de Canad\u00e1.<\/figcaption><\/figure>","protected":false},"excerpt":{"rendered":"<p>Redacci\u00f3n DHSF El equipo de COVID-19 del Hospital Regional del Cusco aplic\u00f3 el fin de semana pasado pruebas de descarte del virus a 70 trabajadores de la minera minera Hudbay Per\u00fa. En tres casos el resultado fue positivo para coronavirus. La semana pasada, la Red de Salud de Chumbivilcas confirm\u00f3 la existencia de 18 trabajadores [&hellip;]<\/p>\n","protected":false},"author":1,"featured_media":4048,"comment_status":"open","ping_status":"open","sticky":false,"template":"","format":"standard","meta":{"_monsterinsights_skip_tracking":false,"_monsterinsights_sitenote_active":false,"_monsterinsights_sitenote_note":"","_monsterinsights_sitenote_category":0,"_jetpack_memberships_contains_paid_content":false,"footnotes":"","jetpack_publicize_message":"","jetpack_publicize_feature_enabled":true,"jetpack_social_post_already_shared":false,"jetpack_social_options":{"image_generator_settings":{"template":"highway","default_image_id":0,"font":"","enabled":false},"version":2}},"categories":[1],"tags":[],"class_list":["post-4047","post","type-post","status-publish","format-standard","has-post-thumbnail","hentry","category-sin-categoria"],"blocksy_meta":[],"jetpack_publicize_connections":[],"jetpack_featured_media_url":"https:\/\/derechosinfronteras.pe\/wp-content\/uploads\/2020\/05\/Plantilla-Foto-web.jpg","jetpack_sharing_enabled":true,"jetpack_likes_enabled":true,"_links":{"self":[{"href":"https:\/\/derechosinfronteras.pe\/ingles\/wp-json\/wp\/v2\/posts\/4047","targetHints":{"allow":["GET"]}}],"collection":[{"href":"https:\/\/derechosinfronteras.pe\/ingles\/wp-json\/wp\/v2\/posts"}],"about":[{"href":"https:\/\/derechosinfronteras.pe\/ingles\/wp-json\/wp\/v2\/types\/post"}],"author":[{"embeddable":true,"href":"https:\/\/derechosinfronteras.pe\/ingles\/wp-json\/wp\/v2\/users\/1"}],"replies":[{"embeddable":true,"href":"https:\/\/derechosinfronteras.pe\/ingles\/wp-json\/wp\/v2\/comments?post=4047"}],"version-history":[{"count":0,"href":"https:\/\/derechosinfronteras.pe\/ingles\/wp-json\/wp\/v2\/posts\/4047\/revisions"}],"wp:featuredmedia":[{"embeddable":true,"href":"https:\/\/derechosinfronteras.pe\/ingles\/wp-json\/wp\/v2\/media\/4048"}],"wp:attachment":[{"href":"https:\/\/derechosinfronteras.pe\/ingles\/wp-json\/wp\/v2\/media?parent=4047"}],"wp:term":[{"taxonomy":"category","embeddable":true,"href":"https:\/\/derechosinfronteras.pe\/ingles\/wp-json\/wp\/v2\/categories?post=4047"},{"taxonomy":"post_tag","embeddable":true,"href":"https:\/\/derechosinfronteras.pe\/ingles\/wp-json\/wp\/v2\/tags?post=4047"}],"curies":[{"name":"wp","href":"https:\/\/api.w.org\/{rel}","templated":true}]}}