{"id":4050,"date":"2020-05-01T23:20:26","date_gmt":"2020-05-02T04:20:26","guid":{"rendered":"http:\/\/derechosinfronteras.pe\/?p=5721"},"modified":"2020-05-01T23:20:26","modified_gmt":"2020-05-02T04:20:26","slug":"chumbivilcas-en-plena-de-la-cuarentena-volcadura-de-subcontratista-de-minera-las-bambas-causa-derrame-de-materiales-toxicos","status":"publish","type":"post","link":"https:\/\/derechosinfronteras.pe\/ingles\/chumbivilcas-en-plena-de-la-cuarentena-volcadura-de-subcontratista-de-minera-las-bambas-causa-derrame-de-materiales-toxicos\/","title":{"rendered":"Chumbivilcas: En plena de la cuarentena, volcadura de subcontratista de minera Las Bambas causa derrame de materiales t\u00f3xicos"},"content":{"rendered":"<p>Redacci\u00f3n DHSF<\/p>\n<p>Ayer, un cami\u00f3n encapsulado de la empresa Sol del Pac\u00edfico, contratista de la minera Las Bambas S.A., caus\u00f3 el derrame de material t\u00f3xico sobre la v\u00eda del corredor minero por causas que a\u00fan se desconocen, el derrame ocurri\u00f3 a la altura de la comunidad Huininquiri \u2013 Chumbivilcas \u2013 Cusco.<\/p>\n<p>En el lugar del accidente, los comuneros fueron fueron testigos cuando unos tractores de la misma empresa recogieron el concentrado sin la supervisi\u00f3n de instituciones competentes. En el acto,\u00a0 levantaron su voz de protesta exigiendo que se cumpla la norma establecida para estas situaciones. Sin embargo, los polic\u00edas los retiraron.<\/p>\n<p>Al no tener respaldo de las instituciones, los pobladores fueron a diferentes medios de comunicaci\u00f3n locales para hacer llegar su reclamo. Cuestionaron los privilegios que tienen las mineras en el pa\u00eds, pues mientras los dem\u00e1s acatan la cuarentena, \u00e9stas siguen operando sin ning\u00fan tipo fiscalizaci\u00f3n, gracias a la condescendencia del gobierno nacional. Indicaron tambi\u00e9n que convocar\u00e1n a una asamblea para coordinar acciones de protesta.<\/p>\n<p>A trav\u00e9s de una nota de prensa, el Organismo de Evaluaci\u00f3n y Fiscalizaci\u00f3n Ambiental inform\u00f3 que se encuentra tomando muestras de suelo, supervisando el \u00e1rea donde ha ocurrido el evento y el posible impacto a los componentes ambientales. Tambi\u00e9n est\u00e1 verificando la implementaci\u00f3n del Plan de Contingencia por parte de la empresa responsable, as\u00ed como las acciones de contenci\u00f3n y limpieza de la zona afectada.<\/p>\n<p>Este no es un hecho aislado. Recordemos que a la fecha, hay 18 trabajadores de la empresa Hudbay infectados con el COVID-19. Y que, tanto en Espinar como en Chumbivilcas, las autoridades han denunciado que las pruebas r\u00e1pidas realizadas por estas empresas mineras se hicieron sin tener la autorizaci\u00f3n del Ministerio de Salud, es decir, carecen de validez.<\/p>\n<p>Hasta ahora nos seguimos preguntando: \u00bfQu\u00e9 corona tiene la mina frente al coronavirus?<\/p>\n<p><img fetchpriority=\"high\" decoding=\"async\" class=\"alignnone size-large wp-image-5723\" src=\"http:\/\/derechosinfronteras.pe\/wp-content\/uploads\/2020\/05\/WhatsApp-Image-2020-05-01-at-7.33.49-AM-3-1024x498.jpeg\" alt=\"\" width=\"1024\" height=\"498\" \/><\/p>\n<p>&nbsp;<\/p>","protected":false},"excerpt":{"rendered":"<p>Redacci\u00f3n DHSF Ayer, un cami\u00f3n encapsulado de la empresa Sol del Pac\u00edfico, contratista de la minera Las Bambas S.A., caus\u00f3 el derrame de material t\u00f3xico sobre la v\u00eda del corredor minero por causas que a\u00fan se desconocen, el derrame ocurri\u00f3 a la altura de la comunidad Huininquiri \u2013 Chumbivilcas \u2013 Cusco. En el lugar del [&hellip;]<\/p>\n","protected":false},"author":1,"featured_media":4051,"comment_status":"open","ping_status":"open","sticky":false,"template":"","format":"standard","meta":{"_monsterinsights_skip_tracking":false,"_monsterinsights_sitenote_active":false,"_monsterinsights_sitenote_note":"","_monsterinsights_sitenote_category":0,"_jetpack_memberships_contains_paid_content":false,"footnotes":"","jetpack_publicize_message":"","jetpack_publicize_feature_enabled":true,"jetpack_social_post_already_shared":false,"jetpack_social_options":{"image_generator_settings":{"template":"highway","default_image_id":0,"font":"","enabled":false},"version":2}},"categories":[1],"tags":[],"class_list":["post-4050","post","type-post","status-publish","format-standard","has-post-thumbnail","hentry","category-sin-categoria"],"blocksy_meta":[],"jetpack_publicize_connections":[],"jetpack_featured_media_url":"https:\/\/derechosinfronteras.pe\/wp-content\/uploads\/2020\/05\/DERRAME-LAS-BAMBAS-2.jpg","jetpack_sharing_enabled":true,"jetpack_likes_enabled":true,"_links":{"self":[{"href":"https:\/\/derechosinfronteras.pe\/ingles\/wp-json\/wp\/v2\/posts\/4050","targetHints":{"allow":["GET"]}}],"collection":[{"href":"https:\/\/derechosinfronteras.pe\/ingles\/wp-json\/wp\/v2\/posts"}],"about":[{"href":"https:\/\/derechosinfronteras.pe\/ingles\/wp-json\/wp\/v2\/types\/post"}],"author":[{"embeddable":true,"href":"https:\/\/derechosinfronteras.pe\/ingles\/wp-json\/wp\/v2\/users\/1"}],"replies":[{"embeddable":true,"href":"https:\/\/derechosinfronteras.pe\/ingles\/wp-json\/wp\/v2\/comments?post=4050"}],"version-history":[{"count":0,"href":"https:\/\/derechosinfronteras.pe\/ingles\/wp-json\/wp\/v2\/posts\/4050\/revisions"}],"wp:featuredmedia":[{"embeddable":true,"href":"https:\/\/derechosinfronteras.pe\/ingles\/wp-json\/wp\/v2\/media\/4051"}],"wp:attachment":[{"href":"https:\/\/derechosinfronteras.pe\/ingles\/wp-json\/wp\/v2\/media?parent=4050"}],"wp:term":[{"taxonomy":"category","embeddable":true,"href":"https:\/\/derechosinfronteras.pe\/ingles\/wp-json\/wp\/v2\/categories?post=4050"},{"taxonomy":"post_tag","embeddable":true,"href":"https:\/\/derechosinfronteras.pe\/ingles\/wp-json\/wp\/v2\/tags?post=4050"}],"curies":[{"name":"wp","href":"https:\/\/api.w.org\/{rel}","templated":true}]}}