{"id":4052,"date":"2020-04-30T23:11:08","date_gmt":"2020-05-01T04:11:08","guid":{"rendered":"http:\/\/derechosinfronteras.pe\/?p=5713"},"modified":"2020-04-30T23:11:08","modified_gmt":"2020-05-01T04:11:08","slug":"pruebas-de-covid-19-realizadas-por-antapaccay-a-sus-trabajadores-no-estaba-autorizadas","status":"publish","type":"post","link":"https:\/\/derechosinfronteras.pe\/ingles\/pruebas-de-covid-19-realizadas-por-antapaccay-a-sus-trabajadores-no-estaba-autorizadas\/","title":{"rendered":"Pruebas de COVID-19 realizadas por Antapaccay a sus trabajadores no estaban autorizadas"},"content":{"rendered":"<p>Redacci\u00f3n DHSF<\/p>\n<p>En una conferencia de prensa realizada esta tarde, el Comando COVID-19 de Espinar manifest\u00f3 que las pruebas r\u00e1pidas hechas por la minera Antapaccay a sus trabajadores, en 2 centros m\u00e9dicos privados, no tienen validez.<\/p>\n<p>\u201cEstas instituciones no tienen la certificaci\u00f3n para decir si hay contagiados, estas pruebas est\u00e1n en una situaci\u00f3n de ilegales, de contrabando, porque no han sido certificadas por el ministerio de salud\u201d, manifest\u00f3 Ernest\u00f3 Choquehuayta, director del hospital de Espinar.<\/p>\n<p>En el centro m\u00e9dico \u201cSe\u00f1or de Coyllority\u201d fueron evaluados 154 trabajadores, de los cu\u00e1les 7 habr\u00edan salido positivos, mientras en el \u201cCentro m\u00e9dico Espinar\u201d pasaron 145 las pruebas r\u00e1pidas, de los cuales 1 fue identificado como positivo. Por ello, en el comunicado de Antapaccay se muestra que son 8 los contagiados. Sin embargo, ninguno de estos ex\u00e1menes ser\u00eda tomado como referente para afirmar que hay contagiados, pues seg\u00fan refiri\u00f3 Choquehuayta, se realizar\u00e1n nuevamente pruebas, esta vez moleculares, a estas 8 personas para descartar un \u201cfalso positivo\u201d.<\/p>\n<p>Se ha solicitado a la empresa minera Antapaccay que realice un informe real y detallado sobre las pruebas r\u00e1pidas aplicadas a su personal. \u201cNosotros no podemos decir que existen 8 casos positivos en la provincia de espinar porque estas cl\u00ednicas privadas no tienen la autorizaci\u00f3n para hacer este tipo de pruebas\u201d, afirm\u00f3 el galeno. Y continu\u00f3: \u201cEstas informaciones van a ir v\u00eda fiscal\u00eda para garantizar que sea informaci\u00f3n real y que no nos est\u00e1n escondiendo informaci\u00f3n porque estar\u00edan jugando con la salud p\u00fablica de nuestra poblaci\u00f3n.\u201d<\/p>\n<p>As\u00ed mismo, el alcalde Lolo Arenas sentenci\u00f3: \u201cLa empresa minera se tiene que responsabilizar, estamos hablando de la salud de la poblaci\u00f3n de espinar, se supone que la empresa ten\u00eda que cumplir escrupulosamente todos los acuerdos, todas las normativas, ahora vamos a ser exigentes, rigurosos, esto se tiene que esclarecer.\u201d<\/p>\n<p>Las acciones realizadas por el Comando COVID-19 de Espinar, adem\u00e1s de ordenar nuevas pruebas, fueron clausurar dichos centros m\u00e9dicos, as\u00ed como realizar el cerco epidemiol\u00f3gico correspondiente a la ruta de estas 8 personas y a sus familiares.<\/p>\n<p><img fetchpriority=\"high\" decoding=\"async\" class=\"alignnone size-large wp-image-5715\" src=\"http:\/\/derechosinfronteras.pe\/wp-content\/uploads\/2020\/04\/WhatsApp-Image-2020-04-29-at-11.03.41-PM-2.jpeg\" alt=\"\" width=\"720\" height=\"405\" \/>\u00a0<img decoding=\"async\" class=\"alignnone size-large wp-image-5716\" src=\"http:\/\/derechosinfronteras.pe\/wp-content\/uploads\/2020\/04\/WhatsApp-Image-2020-04-30-at-7.20.56-PM.jpeg\" alt=\"\" width=\"720\" height=\"988\" \/><\/p>","protected":false},"excerpt":{"rendered":"<p>Redacci\u00f3n DHSF En una conferencia de prensa realizada esta tarde, el Comando COVID-19 de Espinar manifest\u00f3 que las pruebas r\u00e1pidas hechas por la minera Antapaccay a sus trabajadores, en 2 centros m\u00e9dicos privados, no tienen validez. \u201cEstas instituciones no tienen la certificaci\u00f3n para decir si hay contagiados, estas pruebas est\u00e1n en una situaci\u00f3n de ilegales, [&hellip;]<\/p>\n","protected":false},"author":1,"featured_media":4053,"comment_status":"open","ping_status":"open","sticky":false,"template":"","format":"standard","meta":{"_monsterinsights_skip_tracking":false,"_monsterinsights_sitenote_active":false,"_monsterinsights_sitenote_note":"","_monsterinsights_sitenote_category":0,"_jetpack_memberships_contains_paid_content":false,"footnotes":"","jetpack_publicize_message":"","jetpack_publicize_feature_enabled":true,"jetpack_social_post_already_shared":false,"jetpack_social_options":{"image_generator_settings":{"template":"highway","default_image_id":0,"font":"","enabled":false},"version":2}},"categories":[1],"tags":[],"class_list":["post-4052","post","type-post","status-publish","format-standard","has-post-thumbnail","hentry","category-sin-categoria"],"blocksy_meta":[],"jetpack_publicize_connections":[],"jetpack_featured_media_url":"https:\/\/derechosinfronteras.pe\/wp-content\/uploads\/2020\/04\/VA-1.jpg","jetpack_sharing_enabled":true,"jetpack_likes_enabled":true,"_links":{"self":[{"href":"https:\/\/derechosinfronteras.pe\/ingles\/wp-json\/wp\/v2\/posts\/4052","targetHints":{"allow":["GET"]}}],"collection":[{"href":"https:\/\/derechosinfronteras.pe\/ingles\/wp-json\/wp\/v2\/posts"}],"about":[{"href":"https:\/\/derechosinfronteras.pe\/ingles\/wp-json\/wp\/v2\/types\/post"}],"author":[{"embeddable":true,"href":"https:\/\/derechosinfronteras.pe\/ingles\/wp-json\/wp\/v2\/users\/1"}],"replies":[{"embeddable":true,"href":"https:\/\/derechosinfronteras.pe\/ingles\/wp-json\/wp\/v2\/comments?post=4052"}],"version-history":[{"count":0,"href":"https:\/\/derechosinfronteras.pe\/ingles\/wp-json\/wp\/v2\/posts\/4052\/revisions"}],"wp:featuredmedia":[{"embeddable":true,"href":"https:\/\/derechosinfronteras.pe\/ingles\/wp-json\/wp\/v2\/media\/4053"}],"wp:attachment":[{"href":"https:\/\/derechosinfronteras.pe\/ingles\/wp-json\/wp\/v2\/media?parent=4052"}],"wp:term":[{"taxonomy":"category","embeddable":true,"href":"https:\/\/derechosinfronteras.pe\/ingles\/wp-json\/wp\/v2\/categories?post=4052"},{"taxonomy":"post_tag","embeddable":true,"href":"https:\/\/derechosinfronteras.pe\/ingles\/wp-json\/wp\/v2\/tags?post=4052"}],"curies":[{"name":"wp","href":"https:\/\/api.w.org\/{rel}","templated":true}]}}