{"id":4056,"date":"2020-04-30T02:59:59","date_gmt":"2020-04-30T07:59:59","guid":{"rendered":"http:\/\/derechosinfronteras.pe\/?p=5703"},"modified":"2020-04-30T02:59:59","modified_gmt":"2020-04-30T07:59:59","slug":"antapaccay-confirma-8-casos-de-covid-19","status":"publish","type":"post","link":"https:\/\/derechosinfronteras.pe\/ingles\/antapaccay-confirma-8-casos-de-covid-19\/","title":{"rendered":"Antapaccay confirma 8 casos de COVID-19"},"content":{"rendered":"<p>Redacci\u00f3n DHSF<\/p>\n<p>La empresa Glencore Antapaccay confirm\u00f3 en un comunicado que ocho de sus trabajadores, de la mina que opera en Espinar (Cusco), est\u00e1n contagiados con coronavirus.<\/p>\n<p>Seg\u00fan la publicaci\u00f3n, los servidores fueron identificados ayer cuando realizaban controles m\u00e9dicos al personal que iba a ingresar al campamento minero como relevo.<\/p>\n<p>Personal del Hospital de Espinar acudi\u00f3 a la cl\u00ednica Centro de Servicios M\u00e9dicos Se\u00f1or de Qoylloriti para corroborar la informaci\u00f3n de los casos positivos.<\/p>\n<p>En declaraciones a la prensa, el director del Hospital de Espinar, Ernesto Choquehuayta, inform\u00f3 que decenas de trabajadores fueron vistos haciendo cola en la citada cl\u00ednica antes de ingresar a la unidad minera.<\/p>\n<p>Choquehuayta tambi\u00e9n anunci\u00f3 la inspecci\u00f3n al resto de cl\u00ednicas de la provincia de Espinar para indagar si existen m\u00e1s casos de coronavirus en la regi\u00f3n, que a la fecha suman 203.<\/p>\n<p>Estos 8 casos se suman al anuncio de la Red de Salud de Chumbivilcas que confirm\u00f3, a inicios de semana, que 18 trajadores de la mina Constancia, de Hudbay Per\u00fa, est\u00e1n infectados. La empresa minera hab\u00eda negado en un comunicado el d\u00eda lunes que hubiera trabajadores contagiados, pero a las pocas horas fue desmentido por el sector salud.<\/p>\n<figure id=\"attachment_5706\" aria-describedby=\"caption-attachment-5706\" style=\"width: 720px\" class=\"wp-caption alignnone\"><img fetchpriority=\"high\" decoding=\"async\" class=\"wp-image-5706 size-full\" src=\"http:\/\/derechosinfronteras.pe\/wp-content\/uploads\/2020\/04\/WhatsApp-Image-2020-04-29-at-11.03.41-PM-1.jpeg\" alt=\"\" width=\"720\" height=\"540\" \/><figcaption id=\"caption-attachment-5706\" class=\"wp-caption-text\">Foto: Vidal Merma<\/figcaption><\/figure>\n<p><img decoding=\"async\" class=\"alignnone size-full wp-image-5707\" src=\"http:\/\/derechosinfronteras.pe\/wp-content\/uploads\/2020\/04\/95293244_2616774248594683_7490431468259246080_o-1.png\" alt=\"\" width=\"768\" height=\"960\" \/><\/p>","protected":false},"excerpt":{"rendered":"<p>Redacci\u00f3n DHSF La empresa Glencore Antapaccay confirm\u00f3 en un comunicado que ocho de sus trabajadores, de la mina que opera en Espinar (Cusco), est\u00e1n contagiados con coronavirus. Seg\u00fan la publicaci\u00f3n, los servidores fueron identificados ayer cuando realizaban controles m\u00e9dicos al personal que iba a ingresar al campamento minero como relevo. Personal del Hospital de Espinar [&hellip;]<\/p>\n","protected":false},"author":1,"featured_media":4057,"comment_status":"open","ping_status":"open","sticky":false,"template":"","format":"standard","meta":{"_monsterinsights_skip_tracking":false,"_monsterinsights_sitenote_active":false,"_monsterinsights_sitenote_note":"","_monsterinsights_sitenote_category":0,"_jetpack_memberships_contains_paid_content":false,"footnotes":"","jetpack_publicize_message":"","jetpack_publicize_feature_enabled":true,"jetpack_social_post_already_shared":false,"jetpack_social_options":{"image_generator_settings":{"template":"highway","default_image_id":0,"font":"","enabled":false},"version":2}},"categories":[1],"tags":[],"class_list":["post-4056","post","type-post","status-publish","format-standard","has-post-thumbnail","hentry","category-sin-categoria"],"blocksy_meta":[],"jetpack_publicize_connections":[],"jetpack_featured_media_url":"https:\/\/derechosinfronteras.pe\/wp-content\/uploads\/2020\/04\/8VO.jpg","jetpack_sharing_enabled":true,"jetpack_likes_enabled":true,"_links":{"self":[{"href":"https:\/\/derechosinfronteras.pe\/ingles\/wp-json\/wp\/v2\/posts\/4056","targetHints":{"allow":["GET"]}}],"collection":[{"href":"https:\/\/derechosinfronteras.pe\/ingles\/wp-json\/wp\/v2\/posts"}],"about":[{"href":"https:\/\/derechosinfronteras.pe\/ingles\/wp-json\/wp\/v2\/types\/post"}],"author":[{"embeddable":true,"href":"https:\/\/derechosinfronteras.pe\/ingles\/wp-json\/wp\/v2\/users\/1"}],"replies":[{"embeddable":true,"href":"https:\/\/derechosinfronteras.pe\/ingles\/wp-json\/wp\/v2\/comments?post=4056"}],"version-history":[{"count":0,"href":"https:\/\/derechosinfronteras.pe\/ingles\/wp-json\/wp\/v2\/posts\/4056\/revisions"}],"wp:featuredmedia":[{"embeddable":true,"href":"https:\/\/derechosinfronteras.pe\/ingles\/wp-json\/wp\/v2\/media\/4057"}],"wp:attachment":[{"href":"https:\/\/derechosinfronteras.pe\/ingles\/wp-json\/wp\/v2\/media?parent=4056"}],"wp:term":[{"taxonomy":"category","embeddable":true,"href":"https:\/\/derechosinfronteras.pe\/ingles\/wp-json\/wp\/v2\/categories?post=4056"},{"taxonomy":"post_tag","embeddable":true,"href":"https:\/\/derechosinfronteras.pe\/ingles\/wp-json\/wp\/v2\/tags?post=4056"}],"curies":[{"name":"wp","href":"https:\/\/api.w.org\/{rel}","templated":true}]}}