{"id":4063,"date":"2020-04-26T12:54:57","date_gmt":"2020-04-26T17:54:57","guid":{"rendered":"http:\/\/derechosinfronteras.pe\/?p=5688"},"modified":"2020-04-26T12:54:57","modified_gmt":"2020-04-26T17:54:57","slug":"primeros-casos-de-covid-19-en-el-corredor-minero-del-sur-espinar-en-cusco-y-cotabambas-en-apurimac","status":"publish","type":"post","link":"https:\/\/derechosinfronteras.pe\/ingles\/primeros-casos-de-covid-19-en-el-corredor-minero-del-sur-espinar-en-cusco-y-cotabambas-en-apurimac\/","title":{"rendered":"Primeros casos de Covid-19 en el Corredor Minero del Sur: Espinar en Cusco y Cotabambas en Apurimac."},"content":{"rendered":"<p>Redacci\u00f3n DHSF<\/p>\n<p>Ayer, 25 de abril., fueron confirmados los primeros casos de contagio por el coronavirus en el corredor minero del Sur. Un paciente en Challhuahuacho-Cotabambas y otro en Espinar. En ambos casos se trata de transe\u00fantes que se encontraban en pleno viaje de retorno a sus lugares de origen.<\/p>\n<p>En Cotabambas, el primer caso en una persona de 24 a\u00f1os quien dio positivo a trav\u00e9s de la prueba r\u00e1pida aplicada el mi\u00e9rcoles 23. La paciente emprendi\u00f3 su caminata desde Espinar con destino a la comunidad de Asaccasi, llegando a San Juan Llac-hua, donde se le practic\u00f3 los controles para ser trasladada a Haquira y finalmente al Hospital de Tambobamba, as\u00ed inform\u00f3 la Dra. Jennifer Vega , directora de la red de salud de Cotabambas. Por lo pronto, la paciente se encuentra en un local habilitado para la cuarentena protocolar.<\/p>\n<p>Por otro lado, el Comando Covid-19 de la provincia de Espinar inform\u00f3, mediante una conferencia de prensa transmitida v\u00eda Facebook, que un transe\u00fante dio positivo a la prueba que se le hiciera el martes 22 de abril en el hospital Essalud de la provincia. As\u00ed mismo, mediante una nota de prensa, inform\u00f3 que, desde el 23 de abril, se implement\u00f3 un cerco epidemiol\u00f3gico para indagar los posibles lugares donde transit\u00f3 dicho paciente, qui\u00e9n se encuentra llevando tratamiento con estricto aislamiento domiciliario.<\/p>\n<figure id=\"attachment_5691\" aria-describedby=\"caption-attachment-5691\" style=\"width: 1024px\" class=\"wp-caption alignnone\"><img fetchpriority=\"high\" decoding=\"async\" class=\"wp-image-5691 size-large\" src=\"http:\/\/derechosinfronteras.pe\/wp-content\/uploads\/2020\/04\/mapa-ojo-publico-1024x576.jpg\" alt=\"\" width=\"1024\" height=\"576\" \/><figcaption id=\"caption-attachment-5691\" class=\"wp-caption-text\">Mapa: Ojo P\u00fablico<\/figcaption><\/figure>\n<p>Existe una preocupaci\u00f3n generalizara, debido a que no se tiene informaci\u00f3n precisa sobre el transitar de ambos pacientes. Si bien en Espinar ya se ha realizado la aplicaci\u00f3n del protocolo, el tr\u00e1nsito de personas y transporte a\u00fan contin\u00faa por ser zona de conexi\u00f3n entre diferentes provincias.<\/p>\n<p>Es preciso mencionar las empresas mineras de Antapaccay, MMG Las Bambas y Hudbay Per\u00fa, contin\u00faan sus actividades laborales trasladando sus materiales en camiones, exponiendo no solo a sus propios trabajadores, sino tambi\u00e9n a quienes prestan servicios comerciales a lo largo de esta ruta.<\/p>\n<p>Se deben articular los todos los esfuerzos posibles para mantener el cuidado sanitario en toda esta zona, priorizando a las comunidades rurales, quienes podr\u00edan resultar siendo los m\u00e1s afectados. Bastar\u00eda solo 1 caso de contagio para que el virus se propague de manera dram\u00e1tica. Se debe tener todo el cuidado posible. La responsabilidad est\u00e1 en manos de las autoridades.<\/p>\n<figure id=\"attachment_5690\" aria-describedby=\"caption-attachment-5690\" style=\"width: 1024px\" class=\"wp-caption alignnone\"><img decoding=\"async\" class=\"wp-image-5690 size-large\" src=\"http:\/\/derechosinfronteras.pe\/wp-content\/uploads\/2020\/04\/covid-espinar-1024x576.jpeg\" alt=\"\" width=\"1024\" height=\"576\" \/><figcaption id=\"caption-attachment-5690\" class=\"wp-caption-text\">Foto: Hospital Essalud de Espinar<\/figcaption><\/figure>\n<p><strong>Fuentes<\/strong>:<\/p>\n<ul>\n<li><strong>Tambobamba<\/strong>. Entrevista a la Directora de la Red de Salud Cotabambas Dra. Jennifer Vega. Disponible en <a href=\"https:\/\/www.facebook.com\/Radiotvmallmanya950Am\/videos\/2593561690924653\/\" target=\"_blank\" rel=\"noopener\">https:\/\/www.facebook.com\/Radiotvmallmanya950Am\/videos\/2593561690924653\/<\/a> (Revisado el 25\/04\/2020).<\/li>\n<li><strong>Apur\u00edmac<\/strong>. Comunicado del Gobierno Regional de Apur\u00edmac sobre el Caso en Tambobamba. Disponible en <a href=\"https:\/\/www.facebook.com\/RedSaludCotabambas\/posts\/2878685535691309\" target=\"_blank\" rel=\"noopener\">https:\/\/www.facebook.com\/RedSaludCotabambas\/posts\/2878685535691309<\/a> (Consultado el 26\/02\/2020)<\/li>\n<li><strong>Espinar<\/strong>. Conferencia de prensa del Comando Covid de Espinar. Disponible en <a href=\"https:\/\/www.facebook.com\/jhon.conzacruz\/videos\/718499082288499\" target=\"_blank\" rel=\"noopener\">https:\/\/www.facebook.com\/jhon.conzacruz\/videos\/718499082288499<\/a> (Revisado el 25\/04\/2020).<\/li>\n<li><strong>Mapa<\/strong>. Ojo P\u00fablico: mapa extra\u00eddo de Los despojados. Disponible en: <a href=\"https:\/\/duenosdelagua.ojo-publico.com\/images\/nota1\/mapa\/mapa.jpg\" target=\"_blank\" rel=\"noopener\">https:\/\/duenosdelagua.ojo-publico.com\/images\/nota1\/mapa\/mapa.jpg<\/a> (Consultado el 26\/04\/2020).<\/li>\n<\/ul>","protected":false},"excerpt":{"rendered":"<p>Redacci\u00f3n DHSF Ayer, 25 de abril., fueron confirmados los primeros casos de contagio por el coronavirus en el corredor minero del Sur. Un paciente en Challhuahuacho-Cotabambas y otro en Espinar. En ambos casos se trata de transe\u00fantes que se encontraban en pleno viaje de retorno a sus lugares de origen. En Cotabambas, el primer caso [&hellip;]<\/p>\n","protected":false},"author":1,"featured_media":4064,"comment_status":"open","ping_status":"open","sticky":false,"template":"","format":"standard","meta":{"_monsterinsights_skip_tracking":false,"_monsterinsights_sitenote_active":false,"_monsterinsights_sitenote_note":"","_monsterinsights_sitenote_category":0,"_jetpack_memberships_contains_paid_content":false,"footnotes":"","jetpack_publicize_message":"","jetpack_publicize_feature_enabled":true,"jetpack_social_post_already_shared":false,"jetpack_social_options":{"image_generator_settings":{"template":"highway","default_image_id":0,"font":"","enabled":false},"version":2}},"categories":[1],"tags":[],"class_list":["post-4063","post","type-post","status-publish","format-standard","has-post-thumbnail","hentry","category-sin-categoria"],"blocksy_meta":[],"jetpack_publicize_connections":[],"jetpack_featured_media_url":"https:\/\/derechosinfronteras.pe\/wp-content\/uploads\/2020\/04\/Plantilla-Foto-web-2.jpg","jetpack_sharing_enabled":true,"jetpack_likes_enabled":true,"_links":{"self":[{"href":"https:\/\/derechosinfronteras.pe\/ingles\/wp-json\/wp\/v2\/posts\/4063","targetHints":{"allow":["GET"]}}],"collection":[{"href":"https:\/\/derechosinfronteras.pe\/ingles\/wp-json\/wp\/v2\/posts"}],"about":[{"href":"https:\/\/derechosinfronteras.pe\/ingles\/wp-json\/wp\/v2\/types\/post"}],"author":[{"embeddable":true,"href":"https:\/\/derechosinfronteras.pe\/ingles\/wp-json\/wp\/v2\/users\/1"}],"replies":[{"embeddable":true,"href":"https:\/\/derechosinfronteras.pe\/ingles\/wp-json\/wp\/v2\/comments?post=4063"}],"version-history":[{"count":0,"href":"https:\/\/derechosinfronteras.pe\/ingles\/wp-json\/wp\/v2\/posts\/4063\/revisions"}],"wp:featuredmedia":[{"embeddable":true,"href":"https:\/\/derechosinfronteras.pe\/ingles\/wp-json\/wp\/v2\/media\/4064"}],"wp:attachment":[{"href":"https:\/\/derechosinfronteras.pe\/ingles\/wp-json\/wp\/v2\/media?parent=4063"}],"wp:term":[{"taxonomy":"category","embeddable":true,"href":"https:\/\/derechosinfronteras.pe\/ingles\/wp-json\/wp\/v2\/categories?post=4063"},{"taxonomy":"post_tag","embeddable":true,"href":"https:\/\/derechosinfronteras.pe\/ingles\/wp-json\/wp\/v2\/tags?post=4063"}],"curies":[{"name":"wp","href":"https:\/\/api.w.org\/{rel}","templated":true}]}}