{"id":4067,"date":"2020-04-17T15:33:12","date_gmt":"2020-04-17T20:33:12","guid":{"rendered":"http:\/\/derechosinfronteras.pe\/?p=5674"},"modified":"2023-12-28T20:57:10","modified_gmt":"2023-12-29T01:57:10","slug":"apoyo-humanitario-para-cusquenos-en-otras-regiones-del-peru","status":"publish","type":"post","link":"https:\/\/derechosinfronteras.pe\/ingles\/apoyo-humanitario-para-cusquenos-en-otras-regiones-del-peru\/","title":{"rendered":"Apoyo humanitario para cusque\u00f1os en otras regiones del Per\u00fa"},"content":{"rendered":"<p style=\"text-align: right;\"><em>Por Helio Cruz \u2013 Equipo de DHSF<\/em><\/p>\n<p>A trav\u00e9s de los medios de comunicaci\u00f3n se informa sobre la situaci\u00f3n desesperada de muchas familias vulnerables que deciden partir de Lima, Arequipa y otras regiones para retornar a sus lugares de origen en largas caminatas, ello ha generado reacciones principalmente por el temor que a trav\u00e9s de estos retornos sin control e identificaci\u00f3n se pueda generar niveles de contagio. La cuarentena y una prueba de descarte del Covid-19 podr\u00eda ser la soluci\u00f3n.<\/p>\n<p>Frente a este panorama el gobierno nacional mediante el Decreto Supremo 068-2020-PCM implementa de manera excepcional, por razones humanitarias, y previa coordinaci\u00f3n con el gobierno regional, el transporte interprovincial de pasajeros, por <strong>medio terrestre y a\u00e9reo no comercial<\/strong>, para ciudadanos que se encuentren fuera de su residencia o lugar de trabajo habitual, a consecuencia de la aplicaci\u00f3n de las disposiciones de inmovilizaci\u00f3n social.<\/p>\n<p>El transporte humanitario dispuesto por el gobierno incluye a personal de las unidades mineras. Sin embargo, es preciso recordar que fueron estas mismas empresas las que se reusaron a acatar la cuarentena.<\/p>\n<p>La pandemia crea como efecto la crisis social y econ\u00f3mica, impactando sobre familias vulnerables en situaci\u00f3n de pobreza, quienes adem\u00e1s, en gran parte no cuentan con CTS, AFP, Canasta de Alimentos, Bono de s\/ 380 entre otros apoyos otorgados por el Estado.<\/p>\n<p>La situaci\u00f3n se hace compleja en la medida que no se retome la din\u00e1mica econ\u00f3mica de subsistencia, sin embargo se espera que el Covid-19 se resuelva para fines del a\u00f1o con una vacuna que haga inmune a la poblaci\u00f3n mundial, mientras tanto es inevitable que ascienda la crisis social y econ\u00f3mica para familias vulnerables incluso para los trabajadores que fueron sentenciados a la <em>Suspensi\u00f3n Perfecta <\/em>que no es otra cosa que licencia sin goce de haber, sin remuneraci\u00f3n.<\/p>\n<p>No es posible saber si las personas se encuentran contagiadas o no con el Covid-19, excepto una prueba de descarte, por tanto todas y todos estamos en riesgo de ser contagiados o de propagar el virus.<\/p>\n<figure id=\"attachment_5678\" aria-describedby=\"caption-attachment-5678\" style=\"width: 1024px\" class=\"wp-caption alignnone\"><img fetchpriority=\"high\" decoding=\"async\" class=\"wp-image-5678 size-large\" src=\"http:\/\/derechosinfronteras.pe\/wp-content\/uploads\/2020\/04\/WhatsApp-Image-2020-04-17-at-1.33.09-PM-1024x682.jpeg\" alt=\"\" width=\"1024\" height=\"682\" \/><figcaption id=\"caption-attachment-5678\" class=\"wp-caption-text\">Cusque\u00f1os llegando al aeropuerto Velasco Astete desde la ciudad de Lima. Foto: Jazmin Lezama<\/figcaption><\/figure>\n<p>En Lima y Arequipa se ha conformado grupos de <em>WhatsApp<\/em> para tener informaci\u00f3n sobre la gesti\u00f3n de transporte humanitario, frente a esta situaci\u00f3n hay familias que no pueden continuar m\u00e1s tiempo varados en otras ciudades y decidieron hacer largas caminatas. Frente a este problema el gobierno est\u00e1 implementando el <strong>transporte humanitario<\/strong> como un mecanismo id\u00f3neo y \u00fatil para transportar a la poblaci\u00f3n que se encuentra varada en distintos puntos del pa\u00eds, pero tiene que aplicarse protocolos de seguridad.<\/p>\n<p>Con esta medida los gobiernos regionales est\u00e1n obligados a realizar de modo r\u00e1pido un registro o padr\u00f3n sobre quienes necesitan el transporte de apoyo humanitario, previa evaluaci\u00f3n de su situaci\u00f3n y nivel de vulnerabilidad.<\/p>\n<p>Ello implica que el transporte humanitario, no solo deber\u00e1 trasladar de un lugar a otro sino activar protocolos de seguridad como aplicar la cuarentena obligatoria, otorgar hospedaje, alimentaci\u00f3n y servicios de salud durante 2 semanas (<em>periodo que recomienda el sistema de Salud<\/em>). En el caso de no lograr transportar a personas varadas garantizar m\u00ednimamente su estad\u00eda con alimentaci\u00f3n, hospedaje.<\/p>\n<p>Nuestra preocupaci\u00f3n tiene que ver con la afectaci\u00f3n de derechos humanos sobre personas vulnerables peruanas y extranjeras, siendo que esta situaci\u00f3n de Pandemia mientras no se encuentre la vacuna que nos haga inmunes, todos seremos vulnerables en la medida que no se cumpla con la recomendaci\u00f3n sanitaria.<\/p>\n<p>En el <strong><em>Cusco<\/em><\/strong> hasta las 23 horas del 15 de abril la DIRESA ha informado que tenemos 113 casos de personas contagiadas con el Covid-19 en relaci\u00f3n a 1020 casos descartados, ello nos debe poner en alerta para evitar propagar el contagio y ser contagiados, as\u00ed como colaborar al mejor desempe\u00f1o de las autoridades sanitarias, nos toca quedarnos en casa y tomar las precauciones si salimos a realizar las actividades autorizadas por el gobierno.<\/p>\n<p>Las Comunidades Campesinas Originarias en provincias altas principalmente las que se encuentran en la frontera con otras regiones no deben ser ajenas a la coordinaci\u00f3n interinstitucional de los gobiernos locales y regional, deben ser convocados \u2013 <em>v\u00eda remota<\/em> \u2013 para conocer sobre las medidas implementadas as\u00ed como aplicar protocolos de seguridad sanitaria para familias que est\u00e1n llegando a la zona producto de la crisis econ\u00f3mica que golpea a nuestro pa\u00eds.<\/p>\n<p>La Pandemia es la oportunidad de convocarnos a la unidad, la solidaridad, a permitir que todas y todos podamos tener mejor calidad de vida.<\/p>\n<p><strong><em><u>Fuentes consultadas<\/u><\/em><\/strong><em>:<\/em><\/p>\n<ul>\n<li><em>Direcci\u00f3n Regional de Salud Cusco emite Reporte oficial Epidemiol\u00f3gico de <strong>Coronavirus<\/strong> en la Regi\u00f3n Cusco, actualizado al 15 de abril del 2020 a las 23: 22 Hrs. Disponible en <\/em><a href=\"https:\/\/www.facebook.com\/DiresaCuscoOficial\/photos\/pcb.1089642954748108\/1089642811414789\" target=\"_blank\" rel=\"noopener\"><em>https:\/\/www.facebook.com\/DiresaCuscoOficial\/photos\/pcb.1089642954748108\/1089642811414789<\/em><\/a><em> (Consultado el 16\/04\/2020).<\/em><\/li>\n<li><em>Gobierno Regional Cusco Oficial. Emite Comunicado sobre el \u201cApoyo Humanitario\u201d. Disponible en <\/em><a href=\"https:\/\/www.facebook.com\/gorecusco1\/photos\/a.289072058477420\/540353923349231\" target=\"_blank\" rel=\"noopener\"><em>https:\/\/www.facebook.com\/gorecusco1\/photos\/a.289072058477420\/540353923349231<\/em><\/a><em> y <\/em><a href=\"https:\/\/www.facebook.com\/watch\/?v=234898800960298\" target=\"_blank\" rel=\"noopener\"><em>https:\/\/www.facebook.com\/watch\/?v=234898800960298<\/em><\/a><em> (consultado el 16\/04\/2020).<\/em><\/li>\n<li><em>Entrevista al Ministro de Defensa, Walter Martos en RPP sobre la situaci\u00f3n de ciudadanos varados en el interior del pa\u00eds. Disponible en <\/em><em>https:\/\/www.youtube.com\/watch?v=8dnVBvVWDQ8<\/em><em> (Consultado el 16-04-2020).<\/em><\/li>\n<\/ul>\n<p>&nbsp;<\/p>\n<p>&nbsp;<\/p>","protected":false},"excerpt":{"rendered":"<p>Por Helio Cruz \u2013 Equipo de DHSF A trav\u00e9s de los medios de comunicaci\u00f3n se informa sobre la situaci\u00f3n desesperada de muchas familias vulnerables que deciden partir de Lima, Arequipa y otras regiones para retornar a sus lugares de origen en largas caminatas, ello ha generado reacciones principalmente por el temor que a trav\u00e9s de [&hellip;]<\/p>\n","protected":false},"author":1,"featured_media":4068,"comment_status":"open","ping_status":"open","sticky":false,"template":"","format":"standard","meta":{"_monsterinsights_skip_tracking":false,"_monsterinsights_sitenote_active":false,"_monsterinsights_sitenote_note":"","_monsterinsights_sitenote_category":0,"_jetpack_memberships_contains_paid_content":false,"footnotes":"","jetpack_publicize_message":"","jetpack_publicize_feature_enabled":true,"jetpack_social_post_already_shared":false,"jetpack_social_options":{"image_generator_settings":{"template":"highway","default_image_id":0,"font":"","enabled":false},"version":2}},"categories":[1],"tags":[],"class_list":["post-4067","post","type-post","status-publish","format-standard","has-post-thumbnail","hentry","category-sin-categoria"],"blocksy_meta":[],"jetpack_publicize_connections":[],"jetpack_featured_media_url":"https:\/\/derechosinfronteras.pe\/wp-content\/uploads\/2020\/04\/Plantilla-Foto-web.jpg","jetpack_sharing_enabled":true,"jetpack_likes_enabled":true,"_links":{"self":[{"href":"https:\/\/derechosinfronteras.pe\/ingles\/wp-json\/wp\/v2\/posts\/4067","targetHints":{"allow":["GET"]}}],"collection":[{"href":"https:\/\/derechosinfronteras.pe\/ingles\/wp-json\/wp\/v2\/posts"}],"about":[{"href":"https:\/\/derechosinfronteras.pe\/ingles\/wp-json\/wp\/v2\/types\/post"}],"author":[{"embeddable":true,"href":"https:\/\/derechosinfronteras.pe\/ingles\/wp-json\/wp\/v2\/users\/1"}],"replies":[{"embeddable":true,"href":"https:\/\/derechosinfronteras.pe\/ingles\/wp-json\/wp\/v2\/comments?post=4067"}],"version-history":[{"count":1,"href":"https:\/\/derechosinfronteras.pe\/ingles\/wp-json\/wp\/v2\/posts\/4067\/revisions"}],"predecessor-version":[{"id":7147,"href":"https:\/\/derechosinfronteras.pe\/ingles\/wp-json\/wp\/v2\/posts\/4067\/revisions\/7147"}],"wp:featuredmedia":[{"embeddable":true,"href":"https:\/\/derechosinfronteras.pe\/ingles\/wp-json\/wp\/v2\/media\/4068"}],"wp:attachment":[{"href":"https:\/\/derechosinfronteras.pe\/ingles\/wp-json\/wp\/v2\/media?parent=4067"}],"wp:term":[{"taxonomy":"category","embeddable":true,"href":"https:\/\/derechosinfronteras.pe\/ingles\/wp-json\/wp\/v2\/categories?post=4067"},{"taxonomy":"post_tag","embeddable":true,"href":"https:\/\/derechosinfronteras.pe\/ingles\/wp-json\/wp\/v2\/tags?post=4067"}],"curies":[{"name":"wp","href":"https:\/\/api.w.org\/{rel}","templated":true}]}}