{"id":4072,"date":"2020-04-07T16:36:16","date_gmt":"2020-04-07T21:36:16","guid":{"rendered":"http:\/\/derechosinfronteras.pe\/?p=5650"},"modified":"2020-04-07T16:36:16","modified_gmt":"2020-04-07T21:36:16","slug":"espinar-reflexiones-de-como-se-vive-en-las-comunidades-del-entorno-minero-en-dias-de-cuarentena","status":"publish","type":"post","link":"https:\/\/derechosinfronteras.pe\/ingles\/espinar-reflexiones-de-como-se-vive-en-las-comunidades-del-entorno-minero-en-dias-de-cuarentena\/","title":{"rendered":"Espinar: reflexiones de c\u00f3mo se vive en las comunidades del entorno minero en d\u00edas de cuarentena"},"content":{"rendered":"<p style=\"text-align: right;\">Por: Blga. Karem Luque \u2013 \u00c1rea de Derechos Colectivos y Medio Ambiente<\/p>\n<p>Hace algunos d\u00edas mientras todas y todos segu\u00edamos perfeccionando nuestro arte culinario en nuestras casas, escuchamos la ampliaci\u00f3n del aislamiento social por 13 d\u00edas m\u00e1s por parte del presidente Vizcarra. Las disposiciones del toque de queda ahora son m\u00e1s estrictas, todo por el incumplimiento a la cuarentena de ciudadanos\/as que no han respetado las medidas del gobierno, en algunos casos se puede justificar la presencia de algunas personas en la calle ya que no se encuentran dentro de los beneficiarios del bono estatal, y tienen que trabajar el d\u00eda a d\u00eda.<br \/>\nEn este contexto tan dif\u00edcil para muchas personas queremos compartir algunas reflexiones a partir del caso de Espinar sobre como estan afrontando esta cuarenta las comunidades del entorno minero de Glencore \u2013 Antapaccay y particularmente las y los afectados a la salud por metales t\u00f3xicos:<\/p>\n<p>1. Inamovilidad social, entre la ciudad y el campo.<\/p>\n<p>El COVID-19 ha hecho que hoy todas y todos los ciudadanos y residentes en Per\u00fa no podamos movilizarnos con normalidad, que se cierren las fronteras, que hoy m\u00e1s que nunca velemos por nuestra seguridad y la de nuestra familia, pero tambi\u00e9n ha hecho que seamos mejores personas para cuidar y proteger la salud de los otros. Parad\u00f3jicamente en Espinar hemos podido corroborar que esta medida del \u201cestate quieto\u201d no ha sido aplicada de la misma forma por todos. Y tal como lo indicaron algunos dirigentes en Espinar hab\u00eda un sector \u2013 minero &#8211; que estaba con corona frente al coronavirus .<\/p>\n<p>\u00bfPero que de malo tiene que la empresa minera siga trabajando con normalidad? &#8211; Se preguntar\u00e1n -, pues en lo laboral, vimos que hay varios trabajadores que se han contagiado con el COVID-19 por no haber cumplido con el aislamiento social dispuesto para todo el pa\u00eds , definitivamente este es un grave da\u00f1o al personal que labora en esas condiciones.<\/p>\n<p>La segunda observaci\u00f3n va en el marco social, \u201c\u2026 la semana pasada he visto como llegaron en buses varios trabajadores gringos, tenemos miedo porque estamos cerquita a la empresa, t\u00fa sabes compa\u00f1era estoy a un pasito no m\u00e1s\u201d, me comentaba un comunero preocupado por la situaci\u00f3n y alarmado por este libre tr\u00e1nsito que sigue teniendo la empresa minera, \u201c\u2026 Si hubiera alg\u00fan accidente de derrame de mineral, \u00bfC\u00f3mo reaccionar\u00eda?, si no puedo salir de mi casa\u201d continu\u00f3 el comunero. Otra comunera, cuando le pregunt\u00e9 c\u00f3mo se sent\u00eda en este periodo de cuarentena me dec\u00eda: \u201cComo la calidad del agua y del suelo ya no es tan bueno, no he sembrado mucho, tengo miedo de vivir aqu\u00ed, si no estuviese la empresa me doy cuenta que seguir\u00eda criando feliz a mis vaquitas y no me faltar\u00eda alimento\u201d, ambos relatos demuestran una vez m\u00e1s que la relaci\u00f3n con la empresa les genera desconfianza y miedo. Este es un impacto no visible que va acumul\u00e1ndose en la poblaci\u00f3n.<\/p>\n<p>Y lo cierto es que los privilegios y la irresponsabilidad de la minera Antapaccay en Espinar est\u00e1 exponiendo a cientos de comuneros\/as del entorno minero a posibles contagios, siendo adem\u00e1s los m\u00e1s vulnerables en este momento por tener antecedentes de presencia de metales t\u00f3xicos en sus cuerpos.<\/p>\n<p><img fetchpriority=\"high\" decoding=\"async\" class=\"alignnone size-large wp-image-5654\" src=\"http:\/\/derechosinfronteras.pe\/wp-content\/uploads\/2020\/04\/httpswww.dipromin.comnoticiaslas-bambas-no-podemos-seguir-operando-en-estas-condiciones.jpeg\" alt=\"\" width=\"620\" height=\"356\" \/><\/p>\n<p>2. Aprovechamiento descarado en tiempos de crisis sanitaria.<\/p>\n<p>Entre toda esta incertidumbre en Espinar se emprendieron reuniones multisectoriales para poder responder a la situaci\u00f3n de crisis, como se sabe a\u00fan no se han podido atender a las personas afectadas con metales t\u00f3xicos en la provincia de Espinar, son 1602 personas dosadas en sangre y orina, pero, as\u00ed como lo ratific\u00f3 el director del hospital Ernesto Choquehuayta: \u201cEste hospital es el mas pobre de la regi\u00f3n\u201d. Y es que en la provincia no se tienen las condiciones para atender de manera especializada a la poblaci\u00f3n afectada por metales. Las pocas atenciones que se dieron mantienen precariedad presupuestal, por ello, el 2018 ante tanta insistencia de las comunidades afectadas se pretend\u00eda aprobar y ejecutar un proyecto que pueda atender a 7 comunidades del entorno minero asignando un presupuesto del convenio marco de m\u00e1s de 3 millones de soles. Esto nunca lleg\u00f3 a concretarse y solo se continuaron con paliativos que fueron desapareciendo en el tiempo.<\/p>\n<p>Sin embargo, durante las reuniones que se sostuvieron en este equipo multisectorial provincial y ante la amenaza del COVID-19 se opt\u00f3 por usar el presupuesto que perciben bajo la modalidad de utilidades a partir del Convenio Marco que se aprob\u00f3 hace muchos a\u00f1os atr\u00e1s entre la empresa minera y Espinar. \u201cEs de aclarar que los fondos del convenio marco son producto de la lucha y la p\u00e9rdida de vidas del pueblo de Espinar y no es un aporte voluntario de la empresa minera, manifiestan en un comunicado reciente la Federaci\u00f3n Unificada de Campesinos de Espinar (FUCAE), y es que, como se ha podido observar en varios medios de comunicaci\u00f3n la empresa minera Antapaccay ha estado manejando un pseudo discurso de apoyo en esta crisis, lo cual ha generado el rechazo absoluto de la poblaci\u00f3n en Espinar. No hay aportes voluntarios aun cuando ellos conviven a diario con muchas personas que est\u00e1n con graves da\u00f1os a su salud por la contaminaci\u00f3n generada en su territorio y que ahora est\u00e1 enferm\u00e1ndolos silenciosamente, el supuesto aporte es de propiedad de los espinarenses que han tenido que luchar durante a\u00f1os para exigir algo de respeto por la explotaci\u00f3n y expropiaci\u00f3n de sus territorios.<\/p>\n<p><img decoding=\"async\" class=\"alignnone size-large wp-image-5653\" src=\"http:\/\/derechosinfronteras.pe\/wp-content\/uploads\/2020\/04\/2cb257ad4c0f47ecf37a9dfeceb9deb0.jpg\" alt=\"\" width=\"959\" height=\"540\" \/><\/p>\n<p>3. La solidaridad y el amor de hogar<br \/>\nLos cientos de jovenes que han migrado del campo a la ciudad en los ultimos a\u00f1os buscando mejores condiciones de vida, de estudio y de trabajo, ya sea en Espinar y en otras provincias ahora se encuentran confundidos y preocupados, ya que este virus esta atacando principalmente las grandes ciudades, inclusive algunos quieren volver a sus comunidades pues se sienten huerfanos y encerrados en estas ciudades. Por esto nos parece hermoso que en medio de esta emergencia cientos de comuneros y comuneras preocupadas por sus hijos han enviado hasta Arequipa y Cusco los pocos alimentos con los que cuentan, hemos podido notar que, en estos tiempos de crisis, las comunidades junto a organizaciones de j\u00f3venes se han unido para garantizar la comida a sus hijos que se fueron de Espinar, una vez m\u00e1s son las comunidades, los que menos tienen, los que nos dan una lecci\u00f3n de solidaridad y esperanza de vida, el campo siempre sera el origen, el soporte y alimento de las ciudades. Es una l\u00e1stima que los \u00faltimos gobiernos nacionales hayan menospreciado a este sector de la poblaci\u00f3n en el pa\u00eds y puesto por encima de ellos los intereses de empresas que hoy siguen siendo indiferentes con estas comunidades.<\/p>","protected":false},"excerpt":{"rendered":"<p>Por: Blga. Karem Luque \u2013 \u00c1rea de Derechos Colectivos y Medio Ambiente Hace algunos d\u00edas mientras todas y todos segu\u00edamos perfeccionando nuestro arte culinario en nuestras casas, escuchamos la ampliaci\u00f3n del aislamiento social por 13 d\u00edas m\u00e1s por parte del presidente Vizcarra. Las disposiciones del toque de queda ahora son m\u00e1s estrictas, todo por el [&hellip;]<\/p>\n","protected":false},"author":1,"featured_media":4073,"comment_status":"open","ping_status":"open","sticky":false,"template":"","format":"standard","meta":{"_monsterinsights_skip_tracking":false,"_monsterinsights_sitenote_active":false,"_monsterinsights_sitenote_note":"","_monsterinsights_sitenote_category":0,"_jetpack_memberships_contains_paid_content":false,"footnotes":"","jetpack_publicize_message":"","jetpack_publicize_feature_enabled":true,"jetpack_social_post_already_shared":false,"jetpack_social_options":{"image_generator_settings":{"template":"highway","default_image_id":0,"font":"","enabled":false},"version":2}},"categories":[1],"tags":[],"class_list":["post-4072","post","type-post","status-publish","format-standard","has-post-thumbnail","hentry","category-sin-categoria"],"blocksy_meta":[],"jetpack_publicize_connections":[],"jetpack_featured_media_url":"https:\/\/derechosinfronteras.pe\/wp-content\/uploads\/2020\/04\/Plantilla-Foto-web-copia-1.jpg","jetpack_sharing_enabled":true,"jetpack_likes_enabled":true,"_links":{"self":[{"href":"https:\/\/derechosinfronteras.pe\/ingles\/wp-json\/wp\/v2\/posts\/4072","targetHints":{"allow":["GET"]}}],"collection":[{"href":"https:\/\/derechosinfronteras.pe\/ingles\/wp-json\/wp\/v2\/posts"}],"about":[{"href":"https:\/\/derechosinfronteras.pe\/ingles\/wp-json\/wp\/v2\/types\/post"}],"author":[{"embeddable":true,"href":"https:\/\/derechosinfronteras.pe\/ingles\/wp-json\/wp\/v2\/users\/1"}],"replies":[{"embeddable":true,"href":"https:\/\/derechosinfronteras.pe\/ingles\/wp-json\/wp\/v2\/comments?post=4072"}],"version-history":[{"count":0,"href":"https:\/\/derechosinfronteras.pe\/ingles\/wp-json\/wp\/v2\/posts\/4072\/revisions"}],"wp:featuredmedia":[{"embeddable":true,"href":"https:\/\/derechosinfronteras.pe\/ingles\/wp-json\/wp\/v2\/media\/4073"}],"wp:attachment":[{"href":"https:\/\/derechosinfronteras.pe\/ingles\/wp-json\/wp\/v2\/media?parent=4072"}],"wp:term":[{"taxonomy":"category","embeddable":true,"href":"https:\/\/derechosinfronteras.pe\/ingles\/wp-json\/wp\/v2\/categories?post=4072"},{"taxonomy":"post_tag","embeddable":true,"href":"https:\/\/derechosinfronteras.pe\/ingles\/wp-json\/wp\/v2\/tags?post=4072"}],"curies":[{"name":"wp","href":"https:\/\/api.w.org\/{rel}","templated":true}]}}