{"id":4076,"date":"2020-04-07T16:12:16","date_gmt":"2020-04-07T21:12:16","guid":{"rendered":"http:\/\/derechosinfronteras.pe\/?p=5646"},"modified":"2020-04-07T16:12:16","modified_gmt":"2020-04-07T21:12:16","slug":"esta-crisis-sanitaria-la-pagan-los-pobres-el-independetariado-y-la-clase-trabajadora-y-los-ricos","status":"publish","type":"post","link":"https:\/\/derechosinfronteras.pe\/ingles\/esta-crisis-sanitaria-la-pagan-los-pobres-el-independetariado-y-la-clase-trabajadora-y-los-ricos\/","title":{"rendered":"ESTA CRISIS SANITARIA LA PAGAN LOS POBRES, EL INDEPENDETARIADO Y LA CLASE TRABAJADORA, Y \u00bfLOS RICOS?"},"content":{"rendered":"<p style=\"text-align: right;\"><strong>\u00a0<\/strong><strong>Soc. Jos\u00e9 Antonio Lapa Romero \/ \u00c1rea de\u00a0 Incidencia DHSF\u00a0<\/strong><\/p>\n<p>&nbsp;<\/p>\n<p>En el Per\u00fa tenemos, por un lado, un 0.5 % de ricos que alcanza a \u201cm\u00e1s de 17 mil millonarios en nuestro pa\u00eds. Unos 880 peruanos con m\u00e1s de 10 millones de d\u00f3lares. Otros 300 con m\u00e1s de 30 millones de d\u00f3lares. Alrededor de 37 peruanos con m\u00e1s de 100 millones de d\u00f3lares. Y al menos 5 con m\u00e1s de mil millones\u201d<a href=\"#_ftn1\" name=\"_ftnref1\">[1]<\/a>, llegando seg\u00fan FORBES<a href=\"#_ftn2\" name=\"_ftnref2\">[2]<\/a> a 6 con m\u00e1s de mil millones (Carlos Rodr\u00edguez Pastor, Vito Rodr\u00edguez, Ana Mar\u00eda Brescia Cafferata, Eduardo Belmont Anderson, Eduardo Hochschild, y Jorge Rodr\u00edguez Rodr\u00edguez); y por otro lado, \u201c40% de la poblaci\u00f3n (alrededor de 12 millones de personas) vive con un ingreso personal de entre US$ 4 y US$ 10 diarios\u201d<a href=\"#_ftn3\" name=\"_ftnref3\"><sup>[3]<\/sup><\/a>, 6 millones 593 mil peruanos siguen viviendo en pobreza (20.5 % de la poblaci\u00f3n<a href=\"#_ftn4\" name=\"_ftnref4\"><sup>[4]<\/sup><\/a>), 73 % trabaja en empleos informales; 7 millones<a href=\"#_ftn5\" name=\"_ftnref5\"><sup>[5]<\/sup><\/a> (22.3 %) no tienen servicio de agua potable, y un aproximado de 1\u2019 800,000 familias no cuentan con una vivienda o habitan una precaria<a href=\"#_ftn6\" name=\"_ftnref6\">[6]<\/a>. Esto muestra no solo la profunda y extendida desigualdad social que en el 2017 habr\u00eda llegado a 0.81, comparado al 0.43 que reporta oficialmente INEI<a href=\"#_ftn7\" name=\"_ftnref7\">[7]<\/a> (1 en el \u00edndice GINI expresa la perfecta desigualdad de un pa\u00eds), sino la inmensa exclusi\u00f3n social estructural sobre la que se ha erigido el inventado neoliberalismo peruano que hace que sus \u201cavanzados\u201d grupos econ\u00f3micos tengan licencia estatal para acumular demasiado y distribuir casi nada, y s\u00ed socializar sus p\u00e9rdidas de sus juegos en las ruletas financieras (con nuestro dinero) como nos muestran las AFPs.<\/p>\n<p><strong><img fetchpriority=\"high\" decoding=\"async\" class=\"alignnone size-large wp-image-5648\" src=\"http:\/\/derechosinfronteras.pe\/wp-content\/uploads\/2020\/04\/FOTO.-ANDINA-1024x683.jpg\" alt=\"\" width=\"1024\" height=\"683\" \/><\/strong><\/p>\n<p>As\u00ed, los millones del pobretariado y del independetariado, vivientes y sobrevivientes que viven en la precariedad de derechos garantizados, recortados y negados por el Estado y los grupos econ\u00f3micos, y la exclusi\u00f3n social y econ\u00f3mica del exitos\u00edsimo modelo exportable peruano y aspirante a la OCDE, se develan claramente, gracias a un microsc\u00f3pico virus, los conocidos l\u00edmites y pies de barro del neoliberalismo peruano. No obstante, por un lado, esta crisis no la est\u00e1n pagando los que m\u00e1s tienen sino la est\u00e1n pagando los pobres muchos de los cuales tienen que quedarse en una casa de esteras, madera, triplay o barro, sin agua, y con hambre, y si bien los 380 soles en este primer tramo est\u00e1n llegando a casi 4 millones de personas a quienes de seguro aliviar\u00e1 en algo las necesidades y los est\u00f3magos muestra la exclusi\u00f3n estructural y los m\u00e1rgenes en la que viven millones de compatriotas nuestros; mientras que, por otro lado, la liberaci\u00f3n de 2400 soles de la CTS, la suspensi\u00f3n del pago al sistema de pensiones y la liberaci\u00f3n de 2000 soles de la AFP afectan directamente a la clase trabajadora que viene costeando la crisis con sus ahorros y su jubilaci\u00f3n en un acto patri\u00f3tico que lleva a uno a entonar orgulloso el \u201cContigo Per\u00fa\u201d del Zambo Cavero. En tanto, las AFPs pierden miles de millones de los asegurados; y el Estado costea la crisis con el dinero de los pocos impuestos cobrados sin mirar los miles de millones no cobrados por los privilegios tributarios (y evasi\u00f3n) de los sectores econ\u00f3micos: minero, financiero, aseguradoras, agroexportador, pesquero y a\u00e9reo. Es decir, esta crisis la pagan la clase trabajadora, el pobretariado y el independetariado, y los \u00bfricos?.<\/p>\n<p>No obstante la emergencia sanitaria, la desigualdad social, la exclusi\u00f3n estructural y la concentraci\u00f3n de riqueza, este gobierno y Estado que ha ampliado la ley de promoci\u00f3n agraria hasta el 2031 y los beneficios tributarios al sector minero y de hidrocarburos, que en medio de la presi\u00f3n reci\u00e9n propone un debate nacional del sistema de las AFPs, que hace uso de la ley de activos cr\u00edticos y los estados de emergencia para garantizar los intereses de la clase empresarial minera, y que evita discutir la ley general de miner\u00eda; apela a la solidaridad de los bancos para que no cobren intereses en tiempos de COVID-19 por lo que es entendible que cuando le preguntan los medios internacionales sobre la propuesta de un impuesto a las fortunas en el Per\u00fa Vizcarra, al igual que la ministra del MEF, vuelven a hacer un llamamiento a una supuesta solidaridad de los millonarios: \u201csobre grandes fortunas que puedan haber en algunos grupos econ\u00f3micos en el pa\u00eds y que puedan tambi\u00e9n colaborar como todos estamos haciendo para poder salir de esta crisis (\u2026) hemos dicho desde un principio que el principal valor que necesitamos ahora de la sociedad es la solidaridad\u201d<a href=\"#_ftn8\" name=\"_ftnref8\">[8]<\/a>. Pos COVID-19 se abre el momento pol\u00edtico urgente, necesario y oportuno para poner en cuesti\u00f3n el capitalismo peruano dominante que tiene una serie de perversiones y fallas de origen que terminan generando y reproduciendo una alta concentraci\u00f3n de riqueza, alta desigualdad, alta exclusi\u00f3n y altos privilegios tributarios que requieren ser urgentemente cambiados si queremos si quiera coquetear para nuestro ingreso a la OCDE, y en especial darle una vida digna a los ciudadanos y ciudadanas del Per\u00fa.<\/p>\n<p><a href=\"#_ftnref1\" name=\"_ftn1\">[1]<\/a> OXFAM. Riqueza y desigualdad en el Per\u00fa: vision panor\u00e1mica. 8 de febrero de 2019. Consulta: 5 de abril de 2020 &lt;https:\/\/peru.oxfam.org\/latest\/policy-paper\/riqueza-y-desigualdad-en-el-per%C3%BA-visi%C3%B3n-panor%C3%A1mica&gt;<\/p>\n<p><a href=\"#_ftnref2\" name=\"_ftn2\">[2]<\/a> Revista especializada en el mundo de los negocios y las finanzas que publica anualmente la lista de los millonarios en el mundo.<\/p>\n<p><a href=\"#_ftnref3\" name=\"_ftn3\">[3]<\/a> OXFAM. Para no retroceder. Realidad y riesgo de la desigualdad en el Per\u00fa. Documento de Trabajo Per\u00fa N\u00b0 1 2015. Consulta: 5 de abril de 2020 &lt;https:\/\/peru.oxfam.org\/sites\/peru.oxfam.org\/files\/file_attachments\/Documento%20Peru%20%281%29.pdf&gt;<\/p>\n<p><a href=\"#_ftnref4\" name=\"_ftn4\">[4]<\/a> Seg\u00fan INEI los pobres en el pa\u00eds son los hogares cuyo gasto per c\u00e1pita no lleg\u00f3 a cubrir una canasta b\u00e1sica calculado en 344 soles. Consulta: 5 de abril de 2020 &lt;https:\/\/rpp.pe\/economia\/economia\/pobreza-pobres-dinero-donde-pido-prestamos-quienes-y-cuantas-personas-son-consideradas-pobres-en-el-peru-noticia-1191046&gt;<\/p>\n<p><a href=\"#_ftnref5\" name=\"_ftn5\">[5]<\/a> LA REP\u00daBLICA. M\u00e1s de 7 millones de peruanos sin agua potable. 13 de marzo de 2020.\u00a0 Consulta: 5 de abril de 2020 &lt;https:\/\/larepublica.pe\/sociedad\/2020\/03\/13\/coronavirus-peru-mas-de-siete-millones-de-peruanos-sin-agua-potable\/&gt;<\/p>\n<p><a href=\"#_ftnref6\" name=\"_ftn6\">[6]<\/a> RPP. Per\u00fa es el tercer pa\u00eds de Latinoam\u00e9rica con mayor d\u00e9ficit de viviendas. 2 de diciembre del 2016. Consulta: 5 de abril de 2020 &lt;https:\/\/rpp.pe\/economia\/inmobiliaria\/peru-es-el-tercer-pais-de-latinoamerica-con-mayor-deficit-de-viviendas-noticia-1014 065&gt;<\/p>\n<p><a href=\"#_ftnref7\" name=\"_ftn7\">[7]<\/a> EL COMERCIO. Brecha entre ricos y pobres: \u00bfPor qu\u00e9 persiste la desigualdad de ingresos en Per\u00fa?. 12 de abril de 2019. Consulta: 5 de abril de 2020 &lt;https:\/\/elcomercio.pe\/economia\/peru\/brecha-ricos-pobres-persiste-desigualdad-ingresos-peru-inei-noticia-625993-noticia\/?ref=ecr&gt;. Aqu\u00ed el economista German Alarco sostiene que la desigualdad es mucho mayor a la que reporta oficialmente el INEI.<\/p>\n<p><a href=\"#_ftnref8\" name=\"_ftn8\">[8]<\/a> Vizcarra da balance del coronavirus en el Per\u00fa. 3 de abril de 2020. \u00a0Consulta: 5 de abril de 2020 &lt;https:\/\/www.youtube.com\/ watch?v=z7yPl05vh0Y&gt;<\/p>\n","protected":false},"excerpt":{"rendered":"<p>\u00a0Soc. Jos\u00e9 Antonio Lapa Romero \/ \u00c1rea de\u00a0 Incidencia DHSF\u00a0 &nbsp; En el Per\u00fa tenemos, por un lado, un 0.5 % de ricos que alcanza a \u201cm\u00e1s de 17 mil millonarios en nuestro pa\u00eds. Unos 880 peruanos con m\u00e1s de 10 millones de d\u00f3lares. Otros 300 con m\u00e1s de 30 millones de d\u00f3lares. Alrededor de [&hellip;]<\/p>\n","protected":false},"author":1,"featured_media":4077,"comment_status":"open","ping_status":"open","sticky":false,"template":"","format":"standard","meta":{"_monsterinsights_skip_tracking":false,"_monsterinsights_sitenote_active":false,"_monsterinsights_sitenote_note":"","_monsterinsights_sitenote_category":0,"_jetpack_memberships_contains_paid_content":false,"footnotes":"","jetpack_publicize_message":"","jetpack_publicize_feature_enabled":true,"jetpack_social_post_already_shared":false,"jetpack_social_options":{"image_generator_settings":{"template":"highway","default_image_id":0,"font":"","enabled":false},"version":2}},"categories":[1],"tags":[],"class_list":["post-4076","post","type-post","status-publish","format-standard","has-post-thumbnail","hentry","category-sin-categoria"],"blocksy_meta":[],"jetpack_publicize_connections":[],"jetpack_featured_media_url":"https:\/\/derechosinfronteras.pe\/wp-content\/uploads\/2020\/04\/Plantilla-Foto-web-copia.jpg","jetpack_sharing_enabled":true,"jetpack_likes_enabled":true,"_links":{"self":[{"href":"https:\/\/derechosinfronteras.pe\/ingles\/wp-json\/wp\/v2\/posts\/4076","targetHints":{"allow":["GET"]}}],"collection":[{"href":"https:\/\/derechosinfronteras.pe\/ingles\/wp-json\/wp\/v2\/posts"}],"about":[{"href":"https:\/\/derechosinfronteras.pe\/ingles\/wp-json\/wp\/v2\/types\/post"}],"author":[{"embeddable":true,"href":"https:\/\/derechosinfronteras.pe\/ingles\/wp-json\/wp\/v2\/users\/1"}],"replies":[{"embeddable":true,"href":"https:\/\/derechosinfronteras.pe\/ingles\/wp-json\/wp\/v2\/comments?post=4076"}],"version-history":[{"count":0,"href":"https:\/\/derechosinfronteras.pe\/ingles\/wp-json\/wp\/v2\/posts\/4076\/revisions"}],"wp:featuredmedia":[{"embeddable":true,"href":"https:\/\/derechosinfronteras.pe\/ingles\/wp-json\/wp\/v2\/media\/4077"}],"wp:attachment":[{"href":"https:\/\/derechosinfronteras.pe\/ingles\/wp-json\/wp\/v2\/media?parent=4076"}],"wp:term":[{"taxonomy":"category","embeddable":true,"href":"https:\/\/derechosinfronteras.pe\/ingles\/wp-json\/wp\/v2\/categories?post=4076"},{"taxonomy":"post_tag","embeddable":true,"href":"https:\/\/derechosinfronteras.pe\/ingles\/wp-json\/wp\/v2\/tags?post=4076"}],"curies":[{"name":"wp","href":"https:\/\/api.w.org\/{rel}","templated":true}]}}