{"id":4078,"date":"2020-04-05T17:32:18","date_gmt":"2020-04-05T22:32:18","guid":{"rendered":"http:\/\/derechosinfronteras.pe\/?p=5635"},"modified":"2020-04-05T17:32:18","modified_gmt":"2020-04-05T22:32:18","slug":"aprovechando-crisis-por-coronavirus-amplian-estado-de-emergencia-en-espinar-y-chumbivilcas-en-cusco","status":"publish","type":"post","link":"https:\/\/derechosinfronteras.pe\/ingles\/aprovechando-crisis-por-coronavirus-amplian-estado-de-emergencia-en-espinar-y-chumbivilcas-en-cusco\/","title":{"rendered":"APROVECHANDO CRISIS POR CORONAVIRUS, AMPL\u00cdAN ESTADO DE EMERGENCIA EN ESPINAR Y CHUMBIVILCAS EN CUSCO"},"content":{"rendered":"<p>Redacci\u00f3n DHSF<\/p>\n<p>Nos encontramos cada d\u00eda m\u00e1s en una situaci\u00f3n compleja por la presencia del <strong>COVID19<\/strong> (Coronavirus) en el Per\u00fa, por eso el gobierno ha dispuesto el <strong>Aislamiento Social Obligatorio<\/strong> para evitar el contagio y la propagaci\u00f3n del virus, para ello las Fuerzas Armadas y a la Polic\u00eda se encarga de la seguridad y el orden interno, incluso podr\u00edan hacer uso de su arma para causar lesiones y muerte sin posibilidad de ser sometidos a la justicia ante situaci\u00f3n de vulneraci\u00f3n de derechos colectivos de comunidades campesinas originarias afectadas por la miner\u00eda.<\/p>\n<p>El d\u00eda de hoy (<em>curiosamente 5 de abril<\/em>) en el diario oficial El Peruano se ha publicado el Decreto Supremo N\u00b0 060-2020-PCM con la cual extiende \u201c\u2026 <strong><em>el Estado de Emergencia<\/em><\/strong><em> declarado en parte del Corredor Vial Apur\u00edmac \u2013 Cusco \u2013 Arequipa, incluyendo los quinientos metros adyacentes a cada lado de la v\u00eda, en los tramos comprendidos por el distrito de <strong>Coporaque<\/strong> de la provincia de <strong>Espinar<\/strong> y por el distrito de <strong>Ccapacmarca<\/strong> de la provincia de <strong>Chumbivilcas<\/strong> del departamento de Cusco<a href=\"#_ftn1\" name=\"_ftnref1\"><strong>[1]<\/strong><\/a><\/em>\u201d ello tiene como finalidad desarrollar actividades principalmente de transporte minero de MMG Las Bambas que hace uso de propiedad comunal en el \u201c<em>Corredor Vial Minero Apur\u00edmac Cusco<\/em>\u201d.<\/p>\n<p><img fetchpriority=\"high\" decoding=\"async\" class=\"alignnone size-full wp-image-5636\" src=\"http:\/\/derechosinfronteras.pe\/wp-content\/uploads\/2020\/04\/WhatsApp-Image-2020-04-05-at-2.48.07-PM.jpeg\" alt=\"\" width=\"602\" height=\"960\" \/><\/p>\n<p><strong><em>Argumento de pr\u00f3rroga del Estado de Emergencia.<\/em><\/strong><\/p>\n<p>El gobierno tiene como \u00fanica fuente de informaci\u00f3n a la Polic\u00eda, es as\u00ed que mediante \u201c\u2026 Oficio N\u00b0 450-2020-CG PNP\/SEC, el Comandante General de la Polic\u00eda Nacional del Per\u00fa recomienda que se gestione la pr\u00f3rroga del Estado de Emergencia, por el t\u00e9rmino de treinta (30) d\u00edas calendario, con el fin de <strong><em>preservar y\/o restablecer el orden interno y garantizar el libre tr\u00e1nsito vehicular<\/em><\/strong>, sustentando dicho pedido en el Informe N\u00b0 008-2020-VII MACREPOL\/SEC-UNIPLEDU (<strong>Reservado<\/strong>) a trav\u00e9s del cual se informa respecto al conflicto en los distritos antes se\u00f1alados, el mismo que podr\u00eda alcanzar niveles cr\u00edticos debido a la crisis econ\u00f3mica que posiblemente provoque el periodo de aislamiento e inmovilizaci\u00f3n social obligatoria decretado por el Gobierno como medida para contener brote del COVID-19, siendo inminente el rebrote de las acciones violentas por parte de pobladores de la zona, una vez concluido el Estado de Emergencia\u2026\u201d. Tomado por completo del cuarto considerando del Decreto Supremo N\u00b0 060-2020-PCM.<\/p>\n<p>El informe reservado es impreciso porque el pa\u00eds se encuentra en situaci\u00f3n de emergencia nacional con orden de <strong>Aislamiento Social Obligatorio<\/strong> no solo de las personas habitantes en las comunidades, sino del tr\u00e1nsito de veh\u00edculos que amenaza la seguridad. La crisis econ\u00f3mica tambi\u00e9n afecta a las comunidades campesinas, porque su din\u00e1mica econ\u00f3mica no la puede desarrollar con normalidad porque se ha dispuesto no salir o ingresar a la provincia de Chumbivilcas y Espinar, ello pone en situaci\u00f3n de riesgo econ\u00f3mico, sin embargo la empresa minera hace uso de un aproximado de 98% del Corredor Vial Minero ocasionando contaminaci\u00f3n ambiental y afectando a las comunidades que se encuentran en la carretera.<\/p>\n<p>El Corredor Vial Minero en su extensi\u00f3n por Chumbivilcas y Espinar es propiedad de las comunidades campesinas afectadas, a la fecha el Ministerio de Transportes y Comunidades y la Empresa Minera no dieron una adecuada soluci\u00f3n, neg\u00e1ndose reiteradamente a reconocer el derecho de propiedad. As\u00ed tambi\u00e9n el Organismo de Evaluaci\u00f3n y Fiscalizaci\u00f3n Ambiental \u2013 OEFA he emitido un informe preliminar sobre las afectaciones ambientales en el corredor minero. La salud que es un derecho de los integrantes de la comunidad campesina tambi\u00e9n es afectada.<\/p>\n<p>Cabe destacar, que las comunidades campesinas en la Provincia de Chumbivilcas y Espinar que se encuentran en el corredor vial minero, en las \u00faltimas semanas respetaron la disposici\u00f3n del gobierno central, pero nuevamente desde la PCM se provoca una situaci\u00f3n de respuesta social.<\/p>\n<p>Por su parte el Gobierno Regional de Cusco que reconoce el proceder poco transparente del Ministerio de Transportes y Comunicaciones sobre la reclasificaci\u00f3n de la Ruta del Corredor Vial Minero ha propuesto un <strong>Fondo Social<\/strong>, propuesta que se encuentra suspendida hasta recobrar la tranquilidad social en el pa\u00eds por la amenaza del COVID19.<\/p>\n<p>En el distrito de <strong>Ccapacmarca<\/strong> Chumbivilcas y <strong>Coporaque<\/strong> Espinar las comunidades en el \u00faltimo mes se ha refugiado en sus hogares por la Pandemia, por tanto no existe ninguna amenaza a la paz social, sin embargo el Gobierno Central reiteradamente ha sometido a las comunidades en situaci\u00f3n de Estado de Emergencia para garantizar el paso del transporte de minerales en los encapsulados.<\/p>\n<p>En consecuencia, el <strong>Decreto Supremo debe quedar sin efecto<\/strong>, se trata en primer lugar de garantizar la seguridad, la Salud y la Vida de los ciudadanos y ciudadanas amenazados por la pandemia, y en segundo lugar se debe solucionar las constantes situaciones de protesta social por las comunidades que demandan contaminaci\u00f3n ambiental y afectaci\u00f3n a su propiedad por la actividad minera.<\/p>\n<p><img decoding=\"async\" class=\"aligncenter wp-image-5641 size-full\" src=\"http:\/\/derechosinfronteras.pe\/wp-content\/uploads\/2020\/04\/helio.jpg\" alt=\"\" width=\"1107\" height=\"789\" \/><\/p>\n<p><a href=\"#_ftnref1\" name=\"_ftn1\">[1]<\/a> Ver Decreto Supremo en el enlace: https:\/\/busquedas.elperuano.pe\/normaslegales\/prorroga-del-estado-de-emergencia-declarado-en-parte-del-cor-decreto-supremo-n-060-2020-pcm-1865378-1\/<\/p>\n","protected":false},"excerpt":{"rendered":"<p>Redacci\u00f3n DHSF Nos encontramos cada d\u00eda m\u00e1s en una situaci\u00f3n compleja por la presencia del COVID19 (Coronavirus) en el Per\u00fa, por eso el gobierno ha dispuesto el Aislamiento Social Obligatorio para evitar el contagio y la propagaci\u00f3n del virus, para ello las Fuerzas Armadas y a la Polic\u00eda se encarga de la seguridad y el [&hellip;]<\/p>\n","protected":false},"author":1,"featured_media":4079,"comment_status":"open","ping_status":"open","sticky":false,"template":"","format":"standard","meta":{"_monsterinsights_skip_tracking":false,"_monsterinsights_sitenote_active":false,"_monsterinsights_sitenote_note":"","_monsterinsights_sitenote_category":0,"_jetpack_memberships_contains_paid_content":false,"footnotes":"","jetpack_publicize_message":"","jetpack_publicize_feature_enabled":true,"jetpack_social_post_already_shared":false,"jetpack_social_options":{"image_generator_settings":{"template":"highway","default_image_id":0,"font":"","enabled":false},"version":2}},"categories":[1],"tags":[],"class_list":["post-4078","post","type-post","status-publish","format-standard","has-post-thumbnail","hentry","category-sin-categoria"],"blocksy_meta":[],"jetpack_publicize_connections":[],"jetpack_featured_media_url":"https:\/\/derechosinfronteras.pe\/wp-content\/uploads\/2020\/04\/va2.jpg","jetpack_sharing_enabled":true,"jetpack_likes_enabled":true,"_links":{"self":[{"href":"https:\/\/derechosinfronteras.pe\/ingles\/wp-json\/wp\/v2\/posts\/4078","targetHints":{"allow":["GET"]}}],"collection":[{"href":"https:\/\/derechosinfronteras.pe\/ingles\/wp-json\/wp\/v2\/posts"}],"about":[{"href":"https:\/\/derechosinfronteras.pe\/ingles\/wp-json\/wp\/v2\/types\/post"}],"author":[{"embeddable":true,"href":"https:\/\/derechosinfronteras.pe\/ingles\/wp-json\/wp\/v2\/users\/1"}],"replies":[{"embeddable":true,"href":"https:\/\/derechosinfronteras.pe\/ingles\/wp-json\/wp\/v2\/comments?post=4078"}],"version-history":[{"count":0,"href":"https:\/\/derechosinfronteras.pe\/ingles\/wp-json\/wp\/v2\/posts\/4078\/revisions"}],"wp:featuredmedia":[{"embeddable":true,"href":"https:\/\/derechosinfronteras.pe\/ingles\/wp-json\/wp\/v2\/media\/4079"}],"wp:attachment":[{"href":"https:\/\/derechosinfronteras.pe\/ingles\/wp-json\/wp\/v2\/media?parent=4078"}],"wp:term":[{"taxonomy":"category","embeddable":true,"href":"https:\/\/derechosinfronteras.pe\/ingles\/wp-json\/wp\/v2\/categories?post=4078"},{"taxonomy":"post_tag","embeddable":true,"href":"https:\/\/derechosinfronteras.pe\/ingles\/wp-json\/wp\/v2\/tags?post=4078"}],"curies":[{"name":"wp","href":"https:\/\/api.w.org\/{rel}","templated":true}]}}