{"id":4084,"date":"2020-03-26T19:23:11","date_gmt":"2020-03-27T00:23:11","guid":{"rendered":"http:\/\/derechosinfronteras.pe\/?p=5614"},"modified":"2023-12-28T20:35:21","modified_gmt":"2023-12-29T01:35:21","slug":"pronunciamiento-frente-al-coronavirus-atencion-nacional-para-los-afectados-por-metales-toxicos","status":"publish","type":"post","link":"https:\/\/derechosinfronteras.pe\/ingles\/pronunciamiento-frente-al-coronavirus-atencion-nacional-para-los-afectados-por-metales-toxicos\/","title":{"rendered":"[PRONUNCIAMIENTO] Frente al coronavirus, ATENCI\u00d3N NACIONAL para los afectados por metales t\u00f3xicos"},"content":{"rendered":"<section class=\"header-page\">\n<div class=\"container\">\n<div class=\"row\">\n<div class=\"col-md-6\">\n<div class=\"page-title\">\n<h1><span style=\"font-size: 16px;\">Desde la Plataforma Nacional de Afectados y Afectadas por Metales T\u00f3xicos y la Mesa Nacional de Salud Ambiental y Humana, articulaci\u00f3n de diversas organizaciones sociales, asociaci\u00f3n de afectados por metales, frentes de defensas, federaciones ind\u00edgenas, comunidades campesinas, colectivos ciudadanos e instituciones nos pronunciamos sobre la pandemia mundial del coronavirus y la declaratoria de emergencia nacional [\u2026]<\/span><\/h1>\n<\/div>\n<\/div>\n<\/div>\n<\/div>\n<\/section>\n<section class=\"content-page\">\n<div class=\"container\">\n<div class=\"row\">\n<div class=\"col-md-8 col-lg-9\">\n<div class=\"content-div\">\n<p>Desde la Plataforma Nacional de Afectados y Afectadas por Metales T\u00f3xicos y la Mesa Nacional de Salud Ambiental y Humana, articulaci\u00f3n de diversas organizaciones sociales, asociaci\u00f3n de afectados por metales, frentes de defensas, federaciones ind\u00edgenas, comunidades campesinas, colectivos ciudadanos e instituciones nos pronunciamos sobre la pandemia mundial del coronavirus y la declaratoria de emergencia nacional que afecta a todo el pa\u00eds:<\/p>\n<p>1.- Resaltar el enorme trabajo que viene realizando el gobierno del Presidente Martin Vizcarra para poder evitar m\u00e1s contagiados y muertes por el coronavirus a lo largo de todo el pa\u00eds, llamando a un aislamiento social obligatorio y as\u00ed evitar que el virus se propague de manera violenta e incontrolable.<\/p>\n<p>2.- Considerar como un grave error que las actividades extractivas en miner\u00eda y petr\u00f3leo contin\u00faen sus operaciones, ya que ponen en riesgo la salud y la vida no s\u00f3lo a los trabajadores sino a las poblaciones que viven en los territorios en donde se realizan estas operaciones. No es verdad que por ser remoto el lugar en donde se desarrollan las operaciones no van a ser afectados, as\u00ed como tampoco son territorios donde no vive nadie y\/o est\u00e1n aisladas.<\/p>\n<p>3.- Tener en cuenta que las personas con niveles de exposici\u00f3n a fuentes de metales pesados y sustancias t\u00f3xicas son parte de la poblaci\u00f3n con afecciones cr\u00f3nicas subyacentes. Adem\u00e1s las condiciones clim\u00e1ticas en zonas altoandinas generan riesgo en afecciones respiratorias, y en las zonas amaz\u00f3nicas, las grandes distancias fluviales generan riesgo de no llegar a los centro de salud para atender casos graves. Es decir, que son mortalmente vulnerables al contagio del coronavirus, no olvidar que m\u00e1s de 7000 personas han dado positivo a metales t\u00f3xicos y sustancias toxicas en las pruebas que se han realizado en zonas como Espinar en Cusco, Chiriaco en Amazonas, Sim\u00f3n Bol\u00edvar en Pasco, La Oroya y el Valle del Mantaro en Jun\u00edn, Cuatro Cuencas y Cuninico en Loreto, Coata en Puno, Nuevo Per\u00fa en Callao, Torata en Moquegua, San Mateo en Lima o Bambamarca en Cajamarca. Por ello, el Gobierno Nacional, nuestras autoridades regionales y locales tienen la responsabilidad de llevar a cabo una atenci\u00f3n mucho m\u00e1s esmerada para estas familias. Esto va de la mano con asegurar, de manera restrictiva, el aislamiento social obligatorio mediante la prohibici\u00f3n y vigilancia del ingreso de personas externas a la comunidad.<\/p>\n<p>4.- Informar que muchos de los lugares en donde se encuentran las empresas mineras y petroleras que han tenido problemas de contaminaci\u00f3n, generando afectaciones en la salud de cientos de familias, se encuentran en zonas de pobreza y extrema pobreza. Muchas de estas familias no tienen acceso al agua potable, ni alimentos inocuos as\u00ed como tampoco salud preventiva, integral y especializada lo que las hace m\u00e1s vulnerables frente al resto de la poblaci\u00f3n. Por ello, pedimos que las familias de estas localidades sean tomadas en cuenta en la entrega del bono de subsidio monetario otorgado por el gobierno, establecido en el Decreto de Urgencia para frenar la propagaci\u00f3n del coronavirus.<\/p>\n<p>Finalmente todas y todos debemos estar unidos en esta lucha contra el coronavirus en el Per\u00fa pero eso no debe implicar dejar de lado los acuerdos pendientes de la Plataforma Nacional de Afectados por Metales T\u00f3xicos con la Presidencia de Consejo de Ministros como la instalaci\u00f3n de la Comisi\u00f3n Multisectorial de Alto Nivel para la atenci\u00f3n a las miles de personas afectadas por metales t\u00f3xicos as\u00ed como tampoco dejar de exigir dar prioridad en la atenci\u00f3n de estas familias considerando su condici\u00f3n de riesgo, vulnerabilidad y su permanente situaci\u00f3n de precariedad econ\u00f3mica. Esperamos que esta vez el Estado peruano asuma su responsabilidad, garantice sus derechos y atienda sus demandas.<\/p>\n<p>26 marzo 2020<\/p>\n<p><strong>Firmas:<\/strong><\/p>\n<ul>\n<li>Plataforma Nacional de Afectados y Afectadas por Metales T\u00f3xicos<\/li>\n<li>Organizaci\u00f3n Nacional de Mujeres Ind\u00edgenas y Amaz\u00f3nicas del Per\u00fa -ONAMIAP<\/li>\n<li>Red Nacional de Defensores y Defensoras de R\u00edos<\/li>\n<li>Organizaci\u00f3n Regional de Pueblos Ind\u00edgenas de la Amazonia del Norte \u2013 ORPIAN-P<\/li>\n<li>Pueblos Ind\u00edgenas Amaz\u00f3nicos Unidos por la Defensa de sus Territorios PUINAMUDT<\/li>\n<li>Comunidad Nativa Nazareth Amazonas<\/li>\n<li>Comunidad Nativa Umukai Amazonas<\/li>\n<li>Comunidad Nativa Wachapea Amazonas<\/li>\n<li>Comunidad Nativa Pakun Amazonas<\/li>\n<li>Centro Poblado de Paragsha Pasco<\/li>\n<li>Asociaci\u00f3n de Urbanizaciones y Pueblos J\u00f3venes de Espinar (AUPE)<\/li>\n<li>Asociaci\u00f3n de Mujeres Defensoras del Territorio y Cultura K\u00b4ana Espinar<\/li>\n<li>Frente Callao Dignidad<\/li>\n<li>Junta Vecinal del Asentamiento Humano Cerro Baul Torata Moquegua<\/li>\n<li>Plataforma por la Defensa y Promoci\u00f3n del Medio Ambiente Cuenca Alta Rimac<\/li>\n<li>Comuneros de San Mateo de Huanchor Huarochiri<\/li>\n<li>Comuneros de San Antonio Huarochiri<\/li>\n<li>Rondas Campesinas Femeninas de la Comunidad de Maygasbamba Bambamarca Cajamarca<\/li>\n<li>Frente de Defensa en Contra de la Contaminaci\u00f3n de la Cuenca del Rio<\/li>\n<li>Coata y la Bahia Interior del Lago Titicaca Puno<\/li>\n<li>Pastoral Social de Dignidad Humana Huancayo PASSDIH<\/li>\n<li>Mesa de Di\u00e1logo de la Mujer Huancayo<\/li>\n<li>Consejo Regional de la Mujer Huancayo<\/li>\n<li>Comunidad de \u00d3ndores Junin<\/li>\n<li>Movimiento por la Salud de la Oroya \u2013 MOSAO<\/li>\n<li>CONAMOVIDE Tarma<\/li>\n<li>Comit\u00e9 Conservacionista de Villa el Sol en Santa Rosa de Sacco Oroya<\/li>\n<li>FEMUCARINAP Chanchamayo.<\/li>\n<li>Plataforma Regional por la Salud Ambiental y Humana Jun\u00edn<\/li>\n<li>Mesa de Di\u00e1logo Ambiental de la Regi\u00f3n Jun\u00edn<\/li>\n<li>Organizaciones Zonales de Atenci\u00f3n en Alimentaci\u00f3n y Salud Oroya<\/li>\n<li>Red de Promotores y Promotoras Ecol\u00f3gicas de la Regi\u00f3n Jun\u00edn<\/li>\n<li>Junta de Usuarios de Riego Mantaro<\/li>\n<li>La Pastoral Social del Vicariato de Ja\u00e9n<\/li>\n<li>La Red Huamachuco<\/li>\n<li>Mesa T\u00e9cnica de Salud Ambiental y Humana<\/li>\n<li>Red por una Globalizaci\u00f3n con Equidad \u2013 RedGe<\/li>\n<li>Plataforma de la Sociedad Civil sobre Empresas y Derechos Humanos<\/li>\n<li>Red Muqui<\/li>\n<li>Coordinadora Nacional de Derechos Humanos \u2013 CNDDHH<\/li>\n<li>CooperAcci\u00f3n<\/li>\n<li>Derechos Humanos Sin Fronteras Cusco \u2013DHSF<\/li>\n<li>Asociaci\u00f3n Civil Centro de Cultura popular Labor Pasco.<\/li>\n<li>Centro Amaz\u00f3nico de Antropolog\u00eda y Aplicaci\u00f3n Pr\u00e1ctica -CAAAP<\/li>\n<li>Earthrights International \u2013 ERI<\/li>\n<li>Oxfam en Per\u00fa<\/li>\n<li>APRODEH<\/li>\n<li>AIDA<\/li>\n<li>Comisi\u00f3n Episcopal de Acci\u00f3n Social -CEAS<\/li>\n<li>Derechos Humanos y Medio Ambiente Puno \u2013 DHUMA<\/li>\n<li>Red Uniendo Manos Per\u00fa<\/li>\n<li>Grupo Red de Econom\u00eda Solidaria del Per\u00fa \u2013 GRESP<\/li>\n<li>Proyecto Amigo La Libertad<\/li>\n<li>Forum Solidaridad Per\u00fa<\/li>\n<li>FEDEPAZ<\/li>\n<li>CADEP Ayacucho<\/li>\n<li>REDAD Piura<\/li>\n<li>Instituto Natura Ancash<\/li>\n<li>Asociaci\u00f3n Marianista de Acci\u00f3n Social \u2013 AMAS<\/li>\n<li>GRUFIDES Cajamarca<\/li>\n<li>Comit\u00e9 de Salud Ambiental y Cambio Clim\u00e1tico de Foro Salud<\/li>\n<\/ul>\n<\/div>\n<\/div>\n<\/div>\n<\/div>\n<\/section>\n","protected":false},"excerpt":{"rendered":"<p>Desde la Plataforma Nacional de Afectados y Afectadas por Metales T\u00f3xicos y la Mesa Nacional de Salud Ambiental y Humana, articulaci\u00f3n de diversas organizaciones sociales, asociaci\u00f3n de afectados por metales, frentes de defensas, federaciones ind\u00edgenas, comunidades campesinas, colectivos ciudadanos e instituciones nos pronunciamos sobre la pandemia mundial del coronavirus y la declaratoria de emergencia nacional [&hellip;]<\/p>\n","protected":false},"author":1,"featured_media":4085,"comment_status":"open","ping_status":"open","sticky":false,"template":"","format":"standard","meta":{"_monsterinsights_skip_tracking":false,"_monsterinsights_sitenote_active":false,"_monsterinsights_sitenote_note":"","_monsterinsights_sitenote_category":0,"_jetpack_memberships_contains_paid_content":false,"footnotes":"","jetpack_publicize_message":"","jetpack_publicize_feature_enabled":true,"jetpack_social_post_already_shared":false,"jetpack_social_options":{"image_generator_settings":{"template":"highway","default_image_id":0,"font":"","enabled":false},"version":2}},"categories":[1],"tags":[],"class_list":["post-4084","post","type-post","status-publish","format-standard","has-post-thumbnail","hentry","category-sin-categoria"],"blocksy_meta":[],"jetpack_publicize_connections":[],"jetpack_featured_media_url":"https:\/\/derechosinfronteras.pe\/wp-content\/uploads\/2020\/03\/va3.jpg","jetpack_sharing_enabled":true,"jetpack_likes_enabled":true,"_links":{"self":[{"href":"https:\/\/derechosinfronteras.pe\/ingles\/wp-json\/wp\/v2\/posts\/4084","targetHints":{"allow":["GET"]}}],"collection":[{"href":"https:\/\/derechosinfronteras.pe\/ingles\/wp-json\/wp\/v2\/posts"}],"about":[{"href":"https:\/\/derechosinfronteras.pe\/ingles\/wp-json\/wp\/v2\/types\/post"}],"author":[{"embeddable":true,"href":"https:\/\/derechosinfronteras.pe\/ingles\/wp-json\/wp\/v2\/users\/1"}],"replies":[{"embeddable":true,"href":"https:\/\/derechosinfronteras.pe\/ingles\/wp-json\/wp\/v2\/comments?post=4084"}],"version-history":[{"count":1,"href":"https:\/\/derechosinfronteras.pe\/ingles\/wp-json\/wp\/v2\/posts\/4084\/revisions"}],"predecessor-version":[{"id":7047,"href":"https:\/\/derechosinfronteras.pe\/ingles\/wp-json\/wp\/v2\/posts\/4084\/revisions\/7047"}],"wp:featuredmedia":[{"embeddable":true,"href":"https:\/\/derechosinfronteras.pe\/ingles\/wp-json\/wp\/v2\/media\/4085"}],"wp:attachment":[{"href":"https:\/\/derechosinfronteras.pe\/ingles\/wp-json\/wp\/v2\/media?parent=4084"}],"wp:term":[{"taxonomy":"category","embeddable":true,"href":"https:\/\/derechosinfronteras.pe\/ingles\/wp-json\/wp\/v2\/categories?post=4084"},{"taxonomy":"post_tag","embeddable":true,"href":"https:\/\/derechosinfronteras.pe\/ingles\/wp-json\/wp\/v2\/tags?post=4084"}],"curies":[{"name":"wp","href":"https:\/\/api.w.org\/{rel}","templated":true}]}}