{"id":4086,"date":"2020-03-23T16:52:05","date_gmt":"2020-03-23T21:52:05","guid":{"rendered":"http:\/\/derechosinfronteras.pe\/?p=5608"},"modified":"2020-03-23T16:52:05","modified_gmt":"2020-03-23T21:52:05","slug":"pronunciamiento-nodo-peru-red-latinoamericana-iglesias-y-mineria","status":"publish","type":"post","link":"https:\/\/derechosinfronteras.pe\/ingles\/pronunciamiento-nodo-peru-red-latinoamericana-iglesias-y-mineria\/","title":{"rendered":"[PRONUNCIAMIENTO] NODO PER\u00da \u2013 RED LATINOAMERICANA IGLESIAS Y MINER\u00cdA"},"content":{"rendered":"<p>&nbsp;<\/p>\n<p>El Nodo Per\u00fa de la Red Latinoamericana Iglesias y Miner\u00eda (IyM), cumple su primer a\u00f1o de creaci\u00f3n en \u00e9ste mes de marzo, en un momento de crisis nacional e internacional producto del avance del Coronavirus como parte de los desaf\u00edos de la \u201cglobalizaci\u00f3n\u201d (Accra 9<a href=\"http:\/\/iglesiasymineria.org\/2020\/03\/23\/peru-solidaridad-con-el-pueblo-que-sufre-las-consecuencias-del-coronavirus\/?fbclid=IwAR2BJfL2sNa094pECLYYC-AtFxn4m4HLvZnNHGR7tLlomW5XrAYVvKf0HhI#_ftn1\" name=\"_ftnref1\" target=\"_blank\" rel=\"noopener\">[1]<\/a>) que vivimos<\/p>\n<p>El Nodo Per\u00fa de IyM, espacio conformado por hombres y mujeres de fe de diversas Iglesias, laicos\/as, equipos de pastoral, comunidades religiosas, grupos de reflexi\u00f3n teol\u00f3gica, centros de evangelizaci\u00f3n, obispos, presb\u00edteros, di\u00e1conos, pastoras\/es, consagradas\/os, laicas\/os, equipos de pastoral, comunidades religiosas, grupos de reflexi\u00f3n teol\u00f3gica, centros de evangelizaci\u00f3n, no est\u00e1 ajeno a la situaci\u00f3n actual, y en fidelidad al evangelio de Jesucristo, muestra su solidaridad con el pueblo de Dios que sufre las consecuencias del Coronavirus y particular con las familias de las v\u00edctimas acontecidas en nuestro pa\u00eds y de quienes ya se encuentran infectados\/as..<\/p>\n<p><strong>Al respecto hacemos un llamado:<\/strong><\/p>\n<ol>\n<li>A la calma frente a \u00e9ste dif\u00edcil momento de prueba que atravesamos en el mundo y en particular en nuestro pa\u00eds. Las\/os peruanas\/os necesitamos cuidarnos mutuamente con una conducta responsable de consideraci\u00f3n y preocupaci\u00f3n por los dem\u00e1s, por nuestro pr\u00f3jimo, pues en tanto tomemos medidas para no contagiar a otras personas, tampoco seremos contagiados y superaremos \u00e9ste momento pronto.<\/li>\n<li>Saludamos las medidas de prevenci\u00f3n tomadas por el Gobierno Nacional a fin de evitar el crecimiento del Coronavirus. Sin embargo, hay que se\u00f1alar que la situaci\u00f3n actual con el Coronavirus evidencia la debilidad institucional del sistema de salud a nivel nacional, como tambi\u00e9n viene ocurriendo con la carencia de medidas adecuadas frente al recurrente problema del dengue, que afecta en particular a sectores poblacionales y localidades m\u00e1s vulnerables. Este problema debe ser debe ser asumido responsablemente, en el futuro inmediato, por las autoridades competentes en los diferentes niveles de gobierno en sus localidades, para atender adecuadamente la emergencia.<\/li>\n<li>No entendemos las razones por las que el Gobierno Nacional ha incluido dentro de las denominadas \u201cactividades esenciales\u201d, que seguir\u00e1n operando en este tiempo de restricci\u00f3n laboral, a las operaciones mineras, incluyendo el transporte de trabajadores y a los proveedores mineros. Ello pone en serio riesgo la vida y salud de las\/os trabajadoras\/es, as\u00ed como de las comunidades campesinas y poblaciones locales donde se realizan dichas operaciones. El riesgo es alto y debe ce\u00f1irse a la cuarentena establecida. El argumento de que estas actividades estar\u00edan protegidas por encontrarse en lugares remotos o confinados, como ha se\u00f1alado el presidente Vizcarra, no se sostiene.<\/li>\n<li>Al respecto, es contradictorio que el presidente Vizcarra haya se\u00f1alado p\u00fablicamente que se conoce de empresas mineras que est\u00e1n operando con trabajadores que son trasladados del campamento minero antes y luego del horario de operaciones. Esta situaci\u00f3n debe tener un nivel de supervisi\u00f3n, fiscalizaci\u00f3n y eventual sanci\u00f3n de parte de las autoridades competentes en todos los niveles de actividad minera ya que se trata de operaciones prohibidas, que incumple disposiciones del Gobierno Nacional, como lo ha se\u00f1alado, y concordamos, el mismo Presidente.<\/li>\n<\/ol>\n<p>Lamentablemente existen presiones que han permitido legalizar una situaci\u00f3n que es evidentemente ilegal: debido a que la miner\u00eda no es considerada como una actividad \u201cesencial\u201d. Esto pone en riesgo la vida y salud de las personas en \u00e9ste momento, en particular en las familias y comunidades campesinas que realizan actividades de agricultura familiar que aporta el 70% de nuestra canasta familiar. Frente a \u00e9sta situaci\u00f3n, apoyamos las medidas que las poblaciones y comunidades han tomado para defender sus localidades de cualquier contagio.<\/p>\n<ol start=\"5\">\n<li>Adem\u00e1s, frente a las necesarias medidas de \u201cestado de emergencia nacional\u201d y \u201caislamiento obligatorio\u201d, dictados por el gobierno, compartimos la preocupaci\u00f3n del Relator de Derechos Humanos de Naciones Unidas, sobre la presencia de las fuerzas armadas en apoyo de las fuerzas policiales. Invocamos a estar alertas ya que podr\u00eda generarse, como ha ocurrido antes, situaciones de abuso de autoridad en el orden p\u00fablico as\u00ed como un desproporcionado uso de la fuerza en virtud del reciente Reglamento del D. Leg 1095, dictado con las normas de emergencia, entre otras vigentes. Esta situaci\u00f3n podr\u00eda generar detenciones arbitrarias o intervenciones policiales y\/o militares en contra de autoridades y dirigentes sociales por el solo hecho de defender los derechos a la vida, salud y propiedad colectiva de sus tierras y territorios, sin que tengan garant\u00edas para su leg\u00edtima defensa.<\/li>\n<li>Desde el Nodo Per\u00fa de IyM estaremos vigilantes a que el Estado asuma su rol garante de derechos, de la paz social, de la salud integral, y de los derechos de los trabajadores.<\/li>\n<\/ol>\n<p>Este momento de crisis nos convoca a la reflexi\u00f3n, para evaluar, a la luz de las Escrituras, nuestros modos de vida, y recuperar la mirada de Jes\u00fas (LS 96<a href=\"http:\/\/iglesiasymineria.org\/2020\/03\/23\/peru-solidaridad-con-el-pueblo-que-sufre-las-consecuencias-del-coronavirus\/?fbclid=IwAR2BJfL2sNa094pECLYYC-AtFxn4m4HLvZnNHGR7tLlomW5XrAYVvKf0HhI#_ftn2\" name=\"_ftnref2\" target=\"_blank\" rel=\"noopener\">[2]<\/a>), una mirada integradora de toda la creaci\u00f3n, donde el ser humano es parte de la naturaleza, nuestra casa com\u00fan y convive en ella con los dem\u00e1s, en quienes debemos reconocer su rostro, retomando la experiencia de poner todo en com\u00fan de las \u201cprimeras comunidades\u201d cristianas (He 2, 42-47<a href=\"http:\/\/iglesiasymineria.org\/2020\/03\/23\/peru-solidaridad-con-el-pueblo-que-sufre-las-consecuencias-del-coronavirus\/?fbclid=IwAR2BJfL2sNa094pECLYYC-AtFxn4m4HLvZnNHGR7tLlomW5XrAYVvKf0HhI#_ftn3\" name=\"_ftnref3\" target=\"_blank\" rel=\"noopener\">[3]<\/a>).<\/p>\n<p>Por ello debemos cuidarnos y protegernos unos a otros, desde la \u00e9tica y medidas necesarias de cuidado, como lo har\u00edan nuestros pueblos originarios, desde el horizonte del buen vivir, y desde el compromiso de que no podemos seguir con el orden imperante, destructor de la naturaleza y los seres humanos, comprometi\u00e9ndonos por cambiarlo, pues otro mundo si es posible.<\/p>\n<p>Per\u00fa, 21 de marzo 2020<\/p>\n<p><em><strong>NODO PER\u00da \u2013 RED\u00a0<\/strong><strong>LATINOAMERICANA IGLESIAS Y MINER\u00cdA<\/strong><\/em><\/p>\n<p>El Nodo Per\u00fa de la Red Latinoamericana Iglesias y Miner\u00eda es conformado por: Red Uniendo Manos Per\u00fa-Comisi\u00f3n Episcopal de Acci\u00f3n Social (CEAS)-Instituto Bartolom\u00e9 De Las Casas (IBC)-Iglesia Presbiteriana de los Estados Unidos-Derechos Humanos y Medio Ambiente (Puno)- RED MUQUI-Asociaci\u00f3n Marianista de Acci\u00f3n Social (AMAS)-Parroquia de San Mateo-Di\u00f3cesis de Chosica-Derechos Humanos sin fronteras (DHSF-Cusco)-Grupo de Formaci\u00f3n e Intervenci\u00f3n para el Desarrollo Sostenible (GRUFIDES)-Proyecto Amigo (Huamachuco)-Pastoral Social Vicariato Apost\u00f3lico de Ja\u00e9n- Campa\u00f1a Evang\u00e9lica Renovemos Nuestro Mundo-Comisi\u00f3n Derechos Humanos y JPIC CONFER<\/p>\n<p><a href=\"http:\/\/iglesiasymineria.org\/2020\/03\/23\/peru-solidaridad-con-el-pueblo-que-sufre-las-consecuencias-del-coronavirus\/?fbclid=IwAR2BJfL2sNa094pECLYYC-AtFxn4m4HLvZnNHGR7tLlomW5XrAYVvKf0HhI#_ftnref1\" name=\"_ftn1\" target=\"_blank\" rel=\"noopener\">[1]<\/a>\u00a0Confesi\u00f3n de Accra, Pacto por la Justicia en la econom\u00eda y en la tierra, adoptado por la Alianza Mundial de Iglesias Reformadas (WARC) N\u00b09<\/p>\n<p><a href=\"http:\/\/iglesiasymineria.org\/2020\/03\/23\/peru-solidaridad-con-el-pueblo-que-sufre-las-consecuencias-del-coronavirus\/?fbclid=IwAR2BJfL2sNa094pECLYYC-AtFxn4m4HLvZnNHGR7tLlomW5XrAYVvKf0HhI#_ftnref2\" name=\"_ftn2\" target=\"_blank\" rel=\"noopener\">[2]<\/a>\u00a0Carta Enc\u00edclica Laudato S\u00ed \u2013 Papa Francisco N\u00b0 96<\/p>\n<p><a href=\"http:\/\/iglesiasymineria.org\/2020\/03\/23\/peru-solidaridad-con-el-pueblo-que-sufre-las-consecuencias-del-coronavirus\/?fbclid=IwAR2BJfL2sNa094pECLYYC-AtFxn4m4HLvZnNHGR7tLlomW5XrAYVvKf0HhI#_ftnref3\" name=\"_ftn3\" target=\"_blank\" rel=\"noopener\">[3]<\/a>\u00a0Cita B\u00edblica: Hechos de los Ap\u00f3stoles, Cap\u00edtulo 2, Vers\u00edculos 42 a 47.<\/p>\n","protected":false},"excerpt":{"rendered":"<p>&nbsp; El Nodo Per\u00fa de la Red Latinoamericana Iglesias y Miner\u00eda (IyM), cumple su primer a\u00f1o de creaci\u00f3n en \u00e9ste mes de marzo, en un momento de crisis nacional e internacional producto del avance del Coronavirus como parte de los desaf\u00edos de la \u201cglobalizaci\u00f3n\u201d (Accra 9[1]) que vivimos El Nodo Per\u00fa de IyM, espacio conformado [&hellip;]<\/p>\n","protected":false},"author":1,"featured_media":4087,"comment_status":"open","ping_status":"open","sticky":false,"template":"","format":"standard","meta":{"_monsterinsights_skip_tracking":false,"_monsterinsights_sitenote_active":false,"_monsterinsights_sitenote_note":"","_monsterinsights_sitenote_category":0,"_jetpack_memberships_contains_paid_content":false,"footnotes":"","jetpack_publicize_message":"","jetpack_publicize_feature_enabled":true,"jetpack_social_post_already_shared":false,"jetpack_social_options":{"image_generator_settings":{"template":"highway","default_image_id":0,"font":"","enabled":false},"version":2}},"categories":[1],"tags":[],"class_list":["post-4086","post","type-post","status-publish","format-standard","has-post-thumbnail","hentry","category-sin-categoria"],"blocksy_meta":[],"jetpack_publicize_connections":[],"jetpack_featured_media_url":"https:\/\/derechosinfronteras.pe\/wp-content\/uploads\/2020\/03\/nodo-peru-1.jpg","jetpack_sharing_enabled":true,"jetpack_likes_enabled":true,"_links":{"self":[{"href":"https:\/\/derechosinfronteras.pe\/ingles\/wp-json\/wp\/v2\/posts\/4086","targetHints":{"allow":["GET"]}}],"collection":[{"href":"https:\/\/derechosinfronteras.pe\/ingles\/wp-json\/wp\/v2\/posts"}],"about":[{"href":"https:\/\/derechosinfronteras.pe\/ingles\/wp-json\/wp\/v2\/types\/post"}],"author":[{"embeddable":true,"href":"https:\/\/derechosinfronteras.pe\/ingles\/wp-json\/wp\/v2\/users\/1"}],"replies":[{"embeddable":true,"href":"https:\/\/derechosinfronteras.pe\/ingles\/wp-json\/wp\/v2\/comments?post=4086"}],"version-history":[{"count":0,"href":"https:\/\/derechosinfronteras.pe\/ingles\/wp-json\/wp\/v2\/posts\/4086\/revisions"}],"wp:featuredmedia":[{"embeddable":true,"href":"https:\/\/derechosinfronteras.pe\/ingles\/wp-json\/wp\/v2\/media\/4087"}],"wp:attachment":[{"href":"https:\/\/derechosinfronteras.pe\/ingles\/wp-json\/wp\/v2\/media?parent=4086"}],"wp:term":[{"taxonomy":"category","embeddable":true,"href":"https:\/\/derechosinfronteras.pe\/ingles\/wp-json\/wp\/v2\/categories?post=4086"},{"taxonomy":"post_tag","embeddable":true,"href":"https:\/\/derechosinfronteras.pe\/ingles\/wp-json\/wp\/v2\/tags?post=4086"}],"curies":[{"name":"wp","href":"https:\/\/api.w.org\/{rel}","templated":true}]}}