{"id":4091,"date":"2020-03-17T23:59:00","date_gmt":"2020-03-18T04:59:00","guid":{"rendered":"http:\/\/derechosinfronteras.pe\/?p=5579"},"modified":"2020-03-17T23:59:00","modified_gmt":"2020-03-18T04:59:00","slug":"que-corona-tiene-la-mineria-frente-el-coronavirus","status":"publish","type":"post","link":"https:\/\/derechosinfronteras.pe\/ingles\/que-corona-tiene-la-mineria-frente-el-coronavirus\/","title":{"rendered":"\u00bfQu\u00e9 corona tiene la miner\u00eda frente el Coronavirus?"},"content":{"rendered":"<p style=\"text-align: right;\">\u00a0<strong>Por Miguel Guti\u00e9rrez Chero &#8211; \u00c1rea de Comunicaciones DHSF<\/strong><\/p>\n<p>La noche del \u00faltimo domingo, los peruanos y peruanas acatamos las disposiciones planteadas por el gobierno para contener la propagaci\u00f3n del Coronavirus. Esto signific\u00f3 un gran sacrificio para muchas familias quienes viven de su trabajo diario. Sin embargo, no todos fuimos medidos con la misma vara.<\/p>\n<p>El Decreto Supremo que dict\u00f3 el presidente ven\u00eda con el literal \u201cL\u201d del numeral 4.1 del art\u00edculo 4, que expresamente dice: <em>\u201cPor excepci\u00f3n, en los casos de sectores productivos e industriales, el Ministerio de Econom\u00eda y Finanzas, en coordinaci\u00f3n con el sector competente, podr\u00e1 incluir actividades adicionales estrictamente indispensables a las se\u00f1aladas en los numerales precedentes, que no afecten el estado de emergencia nacional.\u201d <\/em>Es decir, le daba carta libre para que el MEF pudiera disponer de esta excepci\u00f3n e incluir alguna actividad que considerara pertinente. Y as\u00ed lo hizo.<\/p>\n<p>Hoy, martes 17, mediante el Oficio N\u00b0 059-2020-ef\/10.01, el MEF otorg\u00f3 conformidad de la propuesta realizada en el Decreto Supremo ya mencionado. Permiti\u00e9ndole realizar sus actividades con el personal m\u00ednimo indispensable para continuar en los siguientes t\u00e9rminos: \u201cexplotaci\u00f3n; beneficio; (\u2026) transporte de minerales por medios no convencionales; as\u00ed como transporte y almacenamiento de concentrados y productos minerales transformados.\u201d<\/p>\n<p><img fetchpriority=\"high\" decoding=\"async\" class=\"size-large wp-image-5584 alignnone\" src=\"http:\/\/derechosinfronteras.pe\/wp-content\/uploads\/2020\/03\/DPS3R2FKUJHPRJAK4CSFTZFCSM.jpeg\" alt=\"\" width=\"980\" height=\"528\" \/><\/p>\n<p>\u00bfPARA QUI\u00c9NES ES EL ESTADO DE EMERGENCIA?<\/p>\n<p>Seg\u00fan representantes de la comunidad de Urinsaya en Espinar y el distrito de Velille en Chumbivilcas, ambas en la regi\u00f3n de Cusco, los veh\u00edculos que trasladan los minerales de la empresa MMG Las Bambas contin\u00faan circulando con regularidad desde la emisi\u00f3n del mensaje a la naci\u00f3n del presidente Mart\u00edn Vizcarra. Seg\u00fan los documentos mencionados, ya sabemos que el estado de emergencia no era para todos.<\/p>\n<p>\u201cLo que nos indigna, es como el gobierno no puede hacerse obedecer con estas empresas mineras, nos preocupa que pueda haber un contagio en estas provincias de Cusco, imag\u00ednese que gran cat\u00e1strofe puede ser para nosotros, y la empresa no est\u00e1 midiendo responsablemente lo que puede pasar al trasladar su mineral\u201d, dice Germ\u00e1n Salcedo, comunero del distrito de Velille en Chumvibilcas, y contin\u00faa: \u201cEl personal que trabaja en la mina son de diferentes partes de nuestro pa\u00eds, y est\u00e1n usando diferentes hospedajes y restaurantes en nuestro distrito, pues \u00a0est\u00e1 en la ruta del traslado de los minerales hacia Arequipa. Hay un parqueo de los camiones maso menos a 1 kil\u00f3metro de la poblaci\u00f3n, es as\u00ed que los conductores bajan a la poblaci\u00f3n a hospedarse.\u201d<\/p>\n<p>La indignaci\u00f3n y preocupaci\u00f3n de los hombres y mujeres de Velille es la misma que en la comunidad de Urinsaya en Espinar, y as\u00ed lo expresa su presidente, el se\u00f1or Isa\u00edas Kana: \u201cTrat\u00e9 de comunicarme con el suprefecto provincial, de igual forma con la polic\u00eda nacional, pero nadie me ha dado raz\u00f3n y siguen circulando los se\u00f1ores de la empresa minera con toda normalidad. Si el gobierno no hace cumplir el estado de emergencia, nosotros, las comunidades originarias, conociendo nuestros derechos haremos cumplir, porque no es posible que algunos estemos acatando y otros est\u00e9n trabajando normalmente\u201d.<\/p>\n<p><img decoding=\"async\" class=\"alignnone size-full wp-image-5583\" src=\"http:\/\/derechosinfronteras.pe\/wp-content\/uploads\/2020\/03\/89819825_3136336863051982_5754457475931701248_n.jpg\" alt=\"\" width=\"679\" height=\"960\" \/><\/p>\n<p>DOBLE ESTADO DE EMERGENCIA<\/p>\n<p>En las zonas de transito de los minerales que pasan por las provincias de Chumbivilcas y Espinar, se vive en estado de emergencia desde hace m\u00e1s de un mes. Esto debido a un decreto supremo emitido por el gobierno para evitar manifestaciones sociales de las comunidades locales, quienes denuncian contaminaci\u00f3n ambiental en la zona y piden la revisi\u00f3n del EIA de Las Bambas, asi como la aprobaci\u00f3n de la carretera del corredor minero, al respecto el comunero Isaias Kana tambi\u00e9n afirma que: \u201cEn la comunidad no nos permiten transitar libremente, la polic\u00eda nos dice ya m\u00e9tanse a sus casas, nos quieren detener, Incluso cuando queremos comprar verduras para la semana, nos dicen que no podemos comprar harto sino poco no m\u00e1s, no olvidemos que particularmente en Urinsaya estamos en estado de emergencia, la polic\u00eda y el ej\u00e9rcito ya estaba aqu\u00ed, el estado de emergencia ya se hab\u00eda prorrogado un mes m\u00e1s, en todo caso tenemos doble emergencia nosotros en la comunidad\u201d.<\/p>\n<p>Esta situaci\u00f3n de vulneraci\u00f3n que viven los pobladores de estas zonas, son ecos tambi\u00e9n de sus representantes, en este caso, la regidora de la Municipalidad Provincial de Espinar, Jenny Huillca dijo: \u201cHago un llamado al gobierno central; soy consciente que la miner\u00eda es un eje central del tema econ\u00f3mico en el pa\u00eds, pero eso no lleva a que seamos irresponsables, en todo caso habr\u00e1 que pedir informes de c\u00f3mo han estado tomando las precauciones con el personal, porque siguen trabajando normalmente. Si bien es cierto, este sector est\u00e1 muy privilegiado por decretos que han sacado posteriormente, no quisi\u00e9ramos que nos perjudiquen a las poblaciones cercanas, ya suficiente con la contaminaci\u00f3n de metales pesados, suficiente con la contaminaci\u00f3n atmosf\u00e9rica que recibimos todos los d\u00edas y ahora esta contaminaci\u00f3n biol\u00f3gica que ellos van a generar en poblaciones que estamos cercanas, en todo caso tendremos que responsabilizar al gobierno central por haber tomado estas medidas.\u201d<\/p>\n<p>Finalmente, Germ\u00e1n Salcedo se sum\u00f3 al llamado al m\u00e1ximo representante del Estado: \u201cQueremos perdir al presidente Martin Vizcarra que pueda coordinar claramente con las empresas mineras, \u00bfDe qu\u00e9 sirve que nosotros nos estemos cuidando, de qu\u00e9 sirve el decreto supremo si las empresas van a seguir transitando con personal de otro sitio? Necesitamos que el presidente Vizcarra pueda poner orden, o \u00bfes que el estado de emergencia es solo para la poblaci\u00f3n m\u00e1s no para estas empresas?\u201d<\/p>\n<p>Como es evidente las empresas mineras, a trav\u00e9s de los gremios empresariales como la CONFIEP y la SNMP, han presionado al gobierno para que los privilegios se mantengan para este sector, los derechos humanos, la vida y la salud de las personas no pueden estar supeditadas solo al aspecto econ\u00f3mico.<\/p>","protected":false},"excerpt":{"rendered":"<p>\u00a0Por Miguel Guti\u00e9rrez Chero &#8211; \u00c1rea de Comunicaciones DHSF La noche del \u00faltimo domingo, los peruanos y peruanas acatamos las disposiciones planteadas por el gobierno para contener la propagaci\u00f3n del Coronavirus. Esto signific\u00f3 un gran sacrificio para muchas familias quienes viven de su trabajo diario. Sin embargo, no todos fuimos medidos con la misma vara. [&hellip;]<\/p>\n","protected":false},"author":1,"featured_media":4092,"comment_status":"open","ping_status":"open","sticky":false,"template":"","format":"standard","meta":{"_monsterinsights_skip_tracking":false,"_monsterinsights_sitenote_active":false,"_monsterinsights_sitenote_note":"","_monsterinsights_sitenote_category":0,"_jetpack_memberships_contains_paid_content":false,"footnotes":"","jetpack_publicize_message":"","jetpack_publicize_feature_enabled":true,"jetpack_social_post_already_shared":false,"jetpack_social_options":{"image_generator_settings":{"template":"highway","default_image_id":0,"font":"","enabled":false},"version":2}},"categories":[1],"tags":[],"class_list":["post-4091","post","type-post","status-publish","format-standard","has-post-thumbnail","hentry","category-sin-categoria"],"blocksy_meta":[],"jetpack_publicize_connections":[],"jetpack_featured_media_url":"https:\/\/derechosinfronteras.pe\/wp-content\/uploads\/2020\/03\/A2.jpg","jetpack_sharing_enabled":true,"jetpack_likes_enabled":true,"_links":{"self":[{"href":"https:\/\/derechosinfronteras.pe\/ingles\/wp-json\/wp\/v2\/posts\/4091","targetHints":{"allow":["GET"]}}],"collection":[{"href":"https:\/\/derechosinfronteras.pe\/ingles\/wp-json\/wp\/v2\/posts"}],"about":[{"href":"https:\/\/derechosinfronteras.pe\/ingles\/wp-json\/wp\/v2\/types\/post"}],"author":[{"embeddable":true,"href":"https:\/\/derechosinfronteras.pe\/ingles\/wp-json\/wp\/v2\/users\/1"}],"replies":[{"embeddable":true,"href":"https:\/\/derechosinfronteras.pe\/ingles\/wp-json\/wp\/v2\/comments?post=4091"}],"version-history":[{"count":0,"href":"https:\/\/derechosinfronteras.pe\/ingles\/wp-json\/wp\/v2\/posts\/4091\/revisions"}],"wp:featuredmedia":[{"embeddable":true,"href":"https:\/\/derechosinfronteras.pe\/ingles\/wp-json\/wp\/v2\/media\/4092"}],"wp:attachment":[{"href":"https:\/\/derechosinfronteras.pe\/ingles\/wp-json\/wp\/v2\/media?parent=4091"}],"wp:term":[{"taxonomy":"category","embeddable":true,"href":"https:\/\/derechosinfronteras.pe\/ingles\/wp-json\/wp\/v2\/categories?post=4091"},{"taxonomy":"post_tag","embeddable":true,"href":"https:\/\/derechosinfronteras.pe\/ingles\/wp-json\/wp\/v2\/tags?post=4091"}],"curies":[{"name":"wp","href":"https:\/\/api.w.org\/{rel}","templated":true}]}}