{"id":4095,"date":"2020-03-17T17:32:27","date_gmt":"2020-03-17T22:32:27","guid":{"rendered":"http:\/\/derechosinfronteras.pe\/?p=5572"},"modified":"2023-12-28T20:35:25","modified_gmt":"2023-12-29T01:35:25","slug":"oficina-del-alto-comisionado-de-la-onu-advierte-a-los-estados-poner-a-los-derechos-humanos-en-el-centro-de-la-respuesta-ante-coronavirus","status":"publish","type":"post","link":"https:\/\/derechosinfronteras.pe\/ingles\/oficina-del-alto-comisionado-de-la-onu-advierte-a-los-estados-poner-a-los-derechos-humanos-en-el-centro-de-la-respuesta-ante-coronavirus\/","title":{"rendered":"Oficina del Alto Comisionado de la ONU advierte a los estados poner a los Derechos Humanos en el centro de la respuesta ante Coronavirus"},"content":{"rendered":"<h3>COVID-19: los Estados no deber\u00edan abusar de medidas de emergencia para suprimir derechos humanos \u2013 expertos\/as de la ONU<\/h3>\n<p>GINEBRA (16 de marzo de 2020) \u2013 Expertos y expertas de derechos humanos de la ONU urgieron hoy a los Estados a evitar extralimitar medidas de seguridad en sus respuestas al brote de coronavirus y les recordaron que los poderes extraordinarios en situaciones de emergencia no deben ser utilizados para anular el disenso.<\/p>\n<p>\u201cSi bien reconocemos la severidad de la actual crisis de salud y que el uso de los poderes extraordinarios en situaciones de emergencia est\u00e1 permitido por la ley internacional en respuesta a amenazas significativas, urgentemente recordamos a los Estados que cualquier respuesta de emergencia al coronavirus debe ser proporcionada, necesaria y no discriminatoria,\u201d dijeron los expertos y las expertas.<\/p>\n<p>Su llamado hace eco del reciente\u00a0llamado de la Alta Comisionada de la ONU\u00a0para los Derechos Humanos de poner los #DerechosHumanos en el centro de la respuesta ante #BroteDeCoronavirus.<\/p>\n<p>Las declaraciones de estados de emergencia, ya sean por razones de seguridad o de salud, tienen claras gu\u00edas en el derecho internacional, dijeron los expertos y las expertas. \u201cEl uso de poderes extraordinarios en situaciones de emergencia debe ser declarado p\u00fablicamente y deber\u00eda ser notificado a los \u00f3rganos de tratado correspondientes cuando derechos fundamentales, que incluyen el movimiento, la vida en familia y la asamblea, se vean significativamente limitados.\u201d<\/p>\n<p>\u201cM\u00e1s a\u00fan, las declaraciones de emergencia basadas en el brote de Covid-19 no deber\u00edan ser usadas como base para atacar grupos particulares, minor\u00edas o individuos. No deber\u00eda funcionar como acci\u00f3n represiva bajo la apariencia de proteger la salud ni deber\u00eda ser utilizado para silenciar el trabajo de quienes defienden derechos humanos.<\/p>\n<p>\u201cLas restricciones definidas para responder al virus deben estar motivadas por objetivos leg\u00edtimos de salud p\u00fablica y no deber\u00edan ser utilizadas solamente para anular el disenso.\u201d<\/p>\n<p>Algunos Estados e instituciones de seguridad podr\u00edan encontrar atractivo el uso de los poderes extraordinarios en situaciones de emergencia pues ofrece atajos, dijeron los expertos y las expertas. \u201cPara prevenir que dichos poderes excesivos se incrusten en los sistemas legales y pol\u00edticos, las restricciones deber\u00edan ser adaptados a la medida y deber\u00edan ser lo menos intrusivas posibles al tiempo que protejan la salud p\u00fablica.\u201d<\/p>\n<p>Finalmente, en pa\u00edses donde el virus vaya en declive, las autoridades deben buscar regresar a la normalidad y evitar el uso excesivo de los poderes en situaciones de emergencia para regular indefinidamente la vida cotidiana, dijeron.<\/p>\n<p>\u201cAlentamos a los Estados a permanecer firmes en mantener un enfoque de derechos humanos para regular esta pandemia, para favorecer el surgimiento de sociedades sanas, con base en el Estado de Derecho y protecciones de derechos humanos,\u201d dijeron los expertos y las expertas de la ONU.<\/p>\n<p>FIN<\/p>\n<p><em>* Los expertos y las expertas de la ONU:\u00a0<\/em><em>La Relatora Especial sobre la promoci\u00f3n y protecci\u00f3n de los derechos humanos y las libertades fundamentales en la lucha contra el terrorismo<\/em><em>, Sra. Fionnuala D. N\u00ed Aol\u00e1in;\u00a0<\/em><em>la\u00a0<\/em><em>Relatora Especial sobre ejecuciones extrajudiciales, sumarias o arbitrarias<\/em><em>, Sra. Agnes Callamard;\u00a0<\/em><em>el Relator Especial sobre la promoci\u00f3n y protecci\u00f3n del derecho a la libertad de opini\u00f3n y de expresi\u00f3n<\/em><em>, Sr. David Kaye;\u00a0<\/em><em>el Relator Especial sobre la situaci\u00f3n de los defensores de los derechos humanos<\/em><em>, Sr. Michel Forst;\u00a0<\/em><em>el Relator sobre el derecho a la libertad de reuni\u00f3n pac\u00edfica y de asociaci\u00f3n<\/em><em>, Sr. Cl\u00e9ment Nyaletsossi Voule;\u00a0<\/em><em>el Relator Especial sobre el derecho de toda persona al disfrute del m\u00e1s alto nivel posible de salud f\u00edsica y mental<\/em><em>, Sr. Daninius P\u00fcras;\u00a0<\/em><em>la Relatora Especial sobre el derecho a la educaci\u00f3n<\/em><em>, Sra. Koumbou Boly Barry;\u00a0<\/em><em>el Relator Especial sobre el derecho a la privacidad<\/em><em>, Sr. Joe Cannataci;\u00a0<\/em><em>el Relator Especial sobre la libertad de religi\u00f3n o de creencias<\/em><em>, Sr. Ahmed Shaheed;\u00a0<\/em><em>el Relator Especial sobre el derecho al desarrollo<\/em><em>, Sr. Saad Alfarargi;\u00a0<\/em><em>la Relatora Especial sobre la vivienda adecuada como elemento integrante del derecho a un nivel de vida adecuado, y sobre el derecho a la no discriminaci\u00f3n en este contexto<\/em><em>, Sra. Leilani Farha;\u00a0<\/em><em>el Relator Especial sobre los derechos humanos al agua potable y el saneamiento<\/em><em>, Sr. L\u00e9o Heller;\u00a0<\/em><em>el Experto independiente sobre los derechos humanos y la solidaridad internacional<\/em><em>, Sr. Obiora C. Okafor;\u00a0<\/em><em>el Experto independiente sobre la promoci\u00f3n de un orden internacional democr\u00e1tico y equitativo<\/em><em>, Sr. Livingstone Sewanyana;\u00a0\u00a0<\/em><em>el Relator Especial sobre la independencia de magistrados y abogados<\/em><em>, Sr. Diego Garc\u00eda-Say\u00e1n;\u00a0<\/em>el Grupo de Trabajo sobre la Detenci\u00f3n Arbitraria<em>: Sr. Jos\u00e9 Antonio Guevara Berm\u00fadez (Presidente), Sra. Leigh Toomey (Vicepresidenta de comunicaciones), Sra. Elina Steinerte (Vicepresidenta de seguimiento), Sr. Seong-Phil Hong y Sr. S\u00e8tondji Adjovi; y\u00a0<\/em>el Grupo de Trabajo sobre Desapariciones Forzadas o Involuntarias<em>: Sr. Luciano Hazan (Relator Presidente), Sr. Tae-Ung Baik (Vicepresidente), Sra. Houria Es-Slami, Sr. Bernard Duhaime y Sr. Henrikas Mickevicius.<\/em><\/p>\n<p><em>Las Relator\u00edas Especiales y los Expertos Independientes son parte de lo que se como\u00a0<\/em><em>Procedimientos Especiales<\/em><em>\u00a0del Consejo de Derechos Humanos. Los Procedimientos Especiales, el m\u00e1s amplio cuerpo de expertos y expertas de derechos humanos en el sistema de Derechos Humanos de la ONU, es el nombre general de los mecanismos independientes del Consejo para investigaci\u00f3n de hechos y monitoreo que atienden ya sea situaciones de pa\u00eds espec\u00edficas o asuntos tem\u00e1ticos en todo el mundo. Los expertos y las expertas de los Procedimientos Especiales trabajan de manera voluntaria; no son parte del staff de la ONU y no reciben salario por su trabajo. Son independientes de cualquier gobierno u organizaci\u00f3n y sirven de manera individual.<\/em><\/p>\n<p><em>Para m\u00e1s consultas y\u00a0<strong>solicitudes de prensa<\/strong>, favor de contactar con Michelle Erazo Mart\u00ednez (+41 22 917 9449 \/\u00a0<\/em><a href=\"mailto:merazo@ohchr.org\"><em>merazo@ohchr.org<\/em><\/a><em>).<\/em><\/p>\n<p><em>Para solicitudes de prensa relacionadas con otros expertos o expertas independientes de la ONU, favor de contactar con Xabier Celaya (+41 22 917 9445 \/\u00a0<\/em><a href=\"mailto:xcelaya@ohchr.org\"><em>xcelaya@ohchr.org<\/em><\/a><em>)<\/em><\/p>\n<p>&nbsp;<\/p>\n<p>V\u00eda: Naciones Unidas Derechos Humanos &#8211; Oficina del Alto Comisionado<\/p>\n<p>Enlace:\u00a0http:\/\/www.oacnudh.org\/covid-19-los-estados-no-deberian-abusar-de-medidas-de-emergencia-para-suprimir-derechos-humanos-expertos-as-de-la-onu\/<\/p>","protected":false},"excerpt":{"rendered":"<p>COVID-19: los Estados no deber\u00edan abusar de medidas de emergencia para suprimir derechos humanos \u2013 expertos\/as de la ONU GINEBRA (16 de marzo de 2020) \u2013 Expertos y expertas de derechos humanos de la ONU urgieron hoy a los Estados a evitar extralimitar medidas de seguridad en sus respuestas al brote de coronavirus y les [&hellip;]<\/p>\n","protected":false},"author":1,"featured_media":4096,"comment_status":"open","ping_status":"open","sticky":false,"template":"","format":"standard","meta":{"_monsterinsights_skip_tracking":false,"_monsterinsights_sitenote_active":false,"_monsterinsights_sitenote_note":"","_monsterinsights_sitenote_category":0,"_jetpack_memberships_contains_paid_content":false,"footnotes":"","jetpack_publicize_message":"","jetpack_publicize_feature_enabled":true,"jetpack_social_post_already_shared":false,"jetpack_social_options":{"image_generator_settings":{"template":"highway","default_image_id":0,"font":"","enabled":false},"version":2}},"categories":[1],"tags":[],"class_list":["post-4095","post","type-post","status-publish","format-standard","has-post-thumbnail","hentry","category-sin-categoria"],"blocksy_meta":[],"jetpack_publicize_connections":[],"jetpack_featured_media_url":"https:\/\/derechosinfronteras.pe\/wp-content\/uploads\/2020\/03\/logo_oacnudh.jpeg","jetpack_sharing_enabled":true,"jetpack_likes_enabled":true,"_links":{"self":[{"href":"https:\/\/derechosinfronteras.pe\/ingles\/wp-json\/wp\/v2\/posts\/4095","targetHints":{"allow":["GET"]}}],"collection":[{"href":"https:\/\/derechosinfronteras.pe\/ingles\/wp-json\/wp\/v2\/posts"}],"about":[{"href":"https:\/\/derechosinfronteras.pe\/ingles\/wp-json\/wp\/v2\/types\/post"}],"author":[{"embeddable":true,"href":"https:\/\/derechosinfronteras.pe\/ingles\/wp-json\/wp\/v2\/users\/1"}],"replies":[{"embeddable":true,"href":"https:\/\/derechosinfronteras.pe\/ingles\/wp-json\/wp\/v2\/comments?post=4095"}],"version-history":[{"count":19,"href":"https:\/\/derechosinfronteras.pe\/ingles\/wp-json\/wp\/v2\/posts\/4095\/revisions"}],"predecessor-version":[{"id":7067,"href":"https:\/\/derechosinfronteras.pe\/ingles\/wp-json\/wp\/v2\/posts\/4095\/revisions\/7067"}],"wp:featuredmedia":[{"embeddable":true,"href":"https:\/\/derechosinfronteras.pe\/ingles\/wp-json\/wp\/v2\/media\/4096"}],"wp:attachment":[{"href":"https:\/\/derechosinfronteras.pe\/ingles\/wp-json\/wp\/v2\/media?parent=4095"}],"wp:term":[{"taxonomy":"category","embeddable":true,"href":"https:\/\/derechosinfronteras.pe\/ingles\/wp-json\/wp\/v2\/categories?post=4095"},{"taxonomy":"post_tag","embeddable":true,"href":"https:\/\/derechosinfronteras.pe\/ingles\/wp-json\/wp\/v2\/tags?post=4095"}],"curies":[{"name":"wp","href":"https:\/\/api.w.org\/{rel}","templated":true}]}}