{"id":4097,"date":"2020-03-11T13:24:46","date_gmt":"2020-03-11T18:24:46","guid":{"rendered":"http:\/\/derechosinfronteras.pe\/?p=5566"},"modified":"2020-03-11T13:24:46","modified_gmt":"2020-03-11T18:24:46","slug":"cusco-sobrevivientes-de-esterilizaciones-forzadas-se-articulan-para-exigir-justicia","status":"publish","type":"post","link":"https:\/\/derechosinfronteras.pe\/ingles\/cusco-sobrevivientes-de-esterilizaciones-forzadas-se-articulan-para-exigir-justicia\/","title":{"rendered":"Cusco: Sobrevivientes de esterilizaciones forzadas se articulan para exigir justicia"},"content":{"rendered":"<p>11 de marzo. Entre hoy y ma\u00f1ana, mujeres sobrevivientes a las esterilizaciones forzadas promovidas por Alberto Fujimori llevar\u00e1n a cabo un encuentro para informarse sobre los avances del proceso judicial que iniciaron en contra del Ex Presidente del Per\u00fa. En este espacio participan mujeres de Anta,\u00a0 Chumbivilcas, Paucartambo, Paruro y Sicuani.<\/p>\n<p>Este encuentro busca contribuir al intercambio de informaci\u00f3n sobre el estado actual de los procesos en el sistema de justicia, formular propuestas colectivas que aporten a la elaboraci\u00f3n de una pol\u00edtica integral de reparaci\u00f3n y contribuir al fortalecimiento organizacional de las asociaciones de las mujeres en su camino de verdad, justicia y reparaci\u00f3n.<\/p>\n<p>Adem\u00e1s, durante estos d\u00edas tambi\u00e9n podr\u00e1n compartir avances y desaf\u00edos respecto al Registro de Victimas de Esterilizaciones Forzadas (REVIESFO), sobre pol\u00edticas de reparaci\u00f3n en materias de salud, justicia y derechos humanos; adem\u00e1s tendr\u00e1n una reuni\u00f3n con Rocio Silva Santisteban, ex secretaria ejecutiva de la Coordinadora Nacional de Derechos Humanos (CNDDHH) y actual congresista electa por Lima.<\/p>\n<p>Cabe recordar que en noviembre del 2018 el Ministerio P\u00fablico formaliz\u00f3 la denuncia en contra de Fujimori y sus ministros de Salud. El pr\u00f3ximo 20 de marzo se realizar\u00e1 la audiencia de sustentaci\u00f3n de la denuncia ante el Poder Judicial, sin embargo, debido a que son 1307 mujeres denunciantes de diferentes regiones del Per\u00fa, principalmente de Piura y Cusco, se han tardado mucho en notificar a todas.<\/p>\n<p>En esta audiencia, deber\u00edan estar presentes Marino Costa Bauer, Eduardo Yong y Alejandro Aguinaga, ex ministros del gobierno de Fujimori, quienes promovieron las esterilizaciones forzadas, en las zonas m\u00e1s pobres del pa\u00eds.<\/p>\n<p>Este proceso de acompa\u00f1amiento y de defensa legal, la est\u00e1n asumiendo DEMUS, IDL y Derechos Humanos sin Fronteras de Cusco.<\/p>","protected":false},"excerpt":{"rendered":"<p>11 de marzo. Entre hoy y ma\u00f1ana, mujeres sobrevivientes a las esterilizaciones forzadas promovidas por Alberto Fujimori llevar\u00e1n a cabo un encuentro para informarse sobre los avances del proceso judicial que iniciaron en contra del Ex Presidente del Per\u00fa. En este espacio participan mujeres de Anta,\u00a0 Chumbivilcas, Paucartambo, Paruro y Sicuani. Este encuentro busca contribuir [&hellip;]<\/p>\n","protected":false},"author":1,"featured_media":4098,"comment_status":"open","ping_status":"open","sticky":false,"template":"","format":"standard","meta":{"_monsterinsights_skip_tracking":false,"_monsterinsights_sitenote_active":false,"_monsterinsights_sitenote_note":"","_monsterinsights_sitenote_category":0,"_jetpack_memberships_contains_paid_content":false,"footnotes":"","jetpack_publicize_message":"","jetpack_publicize_feature_enabled":true,"jetpack_social_post_already_shared":false,"jetpack_social_options":{"image_generator_settings":{"template":"highway","default_image_id":0,"font":"","enabled":false},"version":2}},"categories":[1],"tags":[],"class_list":["post-4097","post","type-post","status-publish","format-standard","has-post-thumbnail","hentry","category-sin-categoria"],"blocksy_meta":[],"jetpack_publicize_connections":[],"jetpack_featured_media_url":"https:\/\/derechosinfronteras.pe\/wp-content\/uploads\/2020\/03\/IMG_5114-3.jpg","jetpack_sharing_enabled":true,"jetpack_likes_enabled":true,"_links":{"self":[{"href":"https:\/\/derechosinfronteras.pe\/ingles\/wp-json\/wp\/v2\/posts\/4097","targetHints":{"allow":["GET"]}}],"collection":[{"href":"https:\/\/derechosinfronteras.pe\/ingles\/wp-json\/wp\/v2\/posts"}],"about":[{"href":"https:\/\/derechosinfronteras.pe\/ingles\/wp-json\/wp\/v2\/types\/post"}],"author":[{"embeddable":true,"href":"https:\/\/derechosinfronteras.pe\/ingles\/wp-json\/wp\/v2\/users\/1"}],"replies":[{"embeddable":true,"href":"https:\/\/derechosinfronteras.pe\/ingles\/wp-json\/wp\/v2\/comments?post=4097"}],"version-history":[{"count":0,"href":"https:\/\/derechosinfronteras.pe\/ingles\/wp-json\/wp\/v2\/posts\/4097\/revisions"}],"wp:featuredmedia":[{"embeddable":true,"href":"https:\/\/derechosinfronteras.pe\/ingles\/wp-json\/wp\/v2\/media\/4098"}],"wp:attachment":[{"href":"https:\/\/derechosinfronteras.pe\/ingles\/wp-json\/wp\/v2\/media?parent=4097"}],"wp:term":[{"taxonomy":"category","embeddable":true,"href":"https:\/\/derechosinfronteras.pe\/ingles\/wp-json\/wp\/v2\/categories?post=4097"},{"taxonomy":"post_tag","embeddable":true,"href":"https:\/\/derechosinfronteras.pe\/ingles\/wp-json\/wp\/v2\/tags?post=4097"}],"curies":[{"name":"wp","href":"https:\/\/api.w.org\/{rel}","templated":true}]}}