{"id":4099,"date":"2020-03-10T16:46:39","date_gmt":"2020-03-10T21:46:39","guid":{"rendered":"http:\/\/derechosinfronteras.pe\/?p=5562"},"modified":"2020-03-10T16:46:39","modified_gmt":"2020-03-10T21:46:39","slug":"cusco-organizaciones-juveniles-se-reunieron-en-ii-foro-regional","status":"publish","type":"post","link":"https:\/\/derechosinfronteras.pe\/ingles\/cusco-organizaciones-juveniles-se-reunieron-en-ii-foro-regional\/","title":{"rendered":"Cusco: Organizaciones juveniles se reunieron en II Foro Regional"},"content":{"rendered":"<p>El pasado fin de semana -07 y 08 de marzo- diferentes organizaciones juveniles de las trece provincias del Cusco se reuni\u00f3n en el II Foro Regional de la Juventud. Esta vez la sede fue en Paruro.<\/p>\n<p>Dicho Foro tuvo diferentes espacios de debate y di\u00e1logo para reflexiones sobre Organizaciones sociales y el Estado; Justicia y derechos humanos, Criminalizaci\u00f3n de la protesta social; Desarrollo Econ\u00f3mico y Visi\u00f3n del Territorio y la Agroecolog\u00eda como una opci\u00f3n de vida.<\/p>\n<p>Con exposiciones, mesas y grupos de trabajo, plenarias y discusiones, las y los j\u00f3venes asistentes reflexionaron sobre la real situaci\u00f3n que enfrentan como grupo vulnerable, principalmente en las zonas m\u00e1s pobres de Cusco, o donde las actividades extractivas est\u00e1n presentes.<\/p>\n<p>Este espacio de encuentro ha permitido una mayor vinculaci\u00f3n de las autoridades gubernamentales, pues algunos alcaldes estuvieron presentes, incluso la Municipalidad Provincial de Paruro present\u00f3 la ordenanza municipal que promueve la creaci\u00f3n de una oficina en favor de los j\u00f3venes y las mujeres, una exigencia de las organizaciones sociales desde hace algunos a\u00f1os.<\/p>\n<p>Cabe se\u00f1alar que la nueva oficina en menci\u00f3n tendr\u00e1 como responsabilidad promover el enfoque de g\u00e9nero en todas las gerencias municipales; formular intervenciones vinculadas a la promoci\u00f3n de derechos de las mujeres y de la juventud; monitorear la atenci\u00f3n a mujeres v\u00edctimas de violencia con el CEM, PNP y Ministerio P\u00fablico; Coordinar acciones y propuestas con las organizaciones juveniles y de mujeres y promover oportunidades laborales.<\/p>\n<p>La apuesta de las organizaciones juveniles es seguir teniendo este tipo de Foros que les permite articular sus agendas y demandas, y conocer tambi\u00e9n la realidad que viven otras provincias, distritos y comunidades. En ese sentido, la pr\u00f3xima sede ser\u00e1 en la provincia cusque\u00f1a de Quispicanchis.<\/p>\n<p>&nbsp;<\/p>","protected":false},"excerpt":{"rendered":"<p>El pasado fin de semana -07 y 08 de marzo- diferentes organizaciones juveniles de las trece provincias del Cusco se reuni\u00f3n en el II Foro Regional de la Juventud. Esta vez la sede fue en Paruro. Dicho Foro tuvo diferentes espacios de debate y di\u00e1logo para reflexiones sobre Organizaciones sociales y el Estado; Justicia y [&hellip;]<\/p>\n","protected":false},"author":1,"featured_media":4100,"comment_status":"open","ping_status":"open","sticky":false,"template":"","format":"standard","meta":{"_monsterinsights_skip_tracking":false,"_monsterinsights_sitenote_active":false,"_monsterinsights_sitenote_note":"","_monsterinsights_sitenote_category":0,"_jetpack_memberships_contains_paid_content":false,"footnotes":"","jetpack_publicize_message":"","jetpack_publicize_feature_enabled":true,"jetpack_social_post_already_shared":false,"jetpack_social_options":{"image_generator_settings":{"template":"highway","default_image_id":0,"font":"","enabled":false},"version":2}},"categories":[1],"tags":[],"class_list":["post-4099","post","type-post","status-publish","format-standard","has-post-thumbnail","hentry","category-sin-categoria"],"blocksy_meta":[],"jetpack_publicize_connections":[],"jetpack_featured_media_url":"https:\/\/derechosinfronteras.pe\/wp-content\/uploads\/2020\/03\/jovenes3.jpg","jetpack_sharing_enabled":true,"jetpack_likes_enabled":true,"_links":{"self":[{"href":"https:\/\/derechosinfronteras.pe\/ingles\/wp-json\/wp\/v2\/posts\/4099","targetHints":{"allow":["GET"]}}],"collection":[{"href":"https:\/\/derechosinfronteras.pe\/ingles\/wp-json\/wp\/v2\/posts"}],"about":[{"href":"https:\/\/derechosinfronteras.pe\/ingles\/wp-json\/wp\/v2\/types\/post"}],"author":[{"embeddable":true,"href":"https:\/\/derechosinfronteras.pe\/ingles\/wp-json\/wp\/v2\/users\/1"}],"replies":[{"embeddable":true,"href":"https:\/\/derechosinfronteras.pe\/ingles\/wp-json\/wp\/v2\/comments?post=4099"}],"version-history":[{"count":0,"href":"https:\/\/derechosinfronteras.pe\/ingles\/wp-json\/wp\/v2\/posts\/4099\/revisions"}],"wp:featuredmedia":[{"embeddable":true,"href":"https:\/\/derechosinfronteras.pe\/ingles\/wp-json\/wp\/v2\/media\/4100"}],"wp:attachment":[{"href":"https:\/\/derechosinfronteras.pe\/ingles\/wp-json\/wp\/v2\/media?parent=4099"}],"wp:term":[{"taxonomy":"category","embeddable":true,"href":"https:\/\/derechosinfronteras.pe\/ingles\/wp-json\/wp\/v2\/categories?post=4099"},{"taxonomy":"post_tag","embeddable":true,"href":"https:\/\/derechosinfronteras.pe\/ingles\/wp-json\/wp\/v2\/tags?post=4099"}],"curies":[{"name":"wp","href":"https:\/\/api.w.org\/{rel}","templated":true}]}}