{"id":4101,"date":"2020-03-09T18:48:10","date_gmt":"2020-03-09T23:48:10","guid":{"rendered":"http:\/\/derechosinfronteras.pe\/?p=5559"},"modified":"2020-03-09T18:48:10","modified_gmt":"2020-03-09T23:48:10","slug":"corredor-minero-del-sur-ejecutivo-prorroga-estado-de-emergencia","status":"publish","type":"post","link":"https:\/\/derechosinfronteras.pe\/ingles\/corredor-minero-del-sur-ejecutivo-prorroga-estado-de-emergencia\/","title":{"rendered":"Corredor minero del Sur: Ejecutivo prorroga estado de emergencia"},"content":{"rendered":"<p>El pasado 07 de marzo, con\u00a0<strong>Decreto Supremo N\u00ba 43-2020-PCM<\/strong>, el gobierno prorrog\u00f3 por un plazo de 30 d\u00edas calendarios, el estado de emergencia en el corredor minero del sur. Como lo se\u00f1ala el documento, la declaratoria es para un sector de la v\u00eda: \u2018el Estado de Emergencia en parte del\u00a0Corredor Vial Apur\u00edmac &#8211; Cusco &#8211; Arequipa, incluyendo los\u00a0quinientos metros adyacentes a cada lado de la v\u00eda, en los\u00a0tramos comprendidos por el distrito de <strong>Coporaque de la\u00a0provincia de Espinar<\/strong> y por el distrito de <strong>Ccapacmarca de\u00a0la provincia de Chumbivilcas<\/strong>, del departamento de Cusco,\u00a0disponi\u00e9ndose que la Polic\u00eda Nacional del Per\u00fa mantenga\u00a0el control del orden interno, con el apoyo de las Fuerzas\u00a0Armadas; \u2019. Esta nueva medida empez\u00f3 desde el 27 de febrero.<\/p>\n<p>Esta medida aplicada para Apur\u00edmac, Cusco y Arequipa de declarar estados de emergencia bajo la figura \u201cpreventiva\u201d, ya se ha convertido en una hecho reiterativo, siendo contrario al respeto de los derechos humanos, el Estado de derecho y la democracia. A pesar de los esfuerzos de las comunidades y organizaciones sociales de base de generar espacios de di\u00e1logo, el Estado insiste en militarizar la zona para garantizar la producci\u00f3n minera.<\/p>\n<p><strong>\u00bfQu\u00e9 implica un estado de emergencia?<\/strong><\/p>\n<p>Seg\u00fan lo que dicta nuestra Constituci\u00f3n, la declaratoria de un Estado de Emergencia deja abierta la posibilidad de suspender o restringir -todos o alguno- de los siguientes derechos:<\/p>\n<p><strong>*Libertad y seguridad personal:<\/strong>\u00a0Las detenciones pueden ocurrir sin flagrancia o sin mandato judicial. Las acciones de habeas corpus en relaci\u00f3n a personas detenidas ser\u00e1n declaradas improcedentes.<\/p>\n<p><strong>*Inviolabilidad de domicilio:<\/strong>\u00a0Las PNP y\/o Fuerzas Armadas pueden ingresar a cualquier domicilio sin mandato judicial o flagrancia.<\/p>\n<p><strong>*Libertad de Reuni\u00f3n:<\/strong>\u00a0Se suspenden todo tipo de reuniones.<\/p>\n<p><strong>*Libertad de Tr\u00e1nsito:<\/strong>\u00a0Se puede suspender la libertad de circular en ciertos lugares y\/o en ciertos horarios (No es lo mismo que un \u2018Toque de queda\u2019)<\/p>\n<p><iframe style=\"border: none; overflow: hidden;\" src=\"https:\/\/www.facebook.com\/plugins\/post.php?href=https%3A%2F%2Fwww.facebook.com%2Fderechossinfronteras.pe%2Fposts%2F1337506013034590%3A0&amp;width=500\" width=\"500\" height=\"652\" frameborder=\"0\" scrolling=\"no\"><\/iframe><\/p>","protected":false},"excerpt":{"rendered":"<p>El pasado 07 de marzo, con\u00a0Decreto Supremo N\u00ba 43-2020-PCM, el gobierno prorrog\u00f3 por un plazo de 30 d\u00edas calendarios, el estado de emergencia en el corredor minero del sur. Como lo se\u00f1ala el documento, la declaratoria es para un sector de la v\u00eda: \u2018el Estado de Emergencia en parte del\u00a0Corredor Vial Apur\u00edmac &#8211; Cusco &#8211; [&hellip;]<\/p>\n","protected":false},"author":1,"featured_media":4102,"comment_status":"open","ping_status":"open","sticky":false,"template":"","format":"standard","meta":{"_monsterinsights_skip_tracking":false,"_monsterinsights_sitenote_active":false,"_monsterinsights_sitenote_note":"","_monsterinsights_sitenote_category":0,"_jetpack_memberships_contains_paid_content":false,"footnotes":"","jetpack_publicize_message":"","jetpack_publicize_feature_enabled":true,"jetpack_social_post_already_shared":false,"jetpack_social_options":{"image_generator_settings":{"template":"highway","default_image_id":0,"font":"","enabled":false},"version":2}},"categories":[1],"tags":[],"class_list":["post-4101","post","type-post","status-publish","format-standard","has-post-thumbnail","hentry","category-sin-categoria"],"blocksy_meta":[],"jetpack_publicize_connections":[],"jetpack_featured_media_url":"https:\/\/derechosinfronteras.pe\/wp-content\/uploads\/2020\/02\/FB_IMG_1581184288628.jpg","jetpack_sharing_enabled":true,"jetpack_likes_enabled":true,"_links":{"self":[{"href":"https:\/\/derechosinfronteras.pe\/ingles\/wp-json\/wp\/v2\/posts\/4101","targetHints":{"allow":["GET"]}}],"collection":[{"href":"https:\/\/derechosinfronteras.pe\/ingles\/wp-json\/wp\/v2\/posts"}],"about":[{"href":"https:\/\/derechosinfronteras.pe\/ingles\/wp-json\/wp\/v2\/types\/post"}],"author":[{"embeddable":true,"href":"https:\/\/derechosinfronteras.pe\/ingles\/wp-json\/wp\/v2\/users\/1"}],"replies":[{"embeddable":true,"href":"https:\/\/derechosinfronteras.pe\/ingles\/wp-json\/wp\/v2\/comments?post=4101"}],"version-history":[{"count":0,"href":"https:\/\/derechosinfronteras.pe\/ingles\/wp-json\/wp\/v2\/posts\/4101\/revisions"}],"wp:featuredmedia":[{"embeddable":true,"href":"https:\/\/derechosinfronteras.pe\/ingles\/wp-json\/wp\/v2\/media\/4102"}],"wp:attachment":[{"href":"https:\/\/derechosinfronteras.pe\/ingles\/wp-json\/wp\/v2\/media?parent=4101"}],"wp:term":[{"taxonomy":"category","embeddable":true,"href":"https:\/\/derechosinfronteras.pe\/ingles\/wp-json\/wp\/v2\/categories?post=4101"},{"taxonomy":"post_tag","embeddable":true,"href":"https:\/\/derechosinfronteras.pe\/ingles\/wp-json\/wp\/v2\/tags?post=4101"}],"curies":[{"name":"wp","href":"https:\/\/api.w.org\/{rel}","templated":true}]}}