{"id":4103,"date":"2020-03-09T18:20:43","date_gmt":"2020-03-09T23:20:43","guid":{"rendered":"http:\/\/derechosinfronteras.pe\/?p=5554"},"modified":"2020-03-09T18:20:43","modified_gmt":"2020-03-09T23:20:43","slug":"paruro-municipalidad-crea-oficina-en-favor-de-las-mujeres","status":"publish","type":"post","link":"https:\/\/derechosinfronteras.pe\/ingles\/paruro-municipalidad-crea-oficina-en-favor-de-las-mujeres\/","title":{"rendered":"Paruro: Municipalidad crea oficina en favor de las mujeres"},"content":{"rendered":"<p>El pasado 06 de marzo del presente a\u00f1o, y con ordenanza municipal N\u00b0 003-2020, la Municipalidad Provincial de Paruro, en Cusco, cre\u00f3 la Divisi\u00f3n de la Mujer y la Juventud, con el objetivo de promover pol\u00edticas p\u00fablicas en favor de los j\u00f3venes y mujeres.<\/p>\n<p>As\u00ed mismo, el documento detalla que el Alcalde, Wilberth\u00a0Villacorta, ordena que dicha divisi\u00f3n se incorpore en el corto plazo al Reglamento de Organizaciones y Funciones (ROF) de la Municipalidad de Paruro.<\/p>\n<p>Cabe se\u00f1alar, que esta acci\u00f3n es resultado de un trabajo articulado de las organizaciones de mujeres y juveniles de los distritos y comunidades de Paruro, quienes han realizado actividades de incidencia con el municipio y sus gerencias.<\/p>\n<p>Esta nueva oficina municipal tendr\u00e1 como responsabilidad promover el enfoque de g\u00e9nero en todas las gerencias municipales; formular intervenciones vinculadas a la promoci\u00f3n de derechos de las mujeres y de la juventud; monitorear la atenci\u00f3n a mujeres v\u00edctimas de violencia con el CEM, PNP y Ministerio P\u00fablico; Coordinar acciones y propuestas con las organizaciones juveniles y de mujeres y promover oportunidades laborales<\/p>\n<p>Dicha resoluci\u00f3n fue entregada p\u00fablicamente en el II Foro Regional de j\u00f3venes de Cusco, llevado este fin de semana en Paruro.<\/p>","protected":false},"excerpt":{"rendered":"<p>El pasado 06 de marzo del presente a\u00f1o, y con ordenanza municipal N\u00b0 003-2020, la Municipalidad Provincial de Paruro, en Cusco, cre\u00f3 la Divisi\u00f3n de la Mujer y la Juventud, con el objetivo de promover pol\u00edticas p\u00fablicas en favor de los j\u00f3venes y mujeres. As\u00ed mismo, el documento detalla que el Alcalde, Wilberth\u00a0Villacorta, ordena que [&hellip;]<\/p>\n","protected":false},"author":1,"featured_media":4104,"comment_status":"open","ping_status":"open","sticky":false,"template":"","format":"standard","meta":{"_monsterinsights_skip_tracking":false,"_monsterinsights_sitenote_active":false,"_monsterinsights_sitenote_note":"","_monsterinsights_sitenote_category":0,"_jetpack_memberships_contains_paid_content":false,"footnotes":"","jetpack_publicize_message":"","jetpack_publicize_feature_enabled":true,"jetpack_social_post_already_shared":false,"jetpack_social_options":{"image_generator_settings":{"template":"highway","default_image_id":0,"font":"","enabled":false},"version":2}},"categories":[1],"tags":[],"class_list":["post-4103","post","type-post","status-publish","format-standard","has-post-thumbnail","hentry","category-sin-categoria"],"blocksy_meta":[],"jetpack_publicize_connections":[],"jetpack_featured_media_url":"https:\/\/derechosinfronteras.pe\/wp-content\/uploads\/2020\/03\/DivisionMujer.jpg","jetpack_sharing_enabled":true,"jetpack_likes_enabled":true,"_links":{"self":[{"href":"https:\/\/derechosinfronteras.pe\/ingles\/wp-json\/wp\/v2\/posts\/4103","targetHints":{"allow":["GET"]}}],"collection":[{"href":"https:\/\/derechosinfronteras.pe\/ingles\/wp-json\/wp\/v2\/posts"}],"about":[{"href":"https:\/\/derechosinfronteras.pe\/ingles\/wp-json\/wp\/v2\/types\/post"}],"author":[{"embeddable":true,"href":"https:\/\/derechosinfronteras.pe\/ingles\/wp-json\/wp\/v2\/users\/1"}],"replies":[{"embeddable":true,"href":"https:\/\/derechosinfronteras.pe\/ingles\/wp-json\/wp\/v2\/comments?post=4103"}],"version-history":[{"count":0,"href":"https:\/\/derechosinfronteras.pe\/ingles\/wp-json\/wp\/v2\/posts\/4103\/revisions"}],"wp:featuredmedia":[{"embeddable":true,"href":"https:\/\/derechosinfronteras.pe\/ingles\/wp-json\/wp\/v2\/media\/4104"}],"wp:attachment":[{"href":"https:\/\/derechosinfronteras.pe\/ingles\/wp-json\/wp\/v2\/media?parent=4103"}],"wp:term":[{"taxonomy":"category","embeddable":true,"href":"https:\/\/derechosinfronteras.pe\/ingles\/wp-json\/wp\/v2\/categories?post=4103"},{"taxonomy":"post_tag","embeddable":true,"href":"https:\/\/derechosinfronteras.pe\/ingles\/wp-json\/wp\/v2\/tags?post=4103"}],"curies":[{"name":"wp","href":"https:\/\/api.w.org\/{rel}","templated":true}]}}