{"id":4105,"date":"2020-03-06T22:17:08","date_gmt":"2020-03-07T03:17:08","guid":{"rendered":"http:\/\/derechosinfronteras.pe\/?p=5547"},"modified":"2020-03-06T22:17:08","modified_gmt":"2020-03-07T03:17:08","slug":"pronunciamiento-de-la-plataforma-nacional-de-afectados-exige-cumplimiento-de-compromisos-al-estado","status":"publish","type":"post","link":"https:\/\/derechosinfronteras.pe\/ingles\/pronunciamiento-de-la-plataforma-nacional-de-afectados-exige-cumplimiento-de-compromisos-al-estado\/","title":{"rendered":"Plataforma Nacional de afectados exige cumplimiento de compromisos al Estado"},"content":{"rendered":"<p style=\"text-align: center;\"><strong>PRONUNCIAMIENTO<\/strong><\/p>\n<p><strong>Plataforma Nacional de Personas Afectadas por Metales, Metaloides y Otras Sustancias Qu\u00edmicas.<\/strong><\/p>\n<p>Somos una plataforma nacional que representa a doce zonas de exposici\u00f3n cr\u00f3nica a metales pesados y otras sustancias t\u00f3xicas,\u00a0<strong>Amazonas:\u00a0<\/strong>Bagua (Imaza, Chiriaco);\u00a0<strong>Ancash<\/strong>: San Marcos, Cajamarca<strong>;\u00a0<\/strong>Bambamarca y Hualgayoc;\u00a0<strong>Cusco:<\/strong>\u00a0Espinar;\u00a0<strong>Jun\u00edn:<\/strong>\u00a0La Oroya \u2013 Jun\u00edn (Ondores), Valle del Mantaro, Chanchamayo;\u00a0<strong>La Libertad:<\/strong>\u00a0Huamachuco, (Shiracmaca, El Toro, Santa Cruz, Paranshique y\u00a0\u00a0 Coigobamba);\u00a0<strong>Lambayeque:\u00a0<\/strong>M\u00f3rrope;\u00a0<strong>Lima:\u00a0<\/strong>Callao;\u00a0<strong>Lima Provincias:<\/strong>\u00a0San Mateo;\u00a0<strong>Moquegua:<\/strong>\u00a0Torata;\u00a0<strong>Pasco:<\/strong>\u00a0Cerro de Pasco;\u00a0<strong>Puno:\u00a0<\/strong>San Rom\u00e1n (Caracoto Juliaca) \u2013 Puno (Capachica, Huata, Coata); en donde nuestras poblaciones sufren los impactos de la contaminaci\u00f3n ambiental (agua, suelo y aire) en su salud, especialmente en entornos mineros, metal\u00fargicos y petroleros.<\/p>\n<p>La contaminaci\u00f3n ambiental ha sido reconocida por el Estado como un problema determinante para la salud de las personas y el medio ambiente; situaci\u00f3n que se viene visibilizando con los casos de los ni\u00f1os y las ni\u00f1as de Pasco, cuyas familias se encuentran acampadas frente al MINSA exigiendo atenci\u00f3n m\u00e9dica especializada.<\/p>\n<p>Considerando que la protecci\u00f3n de la salud es de inter\u00e9s p\u00fablico, demandamos que el Estado atienda la salud de las miles de familias y poblaciones que sufren los efectos de los metales t\u00f3xicos producidos por las actividades mineras, petroleras e industriales altamente contaminantes en el pa\u00eds.<\/p>\n<p>Por tanto, habi\u00e9ndose aprobado los Lineamientos de Pol\u00edtica Sectorial para la Atenci\u00f3n Integral de las personas expuestas a metales pesados, metaloides y otras sustancias qu\u00edmicas (Resoluci\u00f3n Ministerial No. 979-2018 MINSA), que considera la concurrencia de los distintos sectores vinculados a la salud de las poblaciones,\u00a0<strong>exigimos concluir con el proceso de constituci\u00f3n de la Comisi\u00f3n Multisectorial, adscrita a la Presidencia del Consejo de Ministros y<\/strong>\u00a0<strong>que fue ofrecida en el mes de agosto por el propio Viceministro Ra\u00fal Molina en reuni\u00f3n con los voceros y voceras de la Plataforma.<\/strong><\/p>\n<p>Comisi\u00f3n Multisectorial, que ser\u00e1 la encargada de elaborar, implementar y monitorear el Plan Nacional de Atenci\u00f3n Integral a las poblaciones expuestas a fuentes ambientales de metales pesados y otras sustancias qu\u00edmicas t\u00f3xicas; que establezca los objetivos, actividades, presupuestos y responsables del Plan, desde la convergencia y participaci\u00f3n multisectorial e intergubernamental, a favor de los ni\u00f1os y ni\u00f1as, las comunidades y poblaciones expuestas, tomando en cuenta nuestra efectiva participaci\u00f3n como poblaciones afectadas.<\/p>\n<p>6 de marzo del 2020<\/p>\n<p>&nbsp;<\/p>\n<p>Asentamiento Humano Jos\u00e9 Carlos Mari\u00e1tegui- Pasco<\/p>\n<p>Movimiento por la Salud de la Oroya-MOSAO<\/p>\n<p>Organizaciones Zonales de Atenci\u00f3n en Alimentaci\u00f3n y Salud-La Oroya<\/p>\n<p>Red de Promotores y Promotoras Ecol\u00f3gicas de la Regi\u00f3n Jun\u00edn.<\/p>\n<p>Juntas de Usuarios de Riego Mantaro.<\/p>\n<p>Mesa de Di\u00e1logo Ambiental de la Regi\u00f3n Jun\u00edn.<\/p>\n<p>Consejo Regional de la Mujer \u2013 Huancayo<\/p>\n<p>Mesa de Di\u00e1logo de la Mujer \u2013 Huancayo<\/p>\n<p>Comunidad de \u00d3ndores \u2013 Jun\u00edn<\/p>\n<p>CONAMOVIDE \u2013 Tarma<\/p>\n<p>Comit\u00e9 Conservacionista de Villa el Sol en Santa Rosa de Sacco \u2013 Oroya<\/p>\n<p>FEMUCARINAP \u2013 Chanchamayo<\/p>\n<p>Asociaci\u00f3n de Mujeres Defensoras del Territorio y Cultura K\u00b4ana \u2013 Espinar<\/p>\n<p>ONAMIAP<\/p>\n<p>Comunidad Nativa Wachapea -Chiriaco<\/p>\n<p>Comunidad Nativa Pakun- Chiriaco<\/p>\n<p>Comunidad Nativa Nazareth- Chiriaco<\/p>\n<p>Comunidad Nativa Umukay \u2013 Chiriaco<\/p>\n<p>Plataforma Zona Norte Por la Salud Ambiental y Humana \u2013 Lambayeque<\/p>\n<p>Asociaci\u00f3n de Urbanizaciones y Pueblos J\u00f3venes \u2013 AUPE- Espinar<\/p>\n<p>Frente Dignidad Callao.<\/p>\n<p>Municipalidad del Centro Poblado de Paragsha-Pasco.<\/p>\n<p>Plataforma por la Defensa y Promoci\u00f3n del Medio Ambiente de la Cuenca Alta del R\u00edmac<\/p>\n<p>Comuneros de San Mateo de Huanchor \u2013 Huarochiri<\/p>\n<p>Comuneros de San Antonio \u2013 Huarochiri<\/p>\n<p>Junta Vecinal del Asentamiento Humano Cerro Ba\u00fal Torata Moquegua.<\/p>\n<p>Mesa t\u00e9cnica De Salud Ambiental y Humana<\/p>\n<p>Instituto Natura- Ancash<\/p>\n<p>TierrActiva \u2013 Lima<\/p>\n<p>Derecho, Interculturalidad y Ambiente -DIA- Lima<\/p>\n<p>La contaminaci\u00f3n ambiental ha sido reconocida por el Estado como un problema determinante para la salud de las personas y el medio ambiente; situaci\u00f3n que se viene visibilizando con los casos de los ni\u00f1os y las ni\u00f1as de Pasco, cuyas familias se encuentran acampadas frente al MINSA exigiendo atenci\u00f3n m\u00e9dica especializada.<\/p>\n<p>Considerando que la protecci\u00f3n de la salud es de inter\u00e9s p\u00fablico, demandamos que el Estado atienda la salud de las miles de familias y poblaciones que sufren los efectos de los metales t\u00f3xicos producidos por las actividades mineras, petroleras e industriales altamente contaminantes en el pa\u00eds.<\/p>\n<p>Por tanto, habi\u00e9ndose aprobado los Lineamientos de Pol\u00edtica Sectorial para la Atenci\u00f3n Integral de las personas expuestas a metales pesados, metaloides y otras sustancias qu\u00edmicas (Resoluci\u00f3n Ministerial No. 979-2018 MINSA), que considera la concurrencia de los distintos sectores vinculados a la salud de las poblaciones,\u00a0<strong>exigimos concluir con el proceso de constituci\u00f3n de la Comisi\u00f3n Multisectorial, adscrita a la Presidencia del Consejo de Ministros y<\/strong>\u00a0<strong>que fue ofrecida en el mes de agosto por el propio Viceministro Ra\u00fal Molina en reuni\u00f3n con los voceros y voceras de la Plataforma.<\/strong><\/p>\n<p>Comisi\u00f3n Multisectorial, que ser\u00e1 la encargada de elaborar, implementar y monitorear el Plan Nacional de Atenci\u00f3n Integral a las poblaciones expuestas a fuentes ambientales de metales pesados y otras sustancias qu\u00edmicas t\u00f3xicas; que establezca los objetivos, actividades, presupuestos y responsables del Plan, desde la convergencia y participaci\u00f3n multisectorial e intergubernamental, a favor de los ni\u00f1os y ni\u00f1as, las comunidades y poblaciones expuestas, tomando en cuenta nuestra efectiva participaci\u00f3n como poblaciones afectadas.<\/p>\n<p>6 de marzo del 2020<\/p>\n<p>&nbsp;<\/p>\n<p>Asentamiento Humano Jos\u00e9 Carlos Mari\u00e1tegui- Pasco<\/p>\n<p>Movimiento por la Salud de la Oroya-MOSAO<\/p>\n<p>Organizaciones Zonales de Atenci\u00f3n en Alimentaci\u00f3n y Salud-La Oroya<\/p>\n<p>Red de Promotores y Promotoras Ecol\u00f3gicas de la Regi\u00f3n Jun\u00edn.<\/p>\n<p>Juntas de Usuarios de Riego Mantaro.<\/p>\n<p>Mesa de Di\u00e1logo Ambiental de la Regi\u00f3n Jun\u00edn.<\/p>\n<p>Consejo Regional de la Mujer \u2013 Huancayo<\/p>\n<p>Mesa de Di\u00e1logo de la Mujer \u2013 Huancayo<\/p>\n<p>Comunidad de \u00d3ndores \u2013 Jun\u00edn<\/p>\n<p>CONAMOVIDE \u2013 Tarma<\/p>\n<p>Comit\u00e9 Conservacionista de Villa el Sol en Santa Rosa de Sacco \u2013 Oroya<\/p>\n<p>FEMUCARINAP \u2013 Chanchamayo<\/p>\n<p>Asociaci\u00f3n de Mujeres Defensoras del Territorio y Cultura K\u00b4ana \u2013 Espinar<\/p>\n<p>ONAMIAP<\/p>\n<p>Comunidad Nativa Wachapea -Chiriaco<\/p>\n<p>Comunidad Nativa Pakun- Chiriaco<\/p>\n<p>Comunidad Nativa Nazareth- Chiriaco<\/p>\n<p>Comunidad Nativa Umukay \u2013 Chiriaco<\/p>\n<p>Plataforma Zona Norte Por la Salud Ambiental y Humana \u2013 Lambayeque<\/p>\n<p>Asociaci\u00f3n de Urbanizaciones y Pueblos J\u00f3venes \u2013 AUPE- Espinar<\/p>\n<p>Frente Dignidad Callao.<\/p>\n<p>Municipalidad del Centro Poblado de Paragsha-Pasco.<\/p>\n<p>Plataforma por la Defensa y Promoci\u00f3n del Medio Ambiente de la Cuenca Alta del R\u00edmac<\/p>\n<p>Comuneros de San Mateo de Huanchor \u2013 Huarochiri<\/p>\n<p>Comuneros de San Antonio \u2013 Huarochiri<\/p>\n<p>Junta Vecinal del Asentamiento Humano Cerro Ba\u00fal Torata Moquegua.<\/p>\n<p>Mesa t\u00e9cnica De Salud Ambiental y Humana<\/p>\n<p>Instituto Natura- Ancash<\/p>\n<p>TierrActiva \u2013 Lima<\/p>\n<p>Derecho, Interculturalidad y Ambiente -DIA- Lima<\/p>\n<p>La contaminaci\u00f3n ambiental ha sido reconocida por el Estado como un problema determinante para la salud de las personas y el medio ambiente; situaci\u00f3n que se viene visibilizando con los casos de los ni\u00f1os y las ni\u00f1as de Pasco, cuyas familias se encuentran acampadas frente al MINSA exigiendo atenci\u00f3n m\u00e9dica especializada.<\/p>\n<p>Considerando que la protecci\u00f3n de la salud es de inter\u00e9s p\u00fablico, demandamos que el Estado atienda la salud de las miles de familias y poblaciones que sufren los efectos de los metales t\u00f3xicos producidos por las actividades mineras, petroleras e industriales altamente contaminantes en el pa\u00eds.<\/p>\n<p>Por tanto, habi\u00e9ndose aprobado los Lineamientos de Pol\u00edtica Sectorial para la Atenci\u00f3n Integral de las personas expuestas a metales pesados, metaloides y otras sustancias qu\u00edmicas (Resoluci\u00f3n Ministerial No. 979-2018 MINSA), que considera la concurrencia de los distintos sectores vinculados a la salud de las poblaciones,\u00a0<strong>exigimos concluir con el proceso de constituci\u00f3n de la Comisi\u00f3n Multisectorial, adscrita a la Presidencia del Consejo de Ministros y<\/strong>\u00a0<strong>que fue ofrecida en el mes de agosto por el propio Viceministro Ra\u00fal Molina en reuni\u00f3n con los voceros y voceras de la Plataforma.<\/strong><\/p>\n<p>Comisi\u00f3n Multisectorial, que ser\u00e1 la encargada de elaborar, implementar y monitorear el Plan Nacional de Atenci\u00f3n Integral a las poblaciones expuestas a fuentes ambientales de metales pesados y otras sustancias qu\u00edmicas t\u00f3xicas; que establezca los objetivos, actividades, presupuestos y responsables del Plan, desde la convergencia y participaci\u00f3n multisectorial e intergubernamental, a favor de los ni\u00f1os y ni\u00f1as, las comunidades y poblaciones expuestas, tomando en cuenta nuestra efectiva participaci\u00f3n como poblaciones afectadas.<\/p>\n<p style=\"text-align: right;\">6 de marzo del 2020<\/p>\n<p>&nbsp;<\/p>\n<p>Asentamiento Humano Jos\u00e9 Carlos Mari\u00e1tegui- Pasco<\/p>\n<p>Movimiento por la Salud de la Oroya-MOSAO<\/p>\n<p>Organizaciones Zonales de Atenci\u00f3n en Alimentaci\u00f3n y Salud-La Oroya<\/p>\n<p>Red de Promotores y Promotoras Ecol\u00f3gicas de la Regi\u00f3n Jun\u00edn.<\/p>\n<p>Juntas de Usuarios de Riego Mantaro.<\/p>\n<p>Mesa de Di\u00e1logo Ambiental de la Regi\u00f3n Jun\u00edn.<\/p>\n<p>Consejo Regional de la Mujer \u2013 Huancayo<\/p>\n<p>Mesa de Di\u00e1logo de la Mujer \u2013 Huancayo<\/p>\n<p>Comunidad de \u00d3ndores \u2013 Jun\u00edn<\/p>\n<p>CONAMOVIDE \u2013 Tarma<\/p>\n<p>Comit\u00e9 Conservacionista de Villa el Sol en Santa Rosa de Sacco \u2013 Oroya<\/p>\n<p>FEMUCARINAP \u2013 Chanchamayo<\/p>\n<p>Asociaci\u00f3n de Mujeres Defensoras del Territorio y Cultura K\u00b4ana \u2013 Espinar<\/p>\n<p>ONAMIAP<\/p>\n<p>Comunidad Nativa Wachapea -Chiriaco<\/p>\n<p>Comunidad Nativa Pakun- Chiriaco<\/p>\n<p>Comunidad Nativa Nazareth- Chiriaco<\/p>\n<p>Comunidad Nativa Umukay \u2013 Chiriaco<\/p>\n<p>Plataforma Zona Norte Por la Salud Ambiental y Humana \u2013 Lambayeque<\/p>\n<p>Asociaci\u00f3n de Urbanizaciones y Pueblos J\u00f3venes \u2013 AUPE- Espinar<\/p>\n<p>Frente Dignidad Callao.<\/p>\n<p>Municipalidad del Centro Poblado de Paragsha-Pasco.<\/p>\n<p>Plataforma por la Defensa y Promoci\u00f3n del Medio Ambiente de la Cuenca Alta del R\u00edmac<\/p>\n<p>Comuneros de San Mateo de Huanchor \u2013 Huarochiri<\/p>\n<p>Comuneros de San Antonio \u2013 Huarochiri<\/p>\n<p>Junta Vecinal del Asentamiento Humano Cerro Ba\u00fal Torata Moquegua.<\/p>\n<p>Mesa t\u00e9cnica De Salud Ambiental y Humana<\/p>\n<p>Instituto Natura- Ancash<\/p>\n<p>TierrActiva \u2013 Lima<\/p>\n<p>Derecho, Interculturalidad y Ambiente -DIA- Lima<\/p>","protected":false},"excerpt":{"rendered":"<p>PRONUNCIAMIENTO Plataforma Nacional de Personas Afectadas por Metales, Metaloides y Otras Sustancias Qu\u00edmicas. Somos una plataforma nacional que representa a doce zonas de exposici\u00f3n cr\u00f3nica a metales pesados y otras sustancias t\u00f3xicas,\u00a0Amazonas:\u00a0Bagua (Imaza, Chiriaco);\u00a0Ancash: San Marcos, Cajamarca;\u00a0Bambamarca y Hualgayoc;\u00a0Cusco:\u00a0Espinar;\u00a0Jun\u00edn:\u00a0La Oroya \u2013 Jun\u00edn (Ondores), Valle del Mantaro, Chanchamayo;\u00a0La Libertad:\u00a0Huamachuco, (Shiracmaca, El Toro, Santa Cruz, Paranshique y\u00a0\u00a0 [&hellip;]<\/p>\n","protected":false},"author":1,"featured_media":4106,"comment_status":"open","ping_status":"open","sticky":false,"template":"","format":"standard","meta":{"_monsterinsights_skip_tracking":false,"_monsterinsights_sitenote_active":false,"_monsterinsights_sitenote_note":"","_monsterinsights_sitenote_category":0,"_jetpack_memberships_contains_paid_content":false,"footnotes":"","jetpack_publicize_message":"","jetpack_publicize_feature_enabled":true,"jetpack_social_post_already_shared":false,"jetpack_social_options":{"image_generator_settings":{"template":"highway","default_image_id":0,"font":"","enabled":false},"version":2}},"categories":[1],"tags":[],"class_list":["post-4105","post","type-post","status-publish","format-standard","has-post-thumbnail","hentry","category-sin-categoria"],"blocksy_meta":[],"jetpack_publicize_connections":[],"jetpack_featured_media_url":"https:\/\/derechosinfronteras.pe\/wp-content\/uploads\/2020\/03\/87473364_2849090005180616_806081278884446208_n.jpg","jetpack_sharing_enabled":true,"jetpack_likes_enabled":true,"_links":{"self":[{"href":"https:\/\/derechosinfronteras.pe\/ingles\/wp-json\/wp\/v2\/posts\/4105","targetHints":{"allow":["GET"]}}],"collection":[{"href":"https:\/\/derechosinfronteras.pe\/ingles\/wp-json\/wp\/v2\/posts"}],"about":[{"href":"https:\/\/derechosinfronteras.pe\/ingles\/wp-json\/wp\/v2\/types\/post"}],"author":[{"embeddable":true,"href":"https:\/\/derechosinfronteras.pe\/ingles\/wp-json\/wp\/v2\/users\/1"}],"replies":[{"embeddable":true,"href":"https:\/\/derechosinfronteras.pe\/ingles\/wp-json\/wp\/v2\/comments?post=4105"}],"version-history":[{"count":0,"href":"https:\/\/derechosinfronteras.pe\/ingles\/wp-json\/wp\/v2\/posts\/4105\/revisions"}],"wp:featuredmedia":[{"embeddable":true,"href":"https:\/\/derechosinfronteras.pe\/ingles\/wp-json\/wp\/v2\/media\/4106"}],"wp:attachment":[{"href":"https:\/\/derechosinfronteras.pe\/ingles\/wp-json\/wp\/v2\/media?parent=4105"}],"wp:term":[{"taxonomy":"category","embeddable":true,"href":"https:\/\/derechosinfronteras.pe\/ingles\/wp-json\/wp\/v2\/categories?post=4105"},{"taxonomy":"post_tag","embeddable":true,"href":"https:\/\/derechosinfronteras.pe\/ingles\/wp-json\/wp\/v2\/tags?post=4105"}],"curies":[{"name":"wp","href":"https:\/\/api.w.org\/{rel}","templated":true}]}}